{"id":33037,"date":"2020-08-18T16:01:34","date_gmt":"2020-08-18T16:01:34","guid":{"rendered":"https:\/\/jorgezanoni.com.br\/2019\/?p=33037"},"modified":"2020-08-18T16:01:34","modified_gmt":"2020-08-18T16:01:34","slug":"secretaria-de-saude-de-dracena-registra-a-11a-morte-causada-pela-covid-19","status":"publish","type":"post","link":"https:\/\/jorgezanoni.com.br\/2019\/secretaria-de-saude-de-dracena-registra-a-11a-morte-causada-pela-covid-19\/","title":{"rendered":"Secretaria de Sa\u00fade de Dracena registra a 11\u00aa morte causada pela Covid-19"},"content":{"rendered":"<h2 class=\"content-head__subtitle\" style=\"text-align: justify;\"><strong>V\u00edtima \u00e9 uma moradora de 55 anos, que morreu no dia 8 de agosto, no Hospital Regional (HR), em Presidente Prudente.<\/strong><\/h2>\n<div class=\"mc-column content-text active-extra-styles \" data-block-type=\"unstyled\" data-block-weight=\"28\" data-block-id=\"2\">\n<p class=\"content-text__container \" style=\"text-align: justify;\" data-track-category=\"Link no Texto\" data-track-links=\"\">A Prefeitura de\u00a0<a href=\"https:\/\/g1.globo.com\/sp\/presidente-prudente-regiao\/cidade\/dracena\/\">Dracena<\/a>\u00a0registrou mais uma morte causada pela Covid-19. Nesta ter\u00e7a-feira (18), o munic\u00edpio informou o 11\u00ba \u00f3bito. A v\u00edtima \u00e9 uma moradora de 55 anos.<\/p>\n<\/div>\n<div class=\"wall protected-content\">\n<div class=\"mc-column content-text active-extra-styles \" style=\"text-align: justify;\" data-block-type=\"unstyled\" data-block-weight=\"55\" data-block-id=\"3\">\n<p class=\"content-text__container \" data-track-category=\"Link no Texto\" data-track-links=\"\">De acordo com o Poder Executivo, a mulher morreu no dia 8 de agosto e estava internada no Hospital Regional (HR), em\u00a0<a href=\"https:\/\/g1.globo.com\/sp\/presidente-prudente-regiao\/cidade\/presidente-prudente\/\">Presidente Prudente<\/a>, desde o dia 30 de julho. A Secretaria Municipal de Sa\u00fade e Higiene P\u00fablica salientou que recebeu o laudo do exame com o resultado positivo do HR somente nesta segunda-feira (17).<\/p>\n<\/div>\n<div class=\"mc-column content-text active-extra-styles \" data-block-type=\"unstyled\" data-block-weight=\"28\" data-block-id=\"4\">\n<p class=\"content-text__container \" style=\"text-align: justify;\" data-track-category=\"Link no Texto\" data-track-links=\"\">At\u00e9 esta segunda-feira (17), o munic\u00edpio j\u00e1 registrou 432 confirma\u00e7\u00f5es da doen\u00e7a, sendo que 311 pessoas j\u00e1 est\u00e3o curadas. A Prefeitura tamb\u00e9m aguarda os resultados de 38 exames.<\/p>\n<p style=\"text-align: justify;\" data-track-category=\"Link no Texto\" data-track-links=\"\">Fonte: G1<\/p>\n<\/div>\n<\/div>\n","protected":false},"excerpt":{"rendered":"<p>V\u00edtima \u00e9 uma moradora de 55 anos, que morreu no dia 8 de agosto, no Hospital Regional (HR), em Presidente Prudente. A Prefeitura de\u00a0Dracena\u00a0registrou mais uma morte causada pela Covid-19. Nesta ter\u00e7a-feira (18), o munic\u00edpio informou o 11\u00ba \u00f3bito. A v\u00edtima \u00e9 uma moradora de 55 anos. De acordo com o Poder Executivo, a mulher [&hellip;]<\/p>\n","protected":false},"author":1,"featured_media":33038,"comment_status":"closed","ping_status":"open","sticky":false,"template":"","format":"standard","meta":{"footnotes":""},"categories":[179,184,110],"tags":[],"class_list":["post-33037","post","type-post","status-publish","format-standard","has-post-thumbnail","hentry","category-cidadeseregiao","category-dracena","category-noticiasdestaque"],"_links":{"self":[{"href":"https:\/\/jorgezanoni.com.br\/2019\/wp-json\/wp\/v2\/posts\/33037","targetHints":{"allow":["GET"]}}],"collection":[{"href":"https:\/\/jorgezanoni.com.br\/2019\/wp-json\/wp\/v2\/posts"}],"about":[{"href":"https:\/\/jorgezanoni.com.br\/2019\/wp-json\/wp\/v2\/types\/post"}],"author":[{"embeddable":true,"href":"https:\/\/jorgezanoni.com.br\/2019\/wp-json\/wp\/v2\/users\/1"}],"replies":[{"embeddable":true,"href":"https:\/\/jorgezanoni.com.br\/2019\/wp-json\/wp\/v2\/comments?post=33037"}],"version-history":[{"count":0,"href":"https:\/\/jorgezanoni.com.br\/2019\/wp-json\/wp\/v2\/posts\/33037\/revisions"}],"wp:featuredmedia":[{"embeddable":true,"href":"https:\/\/jorgezanoni.com.br\/2019\/wp-json\/wp\/v2\/media\/33038"}],"wp:attachment":[{"href":"https:\/\/jorgezanoni.com.br\/2019\/wp-json\/wp\/v2\/media?parent=33037"}],"wp:term":[{"taxonomy":"category","embeddable":true,"href":"https:\/\/jorgezanoni.com.br\/2019\/wp-json\/wp\/v2\/categories?post=33037"},{"taxonomy":"post_tag","embeddable":true,"href":"https:\/\/jorgezanoni.com.br\/2019\/wp-json\/wp\/v2\/tags?post=33037"}],"curies":[{"name":"wp","href":"https:\/\/api.w.org\/{rel}","templated":true}]}}