{"id":33034,"date":"2020-08-18T15:49:36","date_gmt":"2020-08-18T15:49:36","guid":{"rendered":"https:\/\/jorgezanoni.com.br\/2019\/?p=33034"},"modified":"2020-08-18T15:49:36","modified_gmt":"2020-08-18T15:49:36","slug":"acusado-de-estuprar-e-engravidar-menina-de-10-anos-e-preso","status":"publish","type":"post","link":"https:\/\/jorgezanoni.com.br\/2019\/acusado-de-estuprar-e-engravidar-menina-de-10-anos-e-preso\/","title":{"rendered":"Acusado de estuprar e engravidar menina de 10 anos \u00e9 preso"},"content":{"rendered":"<div class=\"mc-column content-text active-extra-styles \" data-block-type=\"unstyled\" data-block-weight=\"32\" data-block-id=\"2\">\n<p class=\"content-text__container \" style=\"text-align: justify;\" data-track-category=\"Link no Texto\" data-track-links=\"\">O tio suspeito de\u00a0estuprar e engravidar a sobrinha de 10 anos\u00a0em S\u00e3o Mateus, no Esp\u00edrito Santo, foi preso por volta das 3h30 desta ter\u00e7a-feira (18) em Betim, em Minas Gerais.<\/p>\n<\/div>\n<div class=\"wall protected-content\">\n<div class=\"mc-column content-text active-extra-styles \" style=\"text-align: justify;\" data-block-type=\"unstyled\" data-block-weight=\"20\" data-block-id=\"3\">\n<p class=\"content-text__container \" data-track-category=\"Link no Texto\" data-track-links=\"\">O governador do Esp\u00edrito Santo, Renato Casagrande (PSB), divulgou a informa\u00e7\u00e3o em uma rede social na manh\u00e3 desta ter\u00e7a.<\/p>\n<\/div>\n<div class=\"mc-column content-text active-extra-styles \" style=\"text-align: justify;\" data-block-type=\"unstyled\" data-block-weight=\"33\" data-block-id=\"4\">\n<p class=\"content-text__container \" data-track-category=\"Link no Texto\" data-track-links=\"\">\u201cQue sirva de li\u00e7\u00e3o para quem insiste em praticar um crime brutal, cruel e inaceit\u00e1vel dessa natureza. Detalhes da opera\u00e7\u00e3o ser\u00e3o repassados pela equipe seguran\u00e7a ainda hoje\u201d, disse o governador do ES.<\/p>\n<\/div>\n<div class=\"mc-column content-text active-extra-styles \" style=\"text-align: justify;\" data-block-type=\"unstyled\" data-block-weight=\"35\" data-block-id=\"5\">\n<p class=\"content-text__container \" data-track-category=\"Link no Texto\" data-track-links=\"\">O suspeito de 33 anos ser\u00e1 encaminhado ao Complexo Penitenci\u00e1rio de Xuri, em Vila Velha, na Grande Vit\u00f3ria. Ele foi\u00a0indiciado por estupro de vulner\u00e1vel e amea\u00e7a\u00a0e estava foragido desde a \u00faltima semana.<\/p>\n<\/div>\n<div class=\"mc-column content-text active-extra-styles \" style=\"text-align: justify;\" data-block-type=\"unstyled\" data-block-weight=\"18\" data-block-id=\"6\">\n<p class=\"content-text__container \" data-track-category=\"Link no Texto\" data-track-links=\"\">O homem tamb\u00e9m j\u00e1 tinha passagem criminal por tr\u00e1fico de drogas e esteve preso entre 2011 e 2018.<\/p>\n<\/div>\n<div class=\"mc-column content-text active-extra-styles \" style=\"text-align: justify;\" data-block-type=\"unstyled\" data-block-weight=\"47\" data-block-id=\"7\">\n<p class=\"content-text__container \" data-track-category=\"Link no Texto\" data-track-links=\"\">A gravidez foi revelada no dia 7 de agosto, quando a menina foi ao hospital em S\u00e3o Mateus se queixando de dores abdominais. A menina relatou que come\u00e7ou a ser estuprada pelo pr\u00f3prio tio desde que tinha 6 anos e que n\u00e3o o denunciou porque era amea\u00e7ada.<\/p>\n<\/div>\n<div class=\"mc-column content-text active-extra-styles \" data-block-type=\"unstyled\" data-block-weight=\"40\" data-block-id=\"8\">\n<p class=\"content-text__container \" style=\"text-align: justify;\" data-track-category=\"Link no Texto\" data-track-links=\"\">A crian\u00e7a passou por um procedimento e\u00a0interrompeu a gesta\u00e7\u00e3o\u00a0em Recife (PE) nesta segunda (17). Ela estava na unidade\u00a0desde domingo (16), quando iniciou o processo. O procedimento foi conclu\u00eddo por volta das 11h e a menina passa bem.<\/p>\n<p style=\"text-align: justify;\" data-track-category=\"Link no Texto\" data-track-links=\"\">Fonte: G1<\/p>\n<\/div>\n<\/div>\n","protected":false},"excerpt":{"rendered":"<p>O tio suspeito de\u00a0estuprar e engravidar a sobrinha de 10 anos\u00a0em S\u00e3o Mateus, no Esp\u00edrito Santo, foi preso por volta das 3h30 desta ter\u00e7a-feira (18) em Betim, em Minas Gerais. O governador do Esp\u00edrito Santo, Renato Casagrande (PSB), divulgou a informa\u00e7\u00e3o em uma rede social na manh\u00e3 desta ter\u00e7a. \u201cQue sirva de li\u00e7\u00e3o para quem [&hellip;]<\/p>\n","protected":false},"author":1,"featured_media":33035,"comment_status":"closed","ping_status":"open","sticky":false,"template":"","format":"standard","meta":{"footnotes":""},"categories":[110,2],"tags":[],"class_list":["post-33034","post","type-post","status-publish","format-standard","has-post-thumbnail","hentry","category-noticiasdestaque","category-policial"],"_links":{"self":[{"href":"https:\/\/jorgezanoni.com.br\/2019\/wp-json\/wp\/v2\/posts\/33034","targetHints":{"allow":["GET"]}}],"collection":[{"href":"https:\/\/jorgezanoni.com.br\/2019\/wp-json\/wp\/v2\/posts"}],"about":[{"href":"https:\/\/jorgezanoni.com.br\/2019\/wp-json\/wp\/v2\/types\/post"}],"author":[{"embeddable":true,"href":"https:\/\/jorgezanoni.com.br\/2019\/wp-json\/wp\/v2\/users\/1"}],"replies":[{"embeddable":true,"href":"https:\/\/jorgezanoni.com.br\/2019\/wp-json\/wp\/v2\/comments?post=33034"}],"version-history":[{"count":0,"href":"https:\/\/jorgezanoni.com.br\/2019\/wp-json\/wp\/v2\/posts\/33034\/revisions"}],"wp:featuredmedia":[{"embeddable":true,"href":"https:\/\/jorgezanoni.com.br\/2019\/wp-json\/wp\/v2\/media\/33035"}],"wp:attachment":[{"href":"https:\/\/jorgezanoni.com.br\/2019\/wp-json\/wp\/v2\/media?parent=33034"}],"wp:term":[{"taxonomy":"category","embeddable":true,"href":"https:\/\/jorgezanoni.com.br\/2019\/wp-json\/wp\/v2\/categories?post=33034"},{"taxonomy":"post_tag","embeddable":true,"href":"https:\/\/jorgezanoni.com.br\/2019\/wp-json\/wp\/v2\/tags?post=33034"}],"curies":[{"name":"wp","href":"https:\/\/api.w.org\/{rel}","templated":true}]}}