{"id":33030,"date":"2020-08-18T13:19:29","date_gmt":"2020-08-18T13:19:29","guid":{"rendered":"https:\/\/jorgezanoni.com.br\/2019\/?p=33030"},"modified":"2020-08-18T13:20:43","modified_gmt":"2020-08-18T13:20:43","slug":"quatro-acidentes-foram-registrados-na-noite-passada-tres-deles-na-sp-294","status":"publish","type":"post","link":"https:\/\/jorgezanoni.com.br\/2019\/quatro-acidentes-foram-registrados-na-noite-passada-tres-deles-na-sp-294\/","title":{"rendered":"Quatro acidentes foram registrados na noite passada, tr\u00eas deles na SP-294"},"content":{"rendered":"<p style=\"text-align: justify;\">A Pol\u00edcia Militar Rodovi\u00e1ria de Adamantina registrou quatro acidentes em rodovias da regi\u00e3o na noite desta segunda-feira (17). O mau tempo pode ser a principal causa. N\u00e3o houve v\u00edtimas graves, segundo a corpora\u00e7\u00e3o. Chovia e a pista estava molhada no momento das ocorr\u00eancias.<\/p>\n<p style=\"text-align: justify;\">Em\u00a0Pacaembu, na Rodovia Comandante Jo\u00e3o Ribeiro de Barros (SP-294), um ve\u00edculo transitava no sentido Irapuru-Fl\u00f3rida Paulista, e por volta das 23h40 o motorista perdeu o controle e bateu contra o guard rail. Ele n\u00e3o se feriu.<\/p>\n<p style=\"text-align: justify;\"><img loading=\"lazy\" decoding=\"async\" class=\"aligncenter\" src=\"https:\/\/i2.wp.com\/s2.glbimg.com\/oCHfq12oTMeNbqIBeShEFvlsfZQ=\/0x0:1280x720\/984x0\/smart\/filters:strip_icc()\/i.s3.glbimg.com\/v1\/AUTH_59edd422c0c84a879bd37670ae4f538a\/internal_photos\/bs\/2020\/J\/C\/dCVvlyRBOooVpPXzeM7Q\/t186fl5f3ba2b63cb98.jpeg?w=740&amp;ssl=1\" alt=\"Um dos acidentes foi em Pacaembu, por volta das 23h40 \u2014 Foto: Pol\u00edcia Rodovi\u00e1ria\" width=\"740\" height=\"416\" \/><\/p>\n<p style=\"text-align: justify;\">Por volta das 21h, tamb\u00e9m na SP-294, em\u00a0Luc\u00e9lia, um caminh\u00e3o chocou-se com um outro caminh\u00e3o que estava parado, ambos no acostamento da pista. Ningu\u00e9m se feriu.<\/p>\n<p>Houve outro registro na SP-294, por volta das 20h. O acidente aconteceu no km 560, em Parapu\u00e3. O condutor transitava sentido a Tup\u00e3 e, devido a uma quantidade de \u00f3leo que estava sobre a pista, o ve\u00edculo \u201cdeslizou\u201d e colidiu contra uma placa de identifica\u00e7\u00e3o no canteiro. N\u00e3o houve v\u00edtima.<\/p>\n<p style=\"text-align: justify;\"><img loading=\"lazy\" decoding=\"async\" class=\"aligncenter\" src=\"https:\/\/i1.wp.com\/s2.glbimg.com\/3Upp6iXvMCS9jmC64QPHwvuUP3Q=\/0x0:1280x720\/984x0\/smart\/filters:strip_icc()\/i.s3.glbimg.com\/v1\/AUTH_59edd422c0c84a879bd37670ae4f538a\/internal_photos\/bs\/2020\/K\/4\/N7xFoPTAC1jFw4gUcQvQ\/t186fl5f3ba29f897d5.jpeg?w=740&amp;ssl=1\" alt=\"Um dos acidentes foi em Pacaembu, por volta das 23h40 \u2014 Foto: Pol\u00edcia Rodovi\u00e1ria\" width=\"740\" height=\"416\" \/><\/p>\n<p style=\"text-align: justify;\">Na SPA 570\/294, por volta das 19h40, o motorista que transitava sentido a\u00a0Osvaldo Cruz\u00a0perdeu o controle na via de acesso que liga a rodovia \u00e0 cidade e chocou-se com um barranco. O condutor feriu-se levemente.<\/p>\n<p style=\"text-align: justify;\"><img loading=\"lazy\" decoding=\"async\" class=\"aligncenter\" src=\"https:\/\/i2.wp.com\/s2.glbimg.com\/1fk6SSTanxMv-h5-0SwqblC8eSQ=\/0x0:1280x720\/984x0\/smart\/filters:strip_icc()\/i.s3.glbimg.com\/v1\/AUTH_59edd422c0c84a879bd37670ae4f538a\/internal_photos\/bs\/2020\/d\/L\/6mnkBfQAyAzTDh0woGYw\/t186fl5f3ba2b01e4ae.jpeg?w=740&amp;ssl=1\" alt=\"Um dos acidentes foi em Pacaembu, por volta das 23h40 \u2014 Foto: Pol\u00edcia Rodovi\u00e1ria\" width=\"740\" height=\"416\" \/><\/p>\n<p style=\"text-align: justify;\">O Policiamento Rodovi\u00e1rio reitera a import\u00e2ncia da aten\u00e7\u00e3o redobrada durante os deslocamentos em per\u00edodos de chuva, que t\u00eam:<\/p>\n<p style=\"text-align: justify;\">A visibilidade \u00e9 reduzida<\/p>\n<p style=\"text-align: justify;\">A estabilidade para a frenagem \u00e9 menor, portanto, a dist\u00e2ncia de seguran\u00e7a entre os ve\u00edculos deve ser maior<\/p>\n<p style=\"text-align: justify;\">\u00c9 importante respeitar os limites de velocidade (com chuva pelo menos 10 km\/h abaixo do limite)<\/p>\n<p style=\"text-align: justify;\">Fonte: G1<\/p>\n<p style=\"text-align: justify;\">Fotos: Pol\u00edcia Rodovi\u00e1ria<\/p>\n","protected":false},"excerpt":{"rendered":"<p>A Pol\u00edcia Militar Rodovi\u00e1ria de Adamantina registrou quatro acidentes em rodovias da regi\u00e3o na noite desta segunda-feira (17). O mau tempo pode ser a principal causa. N\u00e3o houve v\u00edtimas graves, segundo a corpora\u00e7\u00e3o. Chovia e a pista estava molhada no momento das ocorr\u00eancias. Em\u00a0Pacaembu, na Rodovia Comandante Jo\u00e3o Ribeiro de Barros (SP-294), um ve\u00edculo transitava [&hellip;]<\/p>\n","protected":false},"author":1,"featured_media":33031,"comment_status":"closed","ping_status":"open","sticky":false,"template":"","format":"standard","meta":{"footnotes":""},"categories":[170,110],"tags":[],"class_list":["post-33030","post","type-post","status-publish","format-standard","has-post-thumbnail","hentry","category-acidentes","category-noticiasdestaque"],"_links":{"self":[{"href":"https:\/\/jorgezanoni.com.br\/2019\/wp-json\/wp\/v2\/posts\/33030","targetHints":{"allow":["GET"]}}],"collection":[{"href":"https:\/\/jorgezanoni.com.br\/2019\/wp-json\/wp\/v2\/posts"}],"about":[{"href":"https:\/\/jorgezanoni.com.br\/2019\/wp-json\/wp\/v2\/types\/post"}],"author":[{"embeddable":true,"href":"https:\/\/jorgezanoni.com.br\/2019\/wp-json\/wp\/v2\/users\/1"}],"replies":[{"embeddable":true,"href":"https:\/\/jorgezanoni.com.br\/2019\/wp-json\/wp\/v2\/comments?post=33030"}],"version-history":[{"count":0,"href":"https:\/\/jorgezanoni.com.br\/2019\/wp-json\/wp\/v2\/posts\/33030\/revisions"}],"wp:featuredmedia":[{"embeddable":true,"href":"https:\/\/jorgezanoni.com.br\/2019\/wp-json\/wp\/v2\/media\/33031"}],"wp:attachment":[{"href":"https:\/\/jorgezanoni.com.br\/2019\/wp-json\/wp\/v2\/media?parent=33030"}],"wp:term":[{"taxonomy":"category","embeddable":true,"href":"https:\/\/jorgezanoni.com.br\/2019\/wp-json\/wp\/v2\/categories?post=33030"},{"taxonomy":"post_tag","embeddable":true,"href":"https:\/\/jorgezanoni.com.br\/2019\/wp-json\/wp\/v2\/tags?post=33030"}],"curies":[{"name":"wp","href":"https:\/\/api.w.org\/{rel}","templated":true}]}}