{"id":33000,"date":"2020-08-18T01:20:54","date_gmt":"2020-08-18T01:20:54","guid":{"rendered":"https:\/\/jorgezanoni.com.br\/2019\/?p=33000"},"modified":"2020-08-18T01:20:54","modified_gmt":"2020-08-18T01:20:54","slug":"casal-morre-e-quatro-criancas-ficam-feridas-apos-batida-de-carro","status":"publish","type":"post","link":"https:\/\/jorgezanoni.com.br\/2019\/casal-morre-e-quatro-criancas-ficam-feridas-apos-batida-de-carro\/","title":{"rendered":"Casal morre e quatro crian\u00e7as ficam feridas ap\u00f3s batida de carro"},"content":{"rendered":"<div data-block-type=\"unstyled\" data-block-weight=\"42\" data-block-id=\"2\">\n<p style=\"text-align: justify;\" data-track-category=\"Link no Texto\" data-track-links=\"\">Duas pessoas morreram e quatro crian\u00e7as ficaram feridas ap\u00f3s o carro da fam\u00edlia bater em um poste no bairro Quintino Facci II, zona Norte de Ribeir\u00e3o Preto, na madrugada deste domingo (16). Todos estavam no mesmo ve\u00edculo, segundo a Pol\u00edcia Civil.<\/p>\n<\/div>\n<div class=\"wall protected-content\">\n<div style=\"text-align: justify;\" data-block-type=\"unstyled\" data-block-weight=\"29\" data-block-id=\"3\">\n<p data-track-category=\"Link no Texto\" data-track-links=\"\">Com o impacto da colis\u00e3o, as vitimas ficaram presas nas ferragens. O Corpo de Bombeiros prestou os primeiros socorros por volta das 3h na Avenida General Euclides de Figueiredo.<\/p>\n<\/div>\n<div style=\"text-align: justify;\" data-block-type=\"unstyled\" data-block-weight=\"19\" data-block-id=\"4\">\n<p data-track-category=\"Link no Texto\" data-track-links=\"\">Segundo a CPFL Paulista, a energia da avenida foi interrompida, mas o servi\u00e7o foi normalizado na tarde deste domingo.<\/p>\n<\/div>\n<div style=\"text-align: justify;\" data-block-type=\"raw\" data-block-weight=\"1\" data-block-id=\"5\">\n<div>\n<h2>Investiga\u00e7\u00e3o<\/h2>\n<\/div>\n<\/div>\n<div style=\"text-align: justify;\" data-block-type=\"unstyled\" data-block-weight=\"39\" data-block-id=\"6\">\n<p data-track-category=\"Link no Texto\" data-track-links=\"\">Segundo o Boletim de Ocorr\u00eancia, as v\u00edtimas estavam em uma festa familiar na noite de s\u00e1bado (15). Uma testemunha disse \u00e0 Pol\u00edcia Civil que houve uma discuss\u00e3o entre o casal e eles sa\u00edram do evento com as quatro crian\u00e7as.<\/p>\n<\/div>\n<div style=\"text-align: justify;\" data-block-type=\"unstyled\" data-block-weight=\"26\" data-block-id=\"7\">\n<p data-track-category=\"Link no Texto\" data-track-links=\"\">Duas meninas, de seis e 13 anos, s\u00e3o filhas deles. As outras crian\u00e7as que estavam no carro, de cinco e 12 anos, s\u00e3o sobrinhos do casal.<\/p>\n<p><img loading=\"lazy\" decoding=\"async\" class=\"aligncenter\" src=\"https:\/\/i2.wp.com\/s2.glbimg.com\/j-k68cH2qhR8WlAKahreEYKGTM4=\/0x0:1280x960\/984x0\/smart\/filters:strip_icc()\/i.s3.glbimg.com\/v1\/AUTH_59edd422c0c84a879bd37670ae4f538a\/internal_photos\/bs\/2020\/B\/s\/WBcBCJSWurZiEDEeD9Aw\/acidente-poste-3-ok.jpg?resize=699%2C524&amp;ssl=1\" alt=\"Acidente deixa casal morto e crian\u00e7as feridas em Ribeir\u00e3o Preto (SP) \u2014 Foto: Nath\u00e1lia Henrique \/ EPTV\" width=\"699\" height=\"524\" \/><\/p>\n<\/div>\n<div class=\"mc-column content-text active-extra-styles \" data-block-type=\"unstyled\" data-block-weight=\"24\" data-block-id=\"8\">\n<p style=\"text-align: justify;\" data-track-category=\"Link no Texto\" data-track-links=\"\">A testemunha ainda disse aos policiais que havia bebida alco\u00f3lica na festa e que o motorista, de 44 anos, consumiu antes de dirigir.<\/p>\n<div style=\"text-align: justify;\" data-block-type=\"unstyled\" data-block-weight=\"35\" data-block-id=\"11\">\n<p data-track-category=\"Link no Texto\" data-track-links=\"\">De acordo com o boletim, ap\u00f3s o acidente, uma das crian\u00e7as informou um familiar que a discuss\u00e3o continuou no carro e que o homem disse que mataria todos. Na sequ\u00eancia, jogou o carro no poste.<\/p>\n<\/div>\n<div style=\"text-align: justify;\" data-block-type=\"unstyled\" data-block-weight=\"45\" data-block-id=\"12\">\n<p data-track-category=\"Link no Texto\" data-track-links=\"\">O motorista e a esposa, de 33 anos, morreram na hora. As quatro crian\u00e7as, que estavam no banco traseiro, foram socorridas pelo Corpo de Bombeiros e levadas para o Hospital das Cl\u00ednicas de Ribeir\u00e3o Preto. O hospital ainda n\u00e3o informou o estado de sa\u00fade delas.<\/p>\n<\/div>\n<div style=\"text-align: justify;\" data-block-type=\"unstyled\" data-block-weight=\"21\" data-block-id=\"13\">\n<p data-track-category=\"Link no Texto\" data-track-links=\"\">O caso foi registrado no 5\u00ba Distrito Policial de Ribeir\u00e3o Preto como homic\u00eddio simples consumado, homic\u00eddio simples tentado e suic\u00eddio consumado.<\/p>\n<\/div>\n<div class=\"mc-column content-text active-extra-styles \" data-block-type=\"unstyled\" data-block-weight=\"11\" data-block-id=\"14\">\n<p class=\"content-text__container \" style=\"text-align: justify;\" data-track-category=\"Link no Texto\" data-track-links=\"\">Os corpos foram sepultados na tarde deste domingo, em Ribeir\u00e3o Preto.<\/p>\n<p style=\"text-align: justify;\"><img loading=\"lazy\" decoding=\"async\" src=\"https:\/\/i0.wp.com\/s2.glbimg.com\/3s3D7hP0FMXOcGRvLqPvrx6GQOw=\/0x0:1280x960\/984x0\/smart\/filters:strip_icc()\/i.s3.glbimg.com\/v1\/AUTH_59edd422c0c84a879bd37670ae4f538a\/internal_photos\/bs\/2020\/x\/a\/QOYHC7QuiJfMEYGkNwew\/acidente-poste-1-ok.jpg?resize=700%2C525&amp;ssl=1\" alt=\"Casal morre ap\u00f3s batida de carro em poste em Ribeir\u00e3o Preto (SP) \u2014 Foto: Nath\u00e1lia Henrique \/ EPTV\" width=\"700\" height=\"525\" data-recalc-dims=\"1\" \/><\/p>\n<p>Fonte: G1<\/p>\n<\/div>\n<\/div>\n<\/div>\n","protected":false},"excerpt":{"rendered":"<p>Duas pessoas morreram e quatro crian\u00e7as ficaram feridas ap\u00f3s o carro da fam\u00edlia bater em um poste no bairro Quintino Facci II, zona Norte de Ribeir\u00e3o Preto, na madrugada deste domingo (16). Todos estavam no mesmo ve\u00edculo, segundo a Pol\u00edcia Civil. Com o impacto da colis\u00e3o, as vitimas ficaram presas nas ferragens. O Corpo de [&hellip;]<\/p>\n","protected":false},"author":1,"featured_media":33001,"comment_status":"closed","ping_status":"open","sticky":false,"template":"","format":"standard","meta":{"footnotes":""},"categories":[170,110],"tags":[],"class_list":["post-33000","post","type-post","status-publish","format-standard","has-post-thumbnail","hentry","category-acidentes","category-noticiasdestaque"],"_links":{"self":[{"href":"https:\/\/jorgezanoni.com.br\/2019\/wp-json\/wp\/v2\/posts\/33000","targetHints":{"allow":["GET"]}}],"collection":[{"href":"https:\/\/jorgezanoni.com.br\/2019\/wp-json\/wp\/v2\/posts"}],"about":[{"href":"https:\/\/jorgezanoni.com.br\/2019\/wp-json\/wp\/v2\/types\/post"}],"author":[{"embeddable":true,"href":"https:\/\/jorgezanoni.com.br\/2019\/wp-json\/wp\/v2\/users\/1"}],"replies":[{"embeddable":true,"href":"https:\/\/jorgezanoni.com.br\/2019\/wp-json\/wp\/v2\/comments?post=33000"}],"version-history":[{"count":0,"href":"https:\/\/jorgezanoni.com.br\/2019\/wp-json\/wp\/v2\/posts\/33000\/revisions"}],"wp:featuredmedia":[{"embeddable":true,"href":"https:\/\/jorgezanoni.com.br\/2019\/wp-json\/wp\/v2\/media\/33001"}],"wp:attachment":[{"href":"https:\/\/jorgezanoni.com.br\/2019\/wp-json\/wp\/v2\/media?parent=33000"}],"wp:term":[{"taxonomy":"category","embeddable":true,"href":"https:\/\/jorgezanoni.com.br\/2019\/wp-json\/wp\/v2\/categories?post=33000"},{"taxonomy":"post_tag","embeddable":true,"href":"https:\/\/jorgezanoni.com.br\/2019\/wp-json\/wp\/v2\/tags?post=33000"}],"curies":[{"name":"wp","href":"https:\/\/api.w.org\/{rel}","templated":true}]}}