{"id":32997,"date":"2020-08-18T01:02:09","date_gmt":"2020-08-18T01:02:09","guid":{"rendered":"https:\/\/jorgezanoni.com.br\/2019\/?p=32997"},"modified":"2020-08-18T01:02:09","modified_gmt":"2020-08-18T01:02:09","slug":"homem-de-28-anos-morre-prensado-contra-parede-por-caminhao","status":"publish","type":"post","link":"https:\/\/jorgezanoni.com.br\/2019\/homem-de-28-anos-morre-prensado-contra-parede-por-caminhao\/","title":{"rendered":"Homem de 28 anos morre prensado contra parede por caminh\u00e3o"},"content":{"rendered":"<p style=\"text-align: justify;\">Douglas Vin\u00edcius da Costa Sanches 28 anos de idade, morador em Hercul\u00e2ndia, faleceu ap\u00f3s acidente ocorrido durante um trabalho que estava realizando em Bastos, na tarde deste s\u00e1bado, dia 15. O caso foi registrado por volta das 13h40 quando a equipe m\u00e9dica do Pronto Socorro de Bastos foi acionada para atender um acidente ocorrido em uma propriedade rural localizada na Sec\u00e7\u00e3o Cascata.<\/p>\n<p style=\"text-align: justify;\">Segundo apurado no local, o motorista de um caminh\u00e3o estava manobrando e o seu ajudante, o jovem Douglas Sanches, estava indicando o local para ser estacionado. Em determinado momento, por motivo a ser esclarecido pela per\u00edcia cient\u00edfica, o motorista n\u00e3o percebeu que seu ajudante saiu de sua vis\u00e3o e a v\u00edtima acabou sendo prensada em uma parede de um dep\u00f3sito da propriedade.<\/p>\n<p style=\"text-align: justify;\">O ajudante com ferimentos graves foi conduzido pela ambul\u00e2ncia para o Pronto Socorro municipal, dando entrada por volta das 14 horas no local. Mesmo recebendo todos os cuidados m\u00e9dicos, por volta das 14h30 veio a \u00f3bito. A fam\u00edlia foi comunicada pelo Pronto Socorro e sua m\u00e3e veio trazer os documentos para preenchimento da ficha.<\/p>\n<p style=\"text-align: justify;\">Douglas Vin\u00edcius da Costa Sanches 28 anos de idade, seu corpo foi encaminhado para o Servi\u00e7o de Verifica\u00e7\u00e3o de \u00d3bitos (SVO). Depois liberado para vel\u00f3rio e sepultamento. O boletim de ocorr\u00eancia registrado pela Pol\u00edcia Militar de Bastos.<\/p>\n<p style=\"text-align: justify;\">Fonte: Bastos J\u00e1<\/p>\n","protected":false},"excerpt":{"rendered":"<p>Douglas Vin\u00edcius da Costa Sanches 28 anos de idade, morador em Hercul\u00e2ndia, faleceu ap\u00f3s acidente ocorrido durante um trabalho que estava realizando em Bastos, na tarde deste s\u00e1bado, dia 15. O caso foi registrado por volta das 13h40 quando a equipe m\u00e9dica do Pronto Socorro de Bastos foi acionada para atender um acidente ocorrido em [&hellip;]<\/p>\n","protected":false},"author":1,"featured_media":32998,"comment_status":"closed","ping_status":"open","sticky":false,"template":"","format":"standard","meta":{"footnotes":""},"categories":[170,110],"tags":[],"class_list":["post-32997","post","type-post","status-publish","format-standard","has-post-thumbnail","hentry","category-acidentes","category-noticiasdestaque"],"_links":{"self":[{"href":"https:\/\/jorgezanoni.com.br\/2019\/wp-json\/wp\/v2\/posts\/32997","targetHints":{"allow":["GET"]}}],"collection":[{"href":"https:\/\/jorgezanoni.com.br\/2019\/wp-json\/wp\/v2\/posts"}],"about":[{"href":"https:\/\/jorgezanoni.com.br\/2019\/wp-json\/wp\/v2\/types\/post"}],"author":[{"embeddable":true,"href":"https:\/\/jorgezanoni.com.br\/2019\/wp-json\/wp\/v2\/users\/1"}],"replies":[{"embeddable":true,"href":"https:\/\/jorgezanoni.com.br\/2019\/wp-json\/wp\/v2\/comments?post=32997"}],"version-history":[{"count":0,"href":"https:\/\/jorgezanoni.com.br\/2019\/wp-json\/wp\/v2\/posts\/32997\/revisions"}],"wp:featuredmedia":[{"embeddable":true,"href":"https:\/\/jorgezanoni.com.br\/2019\/wp-json\/wp\/v2\/media\/32998"}],"wp:attachment":[{"href":"https:\/\/jorgezanoni.com.br\/2019\/wp-json\/wp\/v2\/media?parent=32997"}],"wp:term":[{"taxonomy":"category","embeddable":true,"href":"https:\/\/jorgezanoni.com.br\/2019\/wp-json\/wp\/v2\/categories?post=32997"},{"taxonomy":"post_tag","embeddable":true,"href":"https:\/\/jorgezanoni.com.br\/2019\/wp-json\/wp\/v2\/tags?post=32997"}],"curies":[{"name":"wp","href":"https:\/\/api.w.org\/{rel}","templated":true}]}}