{"id":32992,"date":"2020-08-17T23:59:52","date_gmt":"2020-08-17T23:59:52","guid":{"rendered":"https:\/\/jorgezanoni.com.br\/2019\/?p=32992"},"modified":"2020-08-18T00:06:25","modified_gmt":"2020-08-18T00:06:25","slug":"moradora-de-santo-expedito-cria-calcada-do-bem","status":"publish","type":"post","link":"https:\/\/jorgezanoni.com.br\/2019\/moradora-de-santo-expedito-cria-calcada-do-bem\/","title":{"rendered":"Moradora de Santo Expedito cria Cal\u00e7ada do Bem"},"content":{"rendered":"<p style=\"text-align: justify;\">Uma moradora da cidade de Santo Expedito, criou em frente sua resid\u00eancia, a Cal\u00e7ada do Bem.<\/p>\n<p style=\"text-align: justify;\">\u00c9 uma forma de ajudar pessoas carentes com roupas e cal\u00e7ados que ficam no local. Quem precisar \u00e9 s\u00f3 passar pelo local e pegar o que lhe serve.<\/p>\n<p style=\"text-align: justify;\">Jorge Zanoni<\/p>\n<p style=\"text-align: justify;\">Fotos de Internauta<img loading=\"lazy\" decoding=\"async\" class=\"alignnone size-full wp-image-32993\" src=\"https:\/\/jorgezanoni.com.br\/2019\/wp-content\/uploads\/2020\/08\/ca\u00e7ada1.jpg\" alt=\"\" width=\"780\" height=\"1040\" srcset=\"https:\/\/jorgezanoni.com.br\/2019\/wp-content\/uploads\/2020\/08\/ca\u00e7ada1.jpg 780w, https:\/\/jorgezanoni.com.br\/2019\/wp-content\/uploads\/2020\/08\/ca\u00e7ada1-225x300.jpg 225w, https:\/\/jorgezanoni.com.br\/2019\/wp-content\/uploads\/2020\/08\/ca\u00e7ada1-768x1024.jpg 768w, https:\/\/jorgezanoni.com.br\/2019\/wp-content\/uploads\/2020\/08\/ca\u00e7ada1-696x928.jpg 696w, https:\/\/jorgezanoni.com.br\/2019\/wp-content\/uploads\/2020\/08\/ca\u00e7ada1-315x420.jpg 315w\" sizes=\"auto, (max-width: 780px) 100vw, 780px\" \/><\/p>\n","protected":false},"excerpt":{"rendered":"<p>Uma moradora da cidade de Santo Expedito, criou em frente sua resid\u00eancia, a Cal\u00e7ada do Bem. \u00c9 uma forma de ajudar pessoas carentes com roupas e cal\u00e7ados que ficam no local. Quem precisar \u00e9 s\u00f3 passar pelo local e pegar o que lhe serve. Jorge Zanoni Fotos de Internauta<\/p>\n","protected":false},"author":1,"featured_media":32994,"comment_status":"closed","ping_status":"open","sticky":false,"template":"","format":"standard","meta":{"footnotes":""},"categories":[118],"tags":[],"class_list":["post-32992","post","type-post","status-publish","format-standard","has-post-thumbnail","hentry","category-religiaoesolidariedade"],"_links":{"self":[{"href":"https:\/\/jorgezanoni.com.br\/2019\/wp-json\/wp\/v2\/posts\/32992","targetHints":{"allow":["GET"]}}],"collection":[{"href":"https:\/\/jorgezanoni.com.br\/2019\/wp-json\/wp\/v2\/posts"}],"about":[{"href":"https:\/\/jorgezanoni.com.br\/2019\/wp-json\/wp\/v2\/types\/post"}],"author":[{"embeddable":true,"href":"https:\/\/jorgezanoni.com.br\/2019\/wp-json\/wp\/v2\/users\/1"}],"replies":[{"embeddable":true,"href":"https:\/\/jorgezanoni.com.br\/2019\/wp-json\/wp\/v2\/comments?post=32992"}],"version-history":[{"count":0,"href":"https:\/\/jorgezanoni.com.br\/2019\/wp-json\/wp\/v2\/posts\/32992\/revisions"}],"wp:featuredmedia":[{"embeddable":true,"href":"https:\/\/jorgezanoni.com.br\/2019\/wp-json\/wp\/v2\/media\/32994"}],"wp:attachment":[{"href":"https:\/\/jorgezanoni.com.br\/2019\/wp-json\/wp\/v2\/media?parent=32992"}],"wp:term":[{"taxonomy":"category","embeddable":true,"href":"https:\/\/jorgezanoni.com.br\/2019\/wp-json\/wp\/v2\/categories?post=32992"},{"taxonomy":"post_tag","embeddable":true,"href":"https:\/\/jorgezanoni.com.br\/2019\/wp-json\/wp\/v2\/tags?post=32992"}],"curies":[{"name":"wp","href":"https:\/\/api.w.org\/{rel}","templated":true}]}}