{"id":32988,"date":"2020-08-17T23:41:38","date_gmt":"2020-08-17T23:41:38","guid":{"rendered":"https:\/\/jorgezanoni.com.br\/2019\/?p=32988"},"modified":"2020-08-17T23:42:33","modified_gmt":"2020-08-17T23:42:33","slug":"homem-e-preso-por-dirigir-embriado-em-dracena","status":"publish","type":"post","link":"https:\/\/jorgezanoni.com.br\/2019\/homem-e-preso-por-dirigir-embriado-em-dracena\/","title":{"rendered":"Homem \u00e9 preso por dirigir embriagado em Dracena"},"content":{"rendered":"<p style=\"text-align: justify;\">HOMEM \u00c9 PRESO EM DRACENA\/SP, POR DIRIGIR EMBRIAGADO.<br \/>\nNa noite de ontem (16), por volta das 22h40min, os Policiais Miliares de Dracena, foram informados via Copom que um indiv\u00edduo totalmente embriagado estaria na condu\u00e7\u00e3o de um ve\u00edculo Kadet pelo bairro Vit\u00f3ria R\u00e9gia, colocando em risco demais condutores e pedestres. Com essas informa\u00e7\u00f5es, os policiais iniciaram patrulhamento pelo referido bairro,<span class=\"text_exposed_show\">\u00a0onde localizou o veiculo. Foi realizada a abordagem e constatado que o condutor apresentava v\u00e1rios sinais de embriaguez. Condutor se recusou a fazer o teste de etil\u00f4metro. Diante dos fatos foi dada voz de pris\u00e3o pelo crime de embriaguez ao volante. Foi constatado que \u00e9 a 3\u00b0 vez que o condutor \u00e9 flagrado dirigindo embriagado. Condutor permaneceu preso a disposi\u00e7\u00e3o da justi\u00e7a.<\/span><\/p>\n<p><a class=\"_58cn\" href=\"https:\/\/www.facebook.com\/hashtag\/25bpmi?__eep__=6&amp;epa=HASHTAG\" data-ft=\"{&quot;type&quot;:104,&quot;tn&quot;:&quot;*N&quot;}\">#25BPMI<\/a><br \/>\n<a class=\"_58cn\" href=\"https:\/\/www.facebook.com\/hashtag\/poli%CC%81ciamilitarsp?__eep__=6&amp;epa=HASHTAG\" data-ft=\"{&quot;type&quot;:104,&quot;tn&quot;:&quot;*N&quot;}\">#POLI\u0301CIAMILITARSP<\/a><br \/>\n<a class=\"_58cn\" href=\"https:\/\/www.facebook.com\/hashtag\/afor%C3%A7ap%C3%BAblicades%C3%A3opaulo?__eep__=6&amp;epa=HASHTAG\" data-ft=\"{&quot;type&quot;:104,&quot;tn&quot;:&quot;*N&quot;}\">#AFOR\u00c7AP\u00daBLICADES\u00c3OPAULO<\/a><br \/>\nCOMUNICA\u00c7\u00c3O SOCIAL DO 25\u00b0BPM\/I<\/p>\n","protected":false},"excerpt":{"rendered":"<p>HOMEM \u00c9 PRESO EM DRACENA\/SP, POR DIRIGIR EMBRIAGADO. Na noite de ontem (16), por volta das 22h40min, os Policiais Miliares de Dracena, foram informados via Copom que um indiv\u00edduo totalmente embriagado estaria na condu\u00e7\u00e3o de um ve\u00edculo Kadet pelo bairro Vit\u00f3ria R\u00e9gia, colocando em risco demais condutores e pedestres. Com essas informa\u00e7\u00f5es, os policiais iniciaram [&hellip;]<\/p>\n","protected":false},"author":1,"featured_media":32989,"comment_status":"closed","ping_status":"open","sticky":false,"template":"","format":"standard","meta":{"footnotes":""},"categories":[110,2],"tags":[],"class_list":["post-32988","post","type-post","status-publish","format-standard","has-post-thumbnail","hentry","category-noticiasdestaque","category-policial"],"_links":{"self":[{"href":"https:\/\/jorgezanoni.com.br\/2019\/wp-json\/wp\/v2\/posts\/32988","targetHints":{"allow":["GET"]}}],"collection":[{"href":"https:\/\/jorgezanoni.com.br\/2019\/wp-json\/wp\/v2\/posts"}],"about":[{"href":"https:\/\/jorgezanoni.com.br\/2019\/wp-json\/wp\/v2\/types\/post"}],"author":[{"embeddable":true,"href":"https:\/\/jorgezanoni.com.br\/2019\/wp-json\/wp\/v2\/users\/1"}],"replies":[{"embeddable":true,"href":"https:\/\/jorgezanoni.com.br\/2019\/wp-json\/wp\/v2\/comments?post=32988"}],"version-history":[{"count":0,"href":"https:\/\/jorgezanoni.com.br\/2019\/wp-json\/wp\/v2\/posts\/32988\/revisions"}],"wp:featuredmedia":[{"embeddable":true,"href":"https:\/\/jorgezanoni.com.br\/2019\/wp-json\/wp\/v2\/media\/32989"}],"wp:attachment":[{"href":"https:\/\/jorgezanoni.com.br\/2019\/wp-json\/wp\/v2\/media?parent=32988"}],"wp:term":[{"taxonomy":"category","embeddable":true,"href":"https:\/\/jorgezanoni.com.br\/2019\/wp-json\/wp\/v2\/categories?post=32988"},{"taxonomy":"post_tag","embeddable":true,"href":"https:\/\/jorgezanoni.com.br\/2019\/wp-json\/wp\/v2\/tags?post=32988"}],"curies":[{"name":"wp","href":"https:\/\/api.w.org\/{rel}","templated":true}]}}