{"id":32962,"date":"2020-08-17T15:31:52","date_gmt":"2020-08-17T15:31:52","guid":{"rendered":"https:\/\/jorgezanoni.com.br\/2019\/?p=32962"},"modified":"2020-08-17T15:31:52","modified_gmt":"2020-08-17T15:31:52","slug":"na-primeira-chuva-volta-problema-que-afeta-moradores-do-residencial-pitangueiras-i","status":"publish","type":"post","link":"https:\/\/jorgezanoni.com.br\/2019\/na-primeira-chuva-volta-problema-que-afeta-moradores-do-residencial-pitangueiras-i\/","title":{"rendered":"Na primeira Chuva volta problema que afeta moradores do residencial Pitangueiras I"},"content":{"rendered":"<p style=\"text-align: justify;\">Moradores da Rua Ana Beatriz Ramalho Pereira no residencial Pitangueiras I, enviam imagens para a reda\u00e7\u00e3o do <strong>SITE JORGE ZANONI<\/strong>, de uma cratera que foi arrumada e nas chuvas dessa noite voltou a ficar como antes.<\/p>\n<p style=\"text-align: justify;\">Segundo eles houve um reparo por parte da Secretaria competente, por\u00e9m hoje, na primeira chuva ap\u00f3s os reparos a cratera voltou.<\/p>\n<p style=\"text-align: justify;\">Al\u00e9m de enxurrada e deixar muita terra na Rua do Bairro, ainda est\u00e1 afetando e pode causar danos na Vicinal Marcelo Lorenzetti que liga Dracena ao Distrito de Jacipor\u00e3.<\/p>\n<p style=\"text-align: justify;\">Pedem os mun\u00edcipes que voltem ao local e que fa\u00e7am um servi\u00e7o definitivo que resolva de vez o problema.<\/p>\n<div style=\"width: 640px;\" class=\"wp-video\"><video class=\"wp-video-shortcode\" id=\"video-32962-1\" width=\"640\" height=\"352\" preload=\"metadata\" controls=\"controls\"><source type=\"video\/mp4\" src=\"https:\/\/jorgezanoni.com.br\/2019\/wp-content\/uploads\/2020\/08\/WhatsApp-Video-2020-08-17-at-08.01.58.mp4?_=1\" \/><a href=\"https:\/\/jorgezanoni.com.br\/2019\/wp-content\/uploads\/2020\/08\/WhatsApp-Video-2020-08-17-at-08.01.58.mp4\">https:\/\/jorgezanoni.com.br\/2019\/wp-content\/uploads\/2020\/08\/WhatsApp-Video-2020-08-17-at-08.01.58.mp4<\/a><\/video><\/div>\n<p style=\"text-align: justify;\">Jorge Zanoni<\/p>\n<p style=\"text-align: justify;\">V\u00eddeo de Internauta<\/p>\n<p style=\"text-align: justify;\">\n","protected":false},"excerpt":{"rendered":"<p>Moradores da Rua Ana Beatriz Ramalho Pereira no residencial Pitangueiras I, enviam imagens para a reda\u00e7\u00e3o do SITE JORGE ZANONI, de uma cratera que foi arrumada e nas chuvas dessa noite voltou a ficar como antes. Segundo eles houve um reparo por parte da Secretaria competente, por\u00e9m hoje, na primeira chuva ap\u00f3s os reparos a [&hellip;]<\/p>\n","protected":false},"author":1,"featured_media":32964,"comment_status":"closed","ping_status":"open","sticky":false,"template":"","format":"video","meta":{"footnotes":""},"categories":[179,184,110,169],"tags":[],"class_list":["post-32962","post","type-post","status-publish","format-video","has-post-thumbnail","hentry","category-cidadeseregiao","category-dracena","category-noticiasdestaque","category-videos","post_format-post-format-video"],"_links":{"self":[{"href":"https:\/\/jorgezanoni.com.br\/2019\/wp-json\/wp\/v2\/posts\/32962","targetHints":{"allow":["GET"]}}],"collection":[{"href":"https:\/\/jorgezanoni.com.br\/2019\/wp-json\/wp\/v2\/posts"}],"about":[{"href":"https:\/\/jorgezanoni.com.br\/2019\/wp-json\/wp\/v2\/types\/post"}],"author":[{"embeddable":true,"href":"https:\/\/jorgezanoni.com.br\/2019\/wp-json\/wp\/v2\/users\/1"}],"replies":[{"embeddable":true,"href":"https:\/\/jorgezanoni.com.br\/2019\/wp-json\/wp\/v2\/comments?post=32962"}],"version-history":[{"count":0,"href":"https:\/\/jorgezanoni.com.br\/2019\/wp-json\/wp\/v2\/posts\/32962\/revisions"}],"wp:featuredmedia":[{"embeddable":true,"href":"https:\/\/jorgezanoni.com.br\/2019\/wp-json\/wp\/v2\/media\/32964"}],"wp:attachment":[{"href":"https:\/\/jorgezanoni.com.br\/2019\/wp-json\/wp\/v2\/media?parent=32962"}],"wp:term":[{"taxonomy":"category","embeddable":true,"href":"https:\/\/jorgezanoni.com.br\/2019\/wp-json\/wp\/v2\/categories?post=32962"},{"taxonomy":"post_tag","embeddable":true,"href":"https:\/\/jorgezanoni.com.br\/2019\/wp-json\/wp\/v2\/tags?post=32962"}],"curies":[{"name":"wp","href":"https:\/\/api.w.org\/{rel}","templated":true}]}}