{"id":32958,"date":"2020-08-17T15:00:19","date_gmt":"2020-08-17T15:00:19","guid":{"rendered":"https:\/\/jorgezanoni.com.br\/2019\/?p=32958"},"modified":"2020-08-17T15:00:19","modified_gmt":"2020-08-17T15:00:19","slug":"unifadra-realiza-minicurso-on-line-sobre-metodologias-de-ensino","status":"publish","type":"post","link":"https:\/\/jorgezanoni.com.br\/2019\/unifadra-realiza-minicurso-on-line-sobre-metodologias-de-ensino\/","title":{"rendered":"Unifadra realiza minicurso on-line sobre metodologias de ensino"},"content":{"rendered":"<p style=\"text-align: justify;\"><span id=\"gmail-docs-internal-guid-2f122936-7fff-b5ab-b28d-894eca3ccf48\"><strong>O minicurso foi organizado pelo curso de Psicologia da institui\u00e7\u00e3o para docentes da regi\u00e3o.<\/strong><\/p>\n<p>O curso de Psicologia da Unifadra realizou o minicurso on-line &#8220;Gera\u00e7\u00e3o conectada e o uso de metodologias inovadoras: impactos na contemporaneidade&#8221;, nos dias 24 e 25 de julho. O evento teve como palestrantes a docente da Unifadra, que \u00e9 mestranda em Educa\u00e7\u00e3o, La\u00edzi da Silva Santos e o convidado, enfermeiro mestrando em Educa\u00e7\u00e3o Carlos Willian Zanelato Souza.<br \/>\nProfessores das redes p\u00fablica e privada de ensino fundamental, m\u00e9dio, t\u00e9cnico e superior assistiram ao evento pela plataforma Google Meet.<br \/>\nO diretor acad\u00eamico da Unifadra Prof. Dr. Enio Garbelini explicou que o evento buscou a promo\u00e7\u00e3o de conhecimentos sobre a atual situa\u00e7\u00e3o da educa\u00e7\u00e3o brasileira e estrat\u00e9gias inovadoras nos estilos de aprendizagem dos estudantes.<br \/>\nA docente palestrante La\u00edzi da Silva Santos comentou que &#8220;compartilhar conhecimentos sobre as metodologias ativas, estrat\u00e9gias de gamifica\u00e7\u00e3o e discutir sobre a educa\u00e7\u00e3o em tempos de pandemia, com educadores que est\u00e3o no &#8216;ch\u00e3o da escola&#8217; \u00e9 muito animador, pois \u00e9 poss\u00edvel visualizar um desejo de inovar e tornar o ensino h\u00edbrido realidade&#8221;.<br \/>\n&#8220;Acredito que o minicurso surgiu em um momento muito oportuno, fazendo com que o docente se reinventasse e refletisse sobre suas pr\u00e1ticas. E trazer tais pr\u00e1ticas para o dom\u00ednio educacional, contextualizando sua aplicabilidade em processos pedag\u00f3gicos foi de grande valia, pois gera um melhor direcionamento na escolha das estrat\u00e9gias de ensino e aprendizagem, beneficiando assim os discentes&#8221;, ressaltou o convidado Carlos Willian Zanelato Souza.<br \/>\nA coordenadora do curso de Psicologia da Unifadra Profa. Ma. Andr\u00e9a Frizo de Carvalho Barbosa comentou que o minicurso promoveu reflex\u00f5es important\u00edssimas para o contexto atual. &#8220;Conversamos sobre o estudante digital, sobre a possibilidade e o uso de ferramentas digitais para desenvolver os conte\u00fados e promover conhecimentos, aprendemos a acessar algumas plataformas digitais e a desenvolver nossas aulas utilizando alguns recursos dispon\u00edveis, al\u00e9m de refletirmos sobre a sa\u00fade mental do profissional da educa\u00e7\u00e3o, tema de extrema relev\u00e2ncia neste momento de pandemia. Queremos promover novamente este minicurso, com a inten\u00e7\u00e3o de acessar um n\u00famero maior de professores. Desta forma, esses temas poder\u00e3o ser amplamente refletidos e os professores de Dracena e regi\u00e3o poder\u00e3o desenvolver alguns conhecimentos e recursos que os auxiliem em sua pr\u00e1tica docente&#8221;, finalizou a coordenadora.<\/span><\/p>\n<div class=\"gmail_signature\" dir=\"ltr\">\n<div dir=\"ltr\" style=\"text-align: justify;\">Carolina Colnago<br \/>\nAssistente de Comunica\u00e7\u00e3o<br \/>\nFunda\u00e7\u00e3o Dracenense de Educa\u00e7\u00e3o e Cultura<\/div>\n<\/div>\n","protected":false},"excerpt":{"rendered":"<p>O minicurso foi organizado pelo curso de Psicologia da institui\u00e7\u00e3o para docentes da regi\u00e3o. O curso de Psicologia da Unifadra realizou o minicurso on-line &#8220;Gera\u00e7\u00e3o conectada e o uso de metodologias inovadoras: impactos na contemporaneidade&#8221;, nos dias 24 e 25 de julho. O evento teve como palestrantes a docente da Unifadra, que \u00e9 mestranda em [&hellip;]<\/p>\n","protected":false},"author":1,"featured_media":32959,"comment_status":"closed","ping_status":"open","sticky":false,"template":"","format":"standard","meta":{"footnotes":""},"categories":[122],"tags":[],"class_list":["post-32958","post","type-post","status-publish","format-standard","has-post-thumbnail","hentry","category-saudeeducacaoeconcurso"],"_links":{"self":[{"href":"https:\/\/jorgezanoni.com.br\/2019\/wp-json\/wp\/v2\/posts\/32958","targetHints":{"allow":["GET"]}}],"collection":[{"href":"https:\/\/jorgezanoni.com.br\/2019\/wp-json\/wp\/v2\/posts"}],"about":[{"href":"https:\/\/jorgezanoni.com.br\/2019\/wp-json\/wp\/v2\/types\/post"}],"author":[{"embeddable":true,"href":"https:\/\/jorgezanoni.com.br\/2019\/wp-json\/wp\/v2\/users\/1"}],"replies":[{"embeddable":true,"href":"https:\/\/jorgezanoni.com.br\/2019\/wp-json\/wp\/v2\/comments?post=32958"}],"version-history":[{"count":0,"href":"https:\/\/jorgezanoni.com.br\/2019\/wp-json\/wp\/v2\/posts\/32958\/revisions"}],"wp:featuredmedia":[{"embeddable":true,"href":"https:\/\/jorgezanoni.com.br\/2019\/wp-json\/wp\/v2\/media\/32959"}],"wp:attachment":[{"href":"https:\/\/jorgezanoni.com.br\/2019\/wp-json\/wp\/v2\/media?parent=32958"}],"wp:term":[{"taxonomy":"category","embeddable":true,"href":"https:\/\/jorgezanoni.com.br\/2019\/wp-json\/wp\/v2\/categories?post=32958"},{"taxonomy":"post_tag","embeddable":true,"href":"https:\/\/jorgezanoni.com.br\/2019\/wp-json\/wp\/v2\/tags?post=32958"}],"curies":[{"name":"wp","href":"https:\/\/api.w.org\/{rel}","templated":true}]}}