{"id":32955,"date":"2020-08-17T14:23:08","date_gmt":"2020-08-17T14:23:08","guid":{"rendered":"https:\/\/jorgezanoni.com.br\/2019\/?p=32955"},"modified":"2020-08-17T14:23:08","modified_gmt":"2020-08-17T14:23:08","slug":"reta-final-ultimas-semanas-de-inscricoes-para-o-vestibular-de-inverno-da-unifadra-fundec-dracena","status":"publish","type":"post","link":"https:\/\/jorgezanoni.com.br\/2019\/reta-final-ultimas-semanas-de-inscricoes-para-o-vestibular-de-inverno-da-unifadra-fundec-dracena\/","title":{"rendered":"Reta final: \u00faltimas semanas de inscri\u00e7\u00f5es para o Vestibular de Inverno da Unifadra\/Fundec Dracena"},"content":{"rendered":"<p style=\"text-align: justify;\"><strong><i>Em raz\u00e3o da pandemia, os candidatos de todos os cursos podem se inscrever pela nota do ENEM. Para os cursos noturnos, os candidatos tamb\u00e9m podem optar pelo vestibular agendado.<\/i>\u00a0<\/strong><\/p>\n<p style=\"text-align: justify;\">Devido \u00e0 pandemia, a faculdade Unifadra\/Fundec de Dracena realizar\u00e1 seus processos seletivos de forma diferenciada. Para o curso de Medicina, o ingresso ser\u00e1 usando exclusivamente as notas do ENEM, e as inscri\u00e7\u00f5es podem ser feitas no site da Vunesp (<a href=\"https:\/\/www.vunesp.com.br\/FDEC1903\" target=\"_blank\" rel=\"noopener noreferrer\">https:\/\/www.vunesp.com.br\/FDEC1903<\/a>) at\u00e9 o dia 31 de agosto. Os candidatos poder\u00e3o utilizar a nota de provas do ENEM a partir do ano de 2016.<br \/>\nPara os cursos noturnos (Artes Visuais, An\u00e1lise e Desenvolvimento de Sistemas, Ci\u00eancias Biol\u00f3gicas, Educa\u00e7\u00e3o F\u00edsica, Enfermagem, Letras, Matem\u00e1tica, Pedagogia, Psicologia e Servi\u00e7o Social) o ingresso ser\u00e1 por meio de provas presenciais individuais agendadas ou tamb\u00e9m utilizando a nota do ENEM (pelo programa PROINF). As inscri\u00e7\u00f5es para os cursos noturnos v\u00e3o at\u00e9 28 de agosto, no site da Fundec.<br \/>\nO diretor acad\u00eamico da Unifadra Prof. Dr. Enio Garbelini destacou que o curso de Medicina recebe estudantes de todo o pa\u00eds, que buscam a melhor forma\u00e7\u00e3o profissional com metodologias inovadoras de ensino. &#8220;Nossa infraestrutura, aliada ao nosso excelente corpo docente, permite que os alunos tenham uma forma\u00e7\u00e3o de alta qualidade, preparando-os para o concorrido mercado de trabalho&#8221;, comentou o diretor.<\/p>\n<p style=\"text-align: justify;\">Agendamento das provas e informa\u00e7\u00f5es:\u00a0<a href=\"http:\/\/www.fundec.edu.br\/\" target=\"_blank\" rel=\"noopener noreferrer\">www.fundec.edu.br<\/a>\u00a0;\u00a0<a href=\"mailto:secretaria@fundec.edu.br\" rel=\"noreferrer\">secretaria@fundec.edu.br<\/a>\u00a0ou (18) 3821-9009 (atendimento das 8h \u00e0s 11h).<\/p>\n<div class=\"gmail_signature\" dir=\"ltr\">\n<div dir=\"ltr\" style=\"text-align: justify;\">Carolina Colnago<br \/>\nAssistente de Comunica\u00e7\u00e3o<br \/>\nFunda\u00e7\u00e3o Dracenense de Educa\u00e7\u00e3o e Cultura<\/div>\n<\/div>\n","protected":false},"excerpt":{"rendered":"<p>Em raz\u00e3o da pandemia, os candidatos de todos os cursos podem se inscrever pela nota do ENEM. Para os cursos noturnos, os candidatos tamb\u00e9m podem optar pelo vestibular agendado.\u00a0 Devido \u00e0 pandemia, a faculdade Unifadra\/Fundec de Dracena realizar\u00e1 seus processos seletivos de forma diferenciada. Para o curso de Medicina, o ingresso ser\u00e1 usando exclusivamente as [&hellip;]<\/p>\n","protected":false},"author":1,"featured_media":32956,"comment_status":"closed","ping_status":"open","sticky":false,"template":"","format":"standard","meta":{"footnotes":""},"categories":[122],"tags":[],"class_list":["post-32955","post","type-post","status-publish","format-standard","has-post-thumbnail","hentry","category-saudeeducacaoeconcurso"],"_links":{"self":[{"href":"https:\/\/jorgezanoni.com.br\/2019\/wp-json\/wp\/v2\/posts\/32955","targetHints":{"allow":["GET"]}}],"collection":[{"href":"https:\/\/jorgezanoni.com.br\/2019\/wp-json\/wp\/v2\/posts"}],"about":[{"href":"https:\/\/jorgezanoni.com.br\/2019\/wp-json\/wp\/v2\/types\/post"}],"author":[{"embeddable":true,"href":"https:\/\/jorgezanoni.com.br\/2019\/wp-json\/wp\/v2\/users\/1"}],"replies":[{"embeddable":true,"href":"https:\/\/jorgezanoni.com.br\/2019\/wp-json\/wp\/v2\/comments?post=32955"}],"version-history":[{"count":0,"href":"https:\/\/jorgezanoni.com.br\/2019\/wp-json\/wp\/v2\/posts\/32955\/revisions"}],"wp:featuredmedia":[{"embeddable":true,"href":"https:\/\/jorgezanoni.com.br\/2019\/wp-json\/wp\/v2\/media\/32956"}],"wp:attachment":[{"href":"https:\/\/jorgezanoni.com.br\/2019\/wp-json\/wp\/v2\/media?parent=32955"}],"wp:term":[{"taxonomy":"category","embeddable":true,"href":"https:\/\/jorgezanoni.com.br\/2019\/wp-json\/wp\/v2\/categories?post=32955"},{"taxonomy":"post_tag","embeddable":true,"href":"https:\/\/jorgezanoni.com.br\/2019\/wp-json\/wp\/v2\/tags?post=32955"}],"curies":[{"name":"wp","href":"https:\/\/api.w.org\/{rel}","templated":true}]}}