{"id":32942,"date":"2020-08-17T13:40:14","date_gmt":"2020-08-17T13:40:14","guid":{"rendered":"https:\/\/jorgezanoni.com.br\/2019\/?p=32942"},"modified":"2020-08-17T13:40:14","modified_gmt":"2020-08-17T13:40:14","slug":"apos-furtar-chave-de-moto-homem-e-preso-pela-policia-militar-em-dracena","status":"publish","type":"post","link":"https:\/\/jorgezanoni.com.br\/2019\/apos-furtar-chave-de-moto-homem-e-preso-pela-policia-militar-em-dracena\/","title":{"rendered":"Ap\u00f3s furtar chave de moto, homem \u00e9 preso pela Pol\u00edcia Militar em Dracena"},"content":{"rendered":"<p style=\"text-align: justify;\">AP\u00d3S FURTAR CHAVE DE MOTO, HOMEM \u00c9 PRESO PELA POL\u00cdCIA MILITAR EM DRACENA\/SP.<br \/>\nNa madrugada de hoje (17), por volta das 04h, os Policiais Militares de Dracena, foram acionados via Copom para atender ocorr\u00eancia de furto, onde um homem teria acabado de furtar as chaves de uma moto que estava na resid\u00eancia e ap\u00f3s ter sido surpreendido pelo morador, fugiu do local. Com as caracter\u00edsticas do autor, os po<span class=\"text_exposed_show\">liciais iniciaram patrulhamento pelas imedia\u00e7\u00f5es do local. Nas proximidades da esta\u00e7\u00e3o ferrovi\u00e1ria, lograram \u00eaxito em localizar e abordar o autor (49 anos), por\u00e9m j\u00e1 n\u00e3o estava mais com a chave da motocicleta. Diante do fato, foi dada voz de pris\u00e3o ao autor, permanecendo \u00e0 disposi\u00e7\u00e3o da justi\u00e7a.<\/p>\n<p><a class=\"_58cn\" href=\"https:\/\/www.facebook.com\/hashtag\/25bpmi?__eep__=6&amp;epa=HASHTAG\" data-ft=\"{&quot;type&quot;:104,&quot;tn&quot;:&quot;*N&quot;}\">#25BPMI<\/a><br \/>\n<a class=\"_58cn\" href=\"https:\/\/www.facebook.com\/hashtag\/poli%CC%81ciamilitarsp?__eep__=6&amp;epa=HASHTAG\" data-ft=\"{&quot;type&quot;:104,&quot;tn&quot;:&quot;*N&quot;}\">#POLI\u0301CIAMILITARSP<\/a><br \/>\n<a class=\"_58cn\" href=\"https:\/\/www.facebook.com\/hashtag\/afor%C3%A7ap%C3%BAblicades%C3%A3opaulo?__eep__=6&amp;epa=HASHTAG\" data-ft=\"{&quot;type&quot;:104,&quot;tn&quot;:&quot;*N&quot;}\">#AFOR\u00c7AP\u00daBLICADES\u00c3OPAULO<\/a><br \/>\nCOMUNICA\u00c7\u00c3O SOCIAL DO 25\u00b0BPM\/I<\/span><\/p>\n","protected":false},"excerpt":{"rendered":"<p>AP\u00d3S FURTAR CHAVE DE MOTO, HOMEM \u00c9 PRESO PELA POL\u00cdCIA MILITAR EM DRACENA\/SP. Na madrugada de hoje (17), por volta das 04h, os Policiais Militares de Dracena, foram acionados via Copom para atender ocorr\u00eancia de furto, onde um homem teria acabado de furtar as chaves de uma moto que estava na resid\u00eancia e ap\u00f3s ter [&hellip;]<\/p>\n","protected":false},"author":1,"featured_media":32943,"comment_status":"closed","ping_status":"open","sticky":false,"template":"","format":"standard","meta":{"footnotes":""},"categories":[110,2],"tags":[],"class_list":["post-32942","post","type-post","status-publish","format-standard","has-post-thumbnail","hentry","category-noticiasdestaque","category-policial"],"_links":{"self":[{"href":"https:\/\/jorgezanoni.com.br\/2019\/wp-json\/wp\/v2\/posts\/32942","targetHints":{"allow":["GET"]}}],"collection":[{"href":"https:\/\/jorgezanoni.com.br\/2019\/wp-json\/wp\/v2\/posts"}],"about":[{"href":"https:\/\/jorgezanoni.com.br\/2019\/wp-json\/wp\/v2\/types\/post"}],"author":[{"embeddable":true,"href":"https:\/\/jorgezanoni.com.br\/2019\/wp-json\/wp\/v2\/users\/1"}],"replies":[{"embeddable":true,"href":"https:\/\/jorgezanoni.com.br\/2019\/wp-json\/wp\/v2\/comments?post=32942"}],"version-history":[{"count":0,"href":"https:\/\/jorgezanoni.com.br\/2019\/wp-json\/wp\/v2\/posts\/32942\/revisions"}],"wp:featuredmedia":[{"embeddable":true,"href":"https:\/\/jorgezanoni.com.br\/2019\/wp-json\/wp\/v2\/media\/32943"}],"wp:attachment":[{"href":"https:\/\/jorgezanoni.com.br\/2019\/wp-json\/wp\/v2\/media?parent=32942"}],"wp:term":[{"taxonomy":"category","embeddable":true,"href":"https:\/\/jorgezanoni.com.br\/2019\/wp-json\/wp\/v2\/categories?post=32942"},{"taxonomy":"post_tag","embeddable":true,"href":"https:\/\/jorgezanoni.com.br\/2019\/wp-json\/wp\/v2\/tags?post=32942"}],"curies":[{"name":"wp","href":"https:\/\/api.w.org\/{rel}","templated":true}]}}