{"id":32939,"date":"2020-08-17T13:27:05","date_gmt":"2020-08-17T13:27:05","guid":{"rendered":"https:\/\/jorgezanoni.com.br\/2019\/?p=32939"},"modified":"2020-08-17T13:27:05","modified_gmt":"2020-08-17T13:27:05","slug":"mulher-de-87-anos-e-a-10o-vitima-que-morre-na-santa-casa-de-dracena-pela-covid-19","status":"publish","type":"post","link":"https:\/\/jorgezanoni.com.br\/2019\/mulher-de-87-anos-e-a-10o-vitima-que-morre-na-santa-casa-de-dracena-pela-covid-19\/","title":{"rendered":"Mulher de 87 anos \u00e9 a 10\u00ba v\u00edtima que morre na Santa Casa de Dracena pela COVID-19"},"content":{"rendered":"<p style=\"text-align: justify;\">Faleceu ontem (16) \u00e0s 21:00 Horas, uma paciente de 87 anos, que havia testado positivo para a COVID-19.<\/p>\n<p style=\"text-align: justify;\">Ela havia sido internada no dia 22 de julho e ontem n\u00e3o resistiu, vindo a \u00f3bito.<\/p>\n<p style=\"text-align: justify;\">\u00c9 o 17\u00ba caso de falecimento na Santa Casa, sendo a 10\u00aa pessoa moradora de Dracena.<\/p>\n<p>Fonte: Santa Casa<\/p>\n<p>&nbsp;<\/p>\n","protected":false},"excerpt":{"rendered":"<p>Faleceu ontem (16) \u00e0s 21:00 Horas, uma paciente de 87 anos, que havia testado positivo para a COVID-19. Ela havia sido internada no dia 22 de julho e ontem n\u00e3o resistiu, vindo a \u00f3bito. \u00c9 o 17\u00ba caso de falecimento na Santa Casa, sendo a 10\u00aa pessoa moradora de Dracena. Fonte: Santa Casa &nbsp;<\/p>\n","protected":false},"author":1,"featured_media":32940,"comment_status":"closed","ping_status":"open","sticky":false,"template":"","format":"standard","meta":{"footnotes":""},"categories":[110,122],"tags":[],"class_list":["post-32939","post","type-post","status-publish","format-standard","has-post-thumbnail","hentry","category-noticiasdestaque","category-saudeeducacaoeconcurso"],"_links":{"self":[{"href":"https:\/\/jorgezanoni.com.br\/2019\/wp-json\/wp\/v2\/posts\/32939","targetHints":{"allow":["GET"]}}],"collection":[{"href":"https:\/\/jorgezanoni.com.br\/2019\/wp-json\/wp\/v2\/posts"}],"about":[{"href":"https:\/\/jorgezanoni.com.br\/2019\/wp-json\/wp\/v2\/types\/post"}],"author":[{"embeddable":true,"href":"https:\/\/jorgezanoni.com.br\/2019\/wp-json\/wp\/v2\/users\/1"}],"replies":[{"embeddable":true,"href":"https:\/\/jorgezanoni.com.br\/2019\/wp-json\/wp\/v2\/comments?post=32939"}],"version-history":[{"count":0,"href":"https:\/\/jorgezanoni.com.br\/2019\/wp-json\/wp\/v2\/posts\/32939\/revisions"}],"wp:featuredmedia":[{"embeddable":true,"href":"https:\/\/jorgezanoni.com.br\/2019\/wp-json\/wp\/v2\/media\/32940"}],"wp:attachment":[{"href":"https:\/\/jorgezanoni.com.br\/2019\/wp-json\/wp\/v2\/media?parent=32939"}],"wp:term":[{"taxonomy":"category","embeddable":true,"href":"https:\/\/jorgezanoni.com.br\/2019\/wp-json\/wp\/v2\/categories?post=32939"},{"taxonomy":"post_tag","embeddable":true,"href":"https:\/\/jorgezanoni.com.br\/2019\/wp-json\/wp\/v2\/tags?post=32939"}],"curies":[{"name":"wp","href":"https:\/\/api.w.org\/{rel}","templated":true}]}}