{"id":32929,"date":"2020-08-17T12:39:00","date_gmt":"2020-08-17T12:39:00","guid":{"rendered":"https:\/\/jorgezanoni.com.br\/2019\/?p=32929"},"modified":"2020-08-17T12:39:46","modified_gmt":"2020-08-17T12:39:46","slug":"apos-agredir-companheira-com-socos-homem-e-preso-em-flor-rica","status":"publish","type":"post","link":"https:\/\/jorgezanoni.com.br\/2019\/apos-agredir-companheira-com-socos-homem-e-preso-em-flor-rica\/","title":{"rendered":"Ap\u00f3s agredir companheira com socos, homem \u00e9 preso em Flora Rica"},"content":{"rendered":"<p style=\"text-align: justify;\">VIOL\u00caNCIA DOM\u00c9STICA: AP\u00d3S AGREDIR EX-COMPANHEIRA COM SOCOS, HOMEM \u00c9 PRESO EM FLORA RICA.<br \/>\nNa tarde do dia 16\/08, por volta das 17h, os Policiais Militares de Flora Rica foram acionados para atender ocorr\u00eancia de agress\u00e3o. No local foi constatado que a vitima (32 anos) estava com o rosto entre o nariz e a boca coberto de sangue, alegando ter sido agredida pelo autor de 43 anos (ex-companheiro) com u<span class=\"text_exposed_show\">ma cabe\u00e7ada em seu nariz, ap\u00f3s pular o muro da resid\u00eancia. Diante dos fatos foi dada voz de pris\u00e3o para autor que ainda se encontrava pelo local. A vitima foi socorrida ao PS de Junqueir\u00f3polis\/SP, e ap\u00f3s passar por cuidados m\u00e9dicos, foi constatado fratura do osso nasal, ap\u00f3s ser medicada foi liberada. Autor foi conduzido \u00e0 delegacia de Adamantina, onde ap\u00f3s ser ouvido pelo delegado e ter pagado fian\u00e7a de R$1200,00, foi liberado para responder em liberdade.<\/span><\/p>\n<p><a class=\"_58cn\" href=\"https:\/\/www.facebook.com\/hashtag\/25bpmi?__eep__=6&amp;epa=HASHTAG\" data-ft=\"{&quot;type&quot;:104,&quot;tn&quot;:&quot;*N&quot;}\">#25BPMI<\/a><br \/>\n<a class=\"_58cn\" href=\"https:\/\/www.facebook.com\/hashtag\/poli%CC%81ciamilitarsp?__eep__=6&amp;epa=HASHTAG\" data-ft=\"{&quot;type&quot;:104,&quot;tn&quot;:&quot;*N&quot;}\">#POLI\u0301CIAMILITARSP<\/a><br \/>\n<a class=\"_58cn\" href=\"https:\/\/www.facebook.com\/hashtag\/afor%C3%A7ap%C3%BAblicades%C3%A3opaulo?__eep__=6&amp;epa=HASHTAG\" data-ft=\"{&quot;type&quot;:104,&quot;tn&quot;:&quot;*N&quot;}\">#AFOR\u00c7AP\u00daBLICADES\u00c3OPAULO<\/a><br \/>\nCOMUNICA\u00c7\u00c3O SOCIAL DO 25\u00b0BPM\/I<\/p>\n","protected":false},"excerpt":{"rendered":"<p>VIOL\u00caNCIA DOM\u00c9STICA: AP\u00d3S AGREDIR EX-COMPANHEIRA COM SOCOS, HOMEM \u00c9 PRESO EM FLORA RICA. Na tarde do dia 16\/08, por volta das 17h, os Policiais Militares de Flora Rica foram acionados para atender ocorr\u00eancia de agress\u00e3o. No local foi constatado que a vitima (32 anos) estava com o rosto entre o nariz e a boca coberto [&hellip;]<\/p>\n","protected":false},"author":1,"featured_media":32930,"comment_status":"closed","ping_status":"open","sticky":false,"template":"","format":"standard","meta":{"footnotes":""},"categories":[110,2],"tags":[],"class_list":["post-32929","post","type-post","status-publish","format-standard","has-post-thumbnail","hentry","category-noticiasdestaque","category-policial"],"_links":{"self":[{"href":"https:\/\/jorgezanoni.com.br\/2019\/wp-json\/wp\/v2\/posts\/32929","targetHints":{"allow":["GET"]}}],"collection":[{"href":"https:\/\/jorgezanoni.com.br\/2019\/wp-json\/wp\/v2\/posts"}],"about":[{"href":"https:\/\/jorgezanoni.com.br\/2019\/wp-json\/wp\/v2\/types\/post"}],"author":[{"embeddable":true,"href":"https:\/\/jorgezanoni.com.br\/2019\/wp-json\/wp\/v2\/users\/1"}],"replies":[{"embeddable":true,"href":"https:\/\/jorgezanoni.com.br\/2019\/wp-json\/wp\/v2\/comments?post=32929"}],"version-history":[{"count":0,"href":"https:\/\/jorgezanoni.com.br\/2019\/wp-json\/wp\/v2\/posts\/32929\/revisions"}],"wp:featuredmedia":[{"embeddable":true,"href":"https:\/\/jorgezanoni.com.br\/2019\/wp-json\/wp\/v2\/media\/32930"}],"wp:attachment":[{"href":"https:\/\/jorgezanoni.com.br\/2019\/wp-json\/wp\/v2\/media?parent=32929"}],"wp:term":[{"taxonomy":"category","embeddable":true,"href":"https:\/\/jorgezanoni.com.br\/2019\/wp-json\/wp\/v2\/categories?post=32929"},{"taxonomy":"post_tag","embeddable":true,"href":"https:\/\/jorgezanoni.com.br\/2019\/wp-json\/wp\/v2\/tags?post=32929"}],"curies":[{"name":"wp","href":"https:\/\/api.w.org\/{rel}","templated":true}]}}