{"id":32905,"date":"2020-08-17T00:34:00","date_gmt":"2020-08-17T00:34:00","guid":{"rendered":"https:\/\/jorgezanoni.com.br\/2019\/?p=32905"},"modified":"2020-08-17T00:34:57","modified_gmt":"2020-08-17T00:34:57","slug":"materia-do-site-jorge-zanoni-e-vista-por-mais-de-103-mil-pessoas","status":"publish","type":"post","link":"https:\/\/jorgezanoni.com.br\/2019\/materia-do-site-jorge-zanoni-e-vista-por-mais-de-103-mil-pessoas\/","title":{"rendered":"Mat\u00e9ria do Site Jorge Zanoni \u00e9 vista por mais de 103 mil pessoas"},"content":{"rendered":"<p style=\"text-align: justify;\">Uma \u00fanica mat\u00e9ria divulgada pelo <strong>SITE JORGE ZANONI<\/strong>, foi vista por nada menos que 103.438 pessoas. Foi no dia 3 de agosto de 2020 quando um acidente vitimou fatalmente 8 pessoas, deixou mais de 20 feridas e envolveu mais de 20 ve\u00edculos e caminh\u00f5es, no Paran\u00e1, pr\u00f3ximo a S\u00e3o Jos\u00e9 dos Pinhas, regi\u00e3o de Curitiba.<\/p>\n<p style=\"text-align: justify;\">VEJA O LINK DA MAT\u00c9RIA: https:\/\/jorgezanoni.com.br\/2019\/2020\/08\/03\/acidente-deixa-8-mortos-e-mais-de-20-feridos-na-br-277-em-sao-jose-dos-pinhais-pr\/<\/p>\n<p>Esse \u00e9 o jornalismo que pregamos sempre: &#8220;A NOT\u00cdCIA COM CREDIBILIDADE&#8221;.<\/p>\n<p style=\"text-align: justify;\">Agradecemos aos internautas que nos prestigiam e isso nos d\u00e1 for\u00e7a para continuarmos tentar melhorar a cada dia. Muito Obrigado.!!!<\/p>\n<p><img loading=\"lazy\" decoding=\"async\" class=\"alignnone size-full wp-image-32906\" src=\"https:\/\/jorgezanoni.com.br\/2019\/wp-content\/uploads\/2020\/08\/2020-08-16-2.png\" alt=\"\" width=\"1366\" height=\"768\" srcset=\"https:\/\/jorgezanoni.com.br\/2019\/wp-content\/uploads\/2020\/08\/2020-08-16-2.png 1366w, https:\/\/jorgezanoni.com.br\/2019\/wp-content\/uploads\/2020\/08\/2020-08-16-2-300x169.png 300w, https:\/\/jorgezanoni.com.br\/2019\/wp-content\/uploads\/2020\/08\/2020-08-16-2-1024x576.png 1024w, https:\/\/jorgezanoni.com.br\/2019\/wp-content\/uploads\/2020\/08\/2020-08-16-2-768x432.png 768w, https:\/\/jorgezanoni.com.br\/2019\/wp-content\/uploads\/2020\/08\/2020-08-16-2-696x391.png 696w, https:\/\/jorgezanoni.com.br\/2019\/wp-content\/uploads\/2020\/08\/2020-08-16-2-1068x600.png 1068w, https:\/\/jorgezanoni.com.br\/2019\/wp-content\/uploads\/2020\/08\/2020-08-16-2-747x420.png 747w\" sizes=\"auto, (max-width: 1366px) 100vw, 1366px\" \/><\/p>\n<p style=\"text-align: justify;\">Jorge Zanoni<\/p>\n","protected":false},"excerpt":{"rendered":"<p>Uma \u00fanica mat\u00e9ria divulgada pelo SITE JORGE ZANONI, foi vista por nada menos que 103.438 pessoas. Foi no dia 3 de agosto de 2020 quando um acidente vitimou fatalmente 8 pessoas, deixou mais de 20 feridas e envolveu mais de 20 ve\u00edculos e caminh\u00f5es, no Paran\u00e1, pr\u00f3ximo a S\u00e3o Jos\u00e9 dos Pinhas, regi\u00e3o de Curitiba. [&hellip;]<\/p>\n","protected":false},"author":1,"featured_media":32907,"comment_status":"closed","ping_status":"open","sticky":false,"template":"","format":"standard","meta":{"footnotes":""},"categories":[170,110],"tags":[],"class_list":["post-32905","post","type-post","status-publish","format-standard","has-post-thumbnail","hentry","category-acidentes","category-noticiasdestaque"],"_links":{"self":[{"href":"https:\/\/jorgezanoni.com.br\/2019\/wp-json\/wp\/v2\/posts\/32905","targetHints":{"allow":["GET"]}}],"collection":[{"href":"https:\/\/jorgezanoni.com.br\/2019\/wp-json\/wp\/v2\/posts"}],"about":[{"href":"https:\/\/jorgezanoni.com.br\/2019\/wp-json\/wp\/v2\/types\/post"}],"author":[{"embeddable":true,"href":"https:\/\/jorgezanoni.com.br\/2019\/wp-json\/wp\/v2\/users\/1"}],"replies":[{"embeddable":true,"href":"https:\/\/jorgezanoni.com.br\/2019\/wp-json\/wp\/v2\/comments?post=32905"}],"version-history":[{"count":0,"href":"https:\/\/jorgezanoni.com.br\/2019\/wp-json\/wp\/v2\/posts\/32905\/revisions"}],"wp:featuredmedia":[{"embeddable":true,"href":"https:\/\/jorgezanoni.com.br\/2019\/wp-json\/wp\/v2\/media\/32907"}],"wp:attachment":[{"href":"https:\/\/jorgezanoni.com.br\/2019\/wp-json\/wp\/v2\/media?parent=32905"}],"wp:term":[{"taxonomy":"category","embeddable":true,"href":"https:\/\/jorgezanoni.com.br\/2019\/wp-json\/wp\/v2\/categories?post=32905"},{"taxonomy":"post_tag","embeddable":true,"href":"https:\/\/jorgezanoni.com.br\/2019\/wp-json\/wp\/v2\/tags?post=32905"}],"curies":[{"name":"wp","href":"https:\/\/api.w.org\/{rel}","templated":true}]}}