{"id":32893,"date":"2020-08-16T21:40:33","date_gmt":"2020-08-16T21:40:33","guid":{"rendered":"https:\/\/jorgezanoni.com.br\/2019\/?p=32893"},"modified":"2020-08-16T21:40:33","modified_gmt":"2020-08-16T21:40:33","slug":"caminhao-carregado-de-caixas-de-detergente-tomba-na-br-153","status":"publish","type":"post","link":"https:\/\/jorgezanoni.com.br\/2019\/caminhao-carregado-de-caixas-de-detergente-tomba-na-br-153\/","title":{"rendered":"Caminh\u00e3o carregado de caixas de detergente tomba na BR-153"},"content":{"rendered":"<h2 class=\"content-head__subtitle\" style=\"text-align: justify;\"><strong>Ve\u00edculo ficou atravessado na pista e quase toda a carga se espalhou. N\u00e3o h\u00e1 informa\u00e7\u00f5es de feridos. Foi em Getulina.<\/strong><\/h2>\n<div class=\"mc-column content-text active-extra-styles \" data-block-type=\"unstyled\" data-block-weight=\"22\" data-block-id=\"2\">\n<p class=\"content-text__container \" style=\"text-align: justify;\" data-track-category=\"Link no Texto\" data-track-links=\"\">Um caminh\u00e3o tombou no km 201 da Rodovia Transbrasiliana (BR-153) entre Getulina e Guaimb\u00ea no fim da tarde deste domingo (16).<\/p>\n<\/div>\n<div class=\"wall protected-content\">\n<div class=\"mc-column content-text active-extra-styles \" style=\"text-align: justify;\" data-block-type=\"unstyled\" data-block-weight=\"41\" data-block-id=\"3\">\n<p class=\"content-text__container \" data-track-category=\"Link no Texto\" data-track-links=\"\">Segundo informa\u00e7\u00f5es da Pol\u00edcia Rodovi\u00e1ria Federal, o ve\u00edculo estava carregada com caixas de detergente e a carga se espalhou na pista. A parte de cima do ba\u00fa do caminh\u00e3o se soltou e as caixas do produto ficaram espalhadas pela via.<\/p>\n<\/div>\n<div class=\"row medium-uncollapsed content-media content-photo\" style=\"text-align: justify;\" data-block-type=\"backstage-photo\" data-block-id=\"4\">\n<div class=\"mc-column content-media__container\">\n<figure><img decoding=\"async\" class=\"i-amphtml-fill-content i-amphtml-replaced-content\" src=\"https:\/\/s2.glbimg.com\/gbz4uXirNozlzyg1KGJPhAXOwM8=\/0x0:1114x672\/984x0\/smart\/filters:strip_icc()\/i.s3.glbimg.com\/v1\/AUTH_59edd422c0c84a879bd37670ae4f538a\/internal_photos\/bs\/2020\/C\/o\/GHwO1YQdO5rveqYCLSkg\/acidente-br153-2.jpg\" sizes=\"(max-width: 1242px) 648px, 100vw\" srcset=\"https:\/\/s2.glbimg.com\/92zc6iWAIPhy7rV1vr1MadfBBXA=\/0x0:1114x672\/1000x0\/smart\/filters:strip_icc()\/i.s3.glbimg.com\/v1\/AUTH_59edd422c0c84a879bd37670ae4f538a\/internal_photos\/bs\/2020\/C\/o\/GHwO1YQdO5rveqYCLSkg\/acidente-br153-2.jpg 1000w, https:\/\/s2.glbimg.com\/gbz4uXirNozlzyg1KGJPhAXOwM8=\/0x0:1114x672\/984x0\/smart\/filters:strip_icc()\/i.s3.glbimg.com\/v1\/AUTH_59edd422c0c84a879bd37670ae4f538a\/internal_photos\/bs\/2020\/C\/o\/GHwO1YQdO5rveqYCLSkg\/acidente-br153-2.jpg 984w, https:\/\/s2.glbimg.com\/ff3ce8P25CwZsxLOoiD-gPDQt7U=\/0x0:1114x672\/640x0\/smart\/filters:strip_icc()\/i.s3.glbimg.com\/v1\/AUTH_59edd422c0c84a879bd37670ae4f538a\/internal_photos\/bs\/2020\/C\/o\/GHwO1YQdO5rveqYCLSkg\/acidente-br153-2.jpg 640w, https:\/\/s2.glbimg.com\/Njj2eGU7C_mU8_YYawKv1AQgaGY=\/0x0:1114x672\/600x0\/smart\/filters:strip_icc()\/i.s3.glbimg.com\/v1\/AUTH_59edd422c0c84a879bd37670ae4f538a\/internal_photos\/bs\/2020\/C\/o\/GHwO1YQdO5rveqYCLSkg\/acidente-br153-2.jpg 600w\" alt=\"Parte de cima do caminh\u00e3o se soltou ap\u00f3s o ve\u00edculo tombar na BR-153  \u2014 Foto: Felipe Modesto \/ TV TEM \" \/><\/figure>\n<p class=\"content-media__description \">Parte de cima do caminh\u00e3o se soltou ap\u00f3s o ve\u00edculo tombar na BR-153 \u2014 Foto: Felipe Modesto \/ TV TEM<\/p>\n<\/div>\n<\/div>\n<div class=\"mc-column content-text active-extra-styles \" style=\"text-align: justify;\" data-block-type=\"unstyled\" data-block-weight=\"29\" data-block-id=\"5\">\n<p class=\"content-text__container \" data-track-category=\"Link no Texto\" data-track-links=\"\">Ainda de acordo com a PRF, meia pista da rodovia precisou ser interditada para a retirada da carga e do ve\u00edculo. N\u00e3o h\u00e1 informa\u00e7\u00f5es de feridos no acidente.<\/p>\n<\/div>\n<div class=\"row medium-uncollapsed content-media content-photo\" data-block-type=\"backstage-photo\" data-block-id=\"6\">\n<div class=\"mc-column content-media__container\">\n<figure style=\"text-align: justify;\"><img decoding=\"async\" class=\"i-amphtml-fill-content i-amphtml-replaced-content\" src=\"https:\/\/s2.glbimg.com\/z7JX2i6JSAuN4GfDHaNZIDlldYQ=\/0x0:1158x695\/984x0\/smart\/filters:strip_icc()\/i.s3.glbimg.com\/v1\/AUTH_59edd422c0c84a879bd37670ae4f538a\/internal_photos\/bs\/2020\/x\/c\/f2ogjCSAOlSzxhrpRcJw\/acidente-br153-3.jpg\" sizes=\"(max-width: 1242px) 648px, 100vw\" srcset=\"https:\/\/s2.glbimg.com\/yrQ12VHqn46yrqfvFkNji5KxZno=\/0x0:1158x695\/1000x0\/smart\/filters:strip_icc()\/i.s3.glbimg.com\/v1\/AUTH_59edd422c0c84a879bd37670ae4f538a\/internal_photos\/bs\/2020\/x\/c\/f2ogjCSAOlSzxhrpRcJw\/acidente-br153-3.jpg 1000w, https:\/\/s2.glbimg.com\/z7JX2i6JSAuN4GfDHaNZIDlldYQ=\/0x0:1158x695\/984x0\/smart\/filters:strip_icc()\/i.s3.glbimg.com\/v1\/AUTH_59edd422c0c84a879bd37670ae4f538a\/internal_photos\/bs\/2020\/x\/c\/f2ogjCSAOlSzxhrpRcJw\/acidente-br153-3.jpg 984w, https:\/\/s2.glbimg.com\/PVCC-nFed16zoTdR4CrrPFR_COY=\/0x0:1158x695\/640x0\/smart\/filters:strip_icc()\/i.s3.glbimg.com\/v1\/AUTH_59edd422c0c84a879bd37670ae4f538a\/internal_photos\/bs\/2020\/x\/c\/f2ogjCSAOlSzxhrpRcJw\/acidente-br153-3.jpg 640w, https:\/\/s2.glbimg.com\/gC-n25FiZWiDSMHpdM_ooSDwrys=\/0x0:1158x695\/600x0\/smart\/filters:strip_icc()\/i.s3.glbimg.com\/v1\/AUTH_59edd422c0c84a879bd37670ae4f538a\/internal_photos\/bs\/2020\/x\/c\/f2ogjCSAOlSzxhrpRcJw\/acidente-br153-3.jpg 600w\" alt=\"Caminh\u00e3o ficou atravessado e bloqueou a pista entre Getulina e Guaimb\u00ea  \u2014 Foto: Felipe Modesto \/ TV TEM \" \/><\/figure>\n<p class=\"content-media__description \" style=\"text-align: justify;\">Caminh\u00e3o ficou atravessado e bloqueou a pista entre Getulina e Guaimb\u00ea \u2014 Foto: Felipe Modesto \/ TV TEM<\/p>\n<p style=\"text-align: justify;\">Fonte: G1<\/p>\n<\/div>\n<\/div>\n<\/div>\n","protected":false},"excerpt":{"rendered":"<p>Ve\u00edculo ficou atravessado na pista e quase toda a carga se espalhou. N\u00e3o h\u00e1 informa\u00e7\u00f5es de feridos. Foi em Getulina. Um caminh\u00e3o tombou no km 201 da Rodovia Transbrasiliana (BR-153) entre Getulina e Guaimb\u00ea no fim da tarde deste domingo (16). Segundo informa\u00e7\u00f5es da Pol\u00edcia Rodovi\u00e1ria Federal, o ve\u00edculo estava carregada com caixas de detergente [&hellip;]<\/p>\n","protected":false},"author":1,"featured_media":32894,"comment_status":"closed","ping_status":"open","sticky":false,"template":"","format":"standard","meta":{"footnotes":""},"categories":[170,110],"tags":[],"class_list":["post-32893","post","type-post","status-publish","format-standard","has-post-thumbnail","hentry","category-acidentes","category-noticiasdestaque"],"_links":{"self":[{"href":"https:\/\/jorgezanoni.com.br\/2019\/wp-json\/wp\/v2\/posts\/32893","targetHints":{"allow":["GET"]}}],"collection":[{"href":"https:\/\/jorgezanoni.com.br\/2019\/wp-json\/wp\/v2\/posts"}],"about":[{"href":"https:\/\/jorgezanoni.com.br\/2019\/wp-json\/wp\/v2\/types\/post"}],"author":[{"embeddable":true,"href":"https:\/\/jorgezanoni.com.br\/2019\/wp-json\/wp\/v2\/users\/1"}],"replies":[{"embeddable":true,"href":"https:\/\/jorgezanoni.com.br\/2019\/wp-json\/wp\/v2\/comments?post=32893"}],"version-history":[{"count":0,"href":"https:\/\/jorgezanoni.com.br\/2019\/wp-json\/wp\/v2\/posts\/32893\/revisions"}],"wp:featuredmedia":[{"embeddable":true,"href":"https:\/\/jorgezanoni.com.br\/2019\/wp-json\/wp\/v2\/media\/32894"}],"wp:attachment":[{"href":"https:\/\/jorgezanoni.com.br\/2019\/wp-json\/wp\/v2\/media?parent=32893"}],"wp:term":[{"taxonomy":"category","embeddable":true,"href":"https:\/\/jorgezanoni.com.br\/2019\/wp-json\/wp\/v2\/categories?post=32893"},{"taxonomy":"post_tag","embeddable":true,"href":"https:\/\/jorgezanoni.com.br\/2019\/wp-json\/wp\/v2\/tags?post=32893"}],"curies":[{"name":"wp","href":"https:\/\/api.w.org\/{rel}","templated":true}]}}