{"id":32884,"date":"2020-08-16T14:58:46","date_gmt":"2020-08-16T14:58:46","guid":{"rendered":"https:\/\/jorgezanoni.com.br\/2019\/?p=32884"},"modified":"2020-08-16T14:59:29","modified_gmt":"2020-08-16T14:59:29","slug":"cadela-da-pm-localiza-porcoes-de-maconha-em-sacola-parcialmente-enterrada-em-linha-ferrea","status":"publish","type":"post","link":"https:\/\/jorgezanoni.com.br\/2019\/cadela-da-pm-localiza-porcoes-de-maconha-em-sacola-parcialmente-enterrada-em-linha-ferrea\/","title":{"rendered":"Cadela da PM localiza por\u00e7\u00f5es de maconha em sacola parcialmente enterrada em linha f\u00e9rrea"},"content":{"rendered":"<h2 class=\"content-head__subtitle\" style=\"text-align: justify;\"><strong>Um homem e uma mulher que estavam pr\u00f3ximos ao local, em Pacaembu, foram detidos e levados para a Delegacia de Pol\u00edcia Civil.<\/strong><\/h2>\n<div class=\"mc-column content-text active-extra-styles \" data-block-type=\"unstyled\" data-block-weight=\"35\" data-block-id=\"2\">\n<p class=\"content-text__container \" style=\"text-align: justify;\" data-track-category=\"Link no Texto\" data-track-links=\"\">A Pol\u00edcia Militar, com apoio do canil, localizou 16 por\u00e7\u00f5es de maconha que estavam enterradas perto da linha f\u00e9rrea, no Bairro Guarani\u00fava, em\u00a0<a href=\"https:\/\/g1.globo.com\/sp\/presidente-prudente-regiao\/cidade\/pacaembu\/\">Pacaembu<\/a>. A ocorr\u00eancia foi neste s\u00e1bado (15) e duas pessoas foram detidas.<\/p>\n<\/div>\n<div class=\"wall protected-content\">\n<div class=\"mc-column content-text active-extra-styles \" style=\"text-align: justify;\" data-block-type=\"unstyled\" data-block-weight=\"39\" data-block-id=\"3\">\n<p class=\"content-text__container \" data-track-category=\"Link no Texto\" data-track-links=\"\">De acordo com a PM, a equipe recebeu a den\u00fancia de que um homem de 34 anos e uma mulher, de 20, teriam descido de um carro perto de uma constru\u00e7\u00e3o e seguido a p\u00e9 para a linha f\u00e9rrea.<\/p>\n<\/div>\n<div class=\"mc-column content-text active-extra-styles \" style=\"text-align: justify;\" data-block-type=\"unstyled\" data-block-weight=\"41\" data-block-id=\"4\">\n<p class=\"content-text__container \" data-track-category=\"Link no Texto\" data-track-links=\"\">O policiais foram at\u00e9 o local e encontraram o carro. J\u00e1 na linha f\u00e9rrea, a PM avistou a dupla. A mulher tentou correr, mas foi detida. Os dois foram separados e deram vers\u00f5es diferentes sobre o motivo de esteram por ali.<\/p>\n<\/div>\n<div class=\"mc-column content-text active-extra-styles \" style=\"text-align: justify;\" data-block-type=\"unstyled\" data-block-weight=\"25\" data-block-id=\"5\">\n<p class=\"content-text__container \" data-track-category=\"Link no Texto\" data-track-links=\"\">O canil foi acionado e a cadela Emy farejou uma sacola parcialmente enterrada. Dentro havia 16 por\u00e7\u00f5es de maconha. Eles negaram a propriedade do material.<\/p>\n<\/div>\n<div class=\"mc-column content-text active-extra-styles \" style=\"text-align: justify;\" data-block-type=\"unstyled\" data-block-weight=\"40\" data-block-id=\"6\">\n<p class=\"content-text__container \" data-track-category=\"Link no Texto\" data-track-links=\"\">Os dois foram detidos e levados para a Delegacia de Pol\u00edcia Civil de Adamantina, onde a ocorr\u00eancia foi registrada para averigua\u00e7\u00e3o de tr\u00e1fico de drogas. Foram apreendidos um celular e dinheiro. O homem e a mulher foram ouvidos e liberados.<\/p>\n<\/div>\n<div class=\"row medium-uncollapsed content-media content-photo\" data-block-type=\"backstage-photo\" data-block-id=\"7\">\n<div class=\"mc-column content-media__container\">\n<figure style=\"text-align: justify;\"><img decoding=\"async\" class=\"i-amphtml-fill-content i-amphtml-replaced-content\" src=\"https:\/\/s2.glbimg.com\/XL4pCLoToxiizbQsrWLOEVyy2vk=\/0x0:981x1280\/984x0\/smart\/filters:strip_icc()\/i.s3.glbimg.com\/v1\/AUTH_59edd422c0c84a879bd37670ae4f538a\/internal_photos\/bs\/2020\/r\/A\/Q1Y2oSSeSFkUc8tYOUBA\/whatsapp-image-2020-08-15-at-15.37.56.jpeg\" sizes=\"(max-width: 1242px) 648px, 100vw\" srcset=\"https:\/\/s2.glbimg.com\/T79WSqeE2FX4EAAaTwijINU9BLQ=\/0x0:981x1280\/1000x0\/smart\/filters:strip_icc()\/i.s3.glbimg.com\/v1\/AUTH_59edd422c0c84a879bd37670ae4f538a\/internal_photos\/bs\/2020\/r\/A\/Q1Y2oSSeSFkUc8tYOUBA\/whatsapp-image-2020-08-15-at-15.37.56.jpeg 1000w, https:\/\/s2.glbimg.com\/XL4pCLoToxiizbQsrWLOEVyy2vk=\/0x0:981x1280\/984x0\/smart\/filters:strip_icc()\/i.s3.glbimg.com\/v1\/AUTH_59edd422c0c84a879bd37670ae4f538a\/internal_photos\/bs\/2020\/r\/A\/Q1Y2oSSeSFkUc8tYOUBA\/whatsapp-image-2020-08-15-at-15.37.56.jpeg 984w, https:\/\/s2.glbimg.com\/Eozs7A7eSmfuH1VwtzDUQ6aaETI=\/0x0:981x1280\/640x0\/smart\/filters:strip_icc()\/i.s3.glbimg.com\/v1\/AUTH_59edd422c0c84a879bd37670ae4f538a\/internal_photos\/bs\/2020\/r\/A\/Q1Y2oSSeSFkUc8tYOUBA\/whatsapp-image-2020-08-15-at-15.37.56.jpeg 640w, https:\/\/s2.glbimg.com\/fjkHCfxAdlFa4wnpgsxhJu9iJx4=\/0x0:981x1280\/600x0\/smart\/filters:strip_icc()\/i.s3.glbimg.com\/v1\/AUTH_59edd422c0c84a879bd37670ae4f538a\/internal_photos\/bs\/2020\/r\/A\/Q1Y2oSSeSFkUc8tYOUBA\/whatsapp-image-2020-08-15-at-15.37.56.jpeg 600w\" alt=\"Por\u00e7\u00f5es de maconha foram farejadas pela cadela Emy \u2014 Foto: Pol\u00edcia Militar\" \/><\/figure>\n<p class=\"content-media__description \" style=\"text-align: justify;\">Por\u00e7\u00f5es de maconha foram farejadas pela cadela Emy \u2014 Foto: Pol\u00edcia Militar<\/p>\n<p style=\"text-align: justify;\">Fonte: G1<\/p>\n<\/div>\n<\/div>\n<\/div>\n","protected":false},"excerpt":{"rendered":"<p>Um homem e uma mulher que estavam pr\u00f3ximos ao local, em Pacaembu, foram detidos e levados para a Delegacia de Pol\u00edcia Civil. A Pol\u00edcia Militar, com apoio do canil, localizou 16 por\u00e7\u00f5es de maconha que estavam enterradas perto da linha f\u00e9rrea, no Bairro Guarani\u00fava, em\u00a0Pacaembu. A ocorr\u00eancia foi neste s\u00e1bado (15) e duas pessoas foram [&hellip;]<\/p>\n","protected":false},"author":1,"featured_media":32885,"comment_status":"closed","ping_status":"open","sticky":false,"template":"","format":"standard","meta":{"footnotes":""},"categories":[110,2],"tags":[],"class_list":["post-32884","post","type-post","status-publish","format-standard","has-post-thumbnail","hentry","category-noticiasdestaque","category-policial"],"_links":{"self":[{"href":"https:\/\/jorgezanoni.com.br\/2019\/wp-json\/wp\/v2\/posts\/32884","targetHints":{"allow":["GET"]}}],"collection":[{"href":"https:\/\/jorgezanoni.com.br\/2019\/wp-json\/wp\/v2\/posts"}],"about":[{"href":"https:\/\/jorgezanoni.com.br\/2019\/wp-json\/wp\/v2\/types\/post"}],"author":[{"embeddable":true,"href":"https:\/\/jorgezanoni.com.br\/2019\/wp-json\/wp\/v2\/users\/1"}],"replies":[{"embeddable":true,"href":"https:\/\/jorgezanoni.com.br\/2019\/wp-json\/wp\/v2\/comments?post=32884"}],"version-history":[{"count":0,"href":"https:\/\/jorgezanoni.com.br\/2019\/wp-json\/wp\/v2\/posts\/32884\/revisions"}],"wp:featuredmedia":[{"embeddable":true,"href":"https:\/\/jorgezanoni.com.br\/2019\/wp-json\/wp\/v2\/media\/32885"}],"wp:attachment":[{"href":"https:\/\/jorgezanoni.com.br\/2019\/wp-json\/wp\/v2\/media?parent=32884"}],"wp:term":[{"taxonomy":"category","embeddable":true,"href":"https:\/\/jorgezanoni.com.br\/2019\/wp-json\/wp\/v2\/categories?post=32884"},{"taxonomy":"post_tag","embeddable":true,"href":"https:\/\/jorgezanoni.com.br\/2019\/wp-json\/wp\/v2\/tags?post=32884"}],"curies":[{"name":"wp","href":"https:\/\/api.w.org\/{rel}","templated":true}]}}