{"id":32878,"date":"2020-08-16T14:38:28","date_gmt":"2020-08-16T14:38:28","guid":{"rendered":"https:\/\/jorgezanoni.com.br\/2019\/?p=32878"},"modified":"2020-08-16T14:38:28","modified_gmt":"2020-08-16T14:38:28","slug":"apos-denuncia-forca-tatica-apreende-armas-de-fogo-municoes-e-facas-em-regente-feijo","status":"publish","type":"post","link":"https:\/\/jorgezanoni.com.br\/2019\/apos-denuncia-forca-tatica-apreende-armas-de-fogo-municoes-e-facas-em-regente-feijo\/","title":{"rendered":"Ap\u00f3s den\u00fancia, For\u00e7a T\u00e1tica apreende armas de fogo, muni\u00e7\u00f5es e facas em Regente Feij\u00f3"},"content":{"rendered":"<h2 class=\"content-head__subtitle\" style=\"text-align: justify;\"><strong>Sobre duas espingardas, homem alegou que era uma heran\u00e7a do av\u00f4 e do pai. Ocorr\u00eancia foi neste s\u00e1bado (15).<\/strong><\/h2>\n<div class=\"mc-column content-text active-extra-styles \" data-block-type=\"unstyled\" data-block-weight=\"35\" data-block-id=\"2\">\n<p class=\"content-text__container \" style=\"text-align: justify;\" data-track-category=\"Link no Texto\" data-track-links=\"\">Armas de fogo, muni\u00e7\u00f5es e v\u00e1rias facas foram apreendidas pela Pol\u00edcia Militar em\u00a0<a href=\"http:\/\/g1.globo.com\/sp\/presidente-prudente-regiao\/cidade\/regente-feijo.html\">Regente Feij\u00f3<\/a>, neste domingo (15). Um homem, de 45 anos, foi detido em flagrante e deve responder pela posse ilegal do armamento.<\/p>\n<\/div>\n<div class=\"wall protected-content\">\n<div class=\"mc-column content-text active-extra-styles \" style=\"text-align: justify;\" data-block-type=\"unstyled\" data-block-weight=\"34\" data-block-id=\"3\">\n<p class=\"content-text__container \" data-track-category=\"Link no Texto\" data-track-links=\"\">Ap\u00f3s den\u00fancias de viol\u00eancia dom\u00e9stica, policiais da For\u00e7a T\u00e1tica foram at\u00e9 a casa do suspeito. Ele foi localizado e informado de tais informa\u00e7\u00f5es, momento em que, \u201cde imediato\u201d, assumiu possuir armas de fogo.<\/p>\n<\/div>\n<div class=\"mc-column content-text active-extra-styles \" style=\"text-align: justify;\" data-block-type=\"unstyled\" data-block-weight=\"30\" data-block-id=\"4\">\n<p class=\"content-text__container \" data-track-category=\"Link no Texto\" data-track-links=\"\">Na sequ\u00eancia, de acordo com a PM, o homem indicou que o armamento estava guardado em um c\u00f4modo que era usado para guardar materiais de um \u201clava-jato\u201d existente no local.<\/p>\n<\/div>\n<div class=\"mc-column content-text active-extra-styles \" style=\"text-align: justify;\" data-block-type=\"unstyled\" data-block-weight=\"62\" data-block-id=\"5\">\n<p class=\"content-text__container \" data-track-category=\"Link no Texto\" data-track-links=\"\">No c\u00f4modo, os policiais localizaram tr\u00eas espingardas \u2013 uma de calibre 36, uma sem calibre definido e uma de press\u00e3o, um rev\u00f3lver de calibre 38, com coldre, 59 muni\u00e7\u00f5es de calibre 38, tr\u00eas muni\u00e7\u00f5es de calibre 25, uma muni\u00e7\u00e3o de calibre 7,62, seis estojos de muni\u00e7\u00e3o calibre 38 e um estojo de muni\u00e7\u00e3o calibre 357, al\u00e9m de 12 facas de ca\u00e7a.<\/p>\n<\/div>\n<div class=\"mc-column content-text active-extra-styles \" style=\"text-align: justify;\" data-block-type=\"unstyled\" data-block-weight=\"9\" data-block-id=\"6\">\n<p class=\"content-text__container \" data-track-category=\"Link no Texto\" data-track-links=\"\">Nada mais de il\u00edcito localizado durante revista naquele local.<\/p>\n<\/div>\n<div class=\"mc-column content-text active-extra-styles \" style=\"text-align: justify;\" data-block-type=\"unstyled\" data-block-weight=\"57\" data-block-id=\"7\">\n<p class=\"content-text__container \" data-track-category=\"Link no Texto\" data-track-links=\"\">Sobre o armamento, o indiv\u00edduo informou aos policiais que duas espingardas eram heran\u00e7a do av\u00f4 e do pai. Ele tamb\u00e9m disse que o rev\u00f3lver havia sido adquirido h\u00e1 muitos anos e com advento do estatuto do desarmamento n\u00e3o conseguiu regularizar o porte e registro, bem como relatou que a espingarda de press\u00e3o \u00e9 usada para seu lazer.<\/p>\n<\/div>\n<div class=\"mc-column content-text active-extra-styles \" style=\"text-align: justify;\" data-block-type=\"unstyled\" data-block-weight=\"24\" data-block-id=\"9\">\n<p class=\"content-text__container \" data-track-category=\"Link no Texto\" data-track-links=\"\">Sobre as muni\u00e7\u00f5es, o homem relatou que foram adquiridas no mercado paralelo. J\u00e1 em rela\u00e7\u00e3o \u00e0s facas, ele alegou as possuir por ser colecionador.<\/p>\n<\/div>\n<div class=\"mc-column content-text active-extra-styles \" data-block-type=\"unstyled\" data-block-weight=\"31\" data-block-id=\"10\">\n<p class=\"content-text__container \" style=\"text-align: justify;\" data-track-category=\"Link no Texto\" data-track-links=\"\">Os objetos e o homem foram conduzidos at\u00e9 a Delegacia da Pol\u00edcia Civil, onde foi ratificada a voz de pris\u00e3o em flagrante em desfavor do denunciado e apreendido o armamento.<\/p>\n<p data-track-category=\"Link no Texto\" data-track-links=\"\">Fonte: G1<\/p>\n<\/div>\n<\/div>\n","protected":false},"excerpt":{"rendered":"<p>Sobre duas espingardas, homem alegou que era uma heran\u00e7a do av\u00f4 e do pai. Ocorr\u00eancia foi neste s\u00e1bado (15). Armas de fogo, muni\u00e7\u00f5es e v\u00e1rias facas foram apreendidas pela Pol\u00edcia Militar em\u00a0Regente Feij\u00f3, neste domingo (15). Um homem, de 45 anos, foi detido em flagrante e deve responder pela posse ilegal do armamento. Ap\u00f3s den\u00fancias [&hellip;]<\/p>\n","protected":false},"author":1,"featured_media":32879,"comment_status":"closed","ping_status":"open","sticky":false,"template":"","format":"standard","meta":{"footnotes":""},"categories":[110,2],"tags":[],"class_list":["post-32878","post","type-post","status-publish","format-standard","has-post-thumbnail","hentry","category-noticiasdestaque","category-policial"],"_links":{"self":[{"href":"https:\/\/jorgezanoni.com.br\/2019\/wp-json\/wp\/v2\/posts\/32878","targetHints":{"allow":["GET"]}}],"collection":[{"href":"https:\/\/jorgezanoni.com.br\/2019\/wp-json\/wp\/v2\/posts"}],"about":[{"href":"https:\/\/jorgezanoni.com.br\/2019\/wp-json\/wp\/v2\/types\/post"}],"author":[{"embeddable":true,"href":"https:\/\/jorgezanoni.com.br\/2019\/wp-json\/wp\/v2\/users\/1"}],"replies":[{"embeddable":true,"href":"https:\/\/jorgezanoni.com.br\/2019\/wp-json\/wp\/v2\/comments?post=32878"}],"version-history":[{"count":0,"href":"https:\/\/jorgezanoni.com.br\/2019\/wp-json\/wp\/v2\/posts\/32878\/revisions"}],"wp:featuredmedia":[{"embeddable":true,"href":"https:\/\/jorgezanoni.com.br\/2019\/wp-json\/wp\/v2\/media\/32879"}],"wp:attachment":[{"href":"https:\/\/jorgezanoni.com.br\/2019\/wp-json\/wp\/v2\/media?parent=32878"}],"wp:term":[{"taxonomy":"category","embeddable":true,"href":"https:\/\/jorgezanoni.com.br\/2019\/wp-json\/wp\/v2\/categories?post=32878"},{"taxonomy":"post_tag","embeddable":true,"href":"https:\/\/jorgezanoni.com.br\/2019\/wp-json\/wp\/v2\/tags?post=32878"}],"curies":[{"name":"wp","href":"https:\/\/api.w.org\/{rel}","templated":true}]}}