{"id":32875,"date":"2020-08-16T14:26:35","date_gmt":"2020-08-16T14:26:35","guid":{"rendered":"https:\/\/jorgezanoni.com.br\/2019\/?p=32875"},"modified":"2020-08-16T14:26:35","modified_gmt":"2020-08-16T14:26:35","slug":"homem-e-preso-apos-ameacar-a-ex-mulher-desacatar-policiais-militares-e-resistir-a-prisao-com-chutes","status":"publish","type":"post","link":"https:\/\/jorgezanoni.com.br\/2019\/homem-e-preso-apos-ameacar-a-ex-mulher-desacatar-policiais-militares-e-resistir-a-prisao-com-chutes\/","title":{"rendered":"Homem \u00e9 preso ap\u00f3s amea\u00e7ar a ex-mulher, desacatar policiais militares e resistir \u00e0 pris\u00e3o com chutes"},"content":{"rendered":"<h2 class=\"content-head__subtitle\" style=\"text-align: justify;\"><strong>Caso foi registrado no Jardim Itapura, em Presidente Prudente, neste s\u00e1bado (15). Nos pertences do autor foram localizadas muni\u00e7\u00f5es e uma por\u00e7\u00e3o de maconha.<\/strong><\/h2>\n<div class=\"mc-column content-text active-extra-styles \" data-block-type=\"unstyled\" data-block-weight=\"35\" data-block-id=\"2\">\n<p class=\"content-text__container \" style=\"text-align: justify;\" data-track-category=\"Link no Texto\" data-track-links=\"\">Um homem de 25 anos foi preso neste s\u00e1bado (15), no Jardim Itapura, em\u00a0<a href=\"https:\/\/g1.globo.com\/sp\/presidente-prudente-regiao\/cidade\/presidente-prudente\/\">Presidente Prudente<\/a>. De acordo com a Pol\u00edcia Civil, ele amea\u00e7ou a ex-mulher, desacatou policiais militares e ainda foi flagrado com muni\u00e7\u00f5es.<\/p>\n<\/div>\n<div class=\"wall protected-content\">\n<div class=\"mc-column content-text active-extra-styles \" style=\"text-align: justify;\" data-block-type=\"unstyled\" data-block-weight=\"54\" data-block-id=\"3\">\n<p class=\"content-text__container \" data-track-category=\"Link no Texto\" data-track-links=\"\">Conforme o boletim de ocorr\u00eancia, o fato aconteceu foi no final da tarde e constam no registro policial tr\u00eas v\u00edtimas, de 33, 41 e 47 anos. Inicialmente, os policiais militares foram chamados para atender uma ocorr\u00eancia de viol\u00eancia dom\u00e9stica e que o autor teria amea\u00e7ado e agredido algumas pessoas e fugido em um carro.<\/p>\n<\/div>\n<div class=\"mc-column content-text active-extra-styles \" style=\"text-align: justify;\" data-block-type=\"unstyled\" data-block-weight=\"40\" data-block-id=\"4\">\n<p class=\"content-text__container \" data-track-category=\"Link no Texto\" data-track-links=\"\">Duas v\u00edtimas contaram que o rapaz de 25 anos morava no im\u00f3vel que era da sua ex-companheira. Mesmo com o local fechado, o autor continuou frequentando e disse que n\u00e3o seria poss\u00edvel alugar a \u00e1rea, pois &#8220;tinha coisas dele ali&#8221;.<\/p>\n<\/div>\n<div class=\"mc-column content-text active-extra-styles \" style=\"text-align: justify;\" data-block-type=\"unstyled\" data-block-weight=\"47\" data-block-id=\"5\">\n<p class=\"content-text__container \" data-track-category=\"Link no Texto\" data-track-links=\"\">As v\u00edtimas disseram que foram agredidas, xingadas e amea\u00e7adas pelo rapaz, que ainda teria danificado o im\u00f3vel. Nas proximidades, os policiais localizaram o autor. No carro, havia uma por\u00e7\u00e3o de maconha e ele negou ser o dono. Fora a por\u00e7\u00e3o do entorpecente, mais nada ilegal foi encontrado.<\/p>\n<\/div>\n<div class=\"mc-column content-text active-extra-styles \" style=\"text-align: justify;\" data-block-type=\"unstyled\" data-block-weight=\"37\" data-block-id=\"6\">\n<p class=\"content-text__container \" data-track-category=\"Link no Texto\" data-track-links=\"\">A PM retornou ao im\u00f3vel para uma revista, &#8220;j\u00e1 que o autor teria pertences&#8221; no local. Durante a vistoria, uma das v\u00edtimas entregou uma caixa de ferramentas, dizendo que era do rapaz e que dentro havia muni\u00e7\u00f5es.<\/p>\n<\/div>\n<div class=\"mc-column content-text active-extra-styles \" style=\"text-align: justify;\" data-block-type=\"unstyled\" data-block-weight=\"29\" data-block-id=\"8\">\n<p class=\"content-text__container \" data-track-category=\"Link no Texto\" data-track-links=\"\">O homem foi questionado sobre as agress\u00f5es e amea\u00e7as contra as v\u00edtimas e disse que &#8220;teria ficado nervoso e que iria matar&#8221; as mulheres e que &#8220;tinha xingado mesmo&#8221;.<\/p>\n<\/div>\n<div class=\"mc-column content-text active-extra-styles \" style=\"text-align: justify;\" data-block-type=\"unstyled\" data-block-weight=\"53\" data-block-id=\"9\">\n<p class=\"content-text__container \" data-track-category=\"Link no Texto\" data-track-links=\"\">Os policiais deram voz de pris\u00e3o e o rapaz foi colocado na viatura. Ele tamb\u00e9m foi informado de que seu ve\u00edculo seria apreendido, pois a documenta\u00e7\u00e3o estava vencida e por n\u00e3o ter a Carteira Nacional de Habilita\u00e7\u00e3o. A pol\u00edcia afirmou que o autor ficou nervoso e disse que estava com falta de ar.<\/p>\n<\/div>\n<div class=\"mc-column content-text active-extra-styles \" style=\"text-align: justify;\" data-block-type=\"unstyled\" data-block-weight=\"36\" data-block-id=\"10\">\n<p class=\"content-text__container \" data-track-category=\"Link no Texto\" data-track-links=\"\">Quando os policiais abriram a porta da viatura para tirar o indiciado de dentro, ele passou a fazer xingamentos, desacatando os militares. Ele n\u00e3o obedeceu a ordem de ficar parado e resistiu \u00e0 pris\u00e3o com chutes.<\/p>\n<\/div>\n<div class=\"mc-column content-text active-extra-styles \" style=\"text-align: justify;\" data-block-type=\"unstyled\" data-block-weight=\"16\" data-block-id=\"11\">\n<p class=\"content-text__container \" data-track-category=\"Link no Texto\" data-track-links=\"\">&#8220;Diante dos fatos, foi necess\u00e1rio o uso de tonfa para conter o autor&#8221;, informou o BO.<\/p>\n<\/div>\n<div class=\"mc-column content-text active-extra-styles \" style=\"text-align: justify;\" data-block-type=\"unstyled\" data-block-weight=\"42\" data-block-id=\"12\">\n<p class=\"content-text__container \" data-track-category=\"Link no Texto\" data-track-links=\"\">O rapaz de 25 anos foi levado para a Delegacia Participativa, onde &#8220;continuou a desacatar os militares e a amea\u00e7ar as v\u00edtimas&#8221;. Ele tamb\u00e9m teria se recusado a ser encaminhado para a Unidade de Pronto Atendimento para fazer o exame de Covid-19.<\/p>\n<\/div>\n<div class=\"mc-column content-text active-extra-styles \" style=\"text-align: justify;\" data-block-type=\"unstyled\" data-block-weight=\"27\" data-block-id=\"13\">\n<p class=\"content-text__container \" data-track-category=\"Link no Texto\" data-track-links=\"\">Ainda na delegacia, os policiais foram informados de que o autor teria matado o cachorro de uma das v\u00edtimas e que &#8220;alguns vizinhos teriam presenciado tal fato&#8221;.<\/p>\n<\/div>\n<div class=\"mc-column content-text active-extra-styles \" style=\"text-align: justify;\" data-block-type=\"unstyled\" data-block-weight=\"33\" data-block-id=\"14\">\n<p class=\"content-text__container \" data-track-category=\"Link no Texto\" data-track-links=\"\">A ex-esposa tamb\u00e9m foi at\u00e9 a unidade policial e disse que tem medida protetiva de afastamento e que o ex-marido n\u00e3o pode chegar perto dela e de seus familiares, determina\u00e7\u00e3o que ele descumpriu.<\/p>\n<\/div>\n<div class=\"mc-column content-text active-extra-styles \" style=\"text-align: justify;\" data-block-type=\"unstyled\" data-block-weight=\"56\" data-block-id=\"15\">\n<p class=\"content-text__container \" data-track-category=\"Link no Texto\" data-track-links=\"\">&#8220;A autoridade policial, ap\u00f3s analisar os fatos e provas apresentados, em especial os depoimentos dos militares, as declara\u00e7\u00f5es das v\u00edtimas, os antecedentes do autor, a c\u00f3pia da medida protetiva em favor da v\u00edtima, entendendo estarem presentes ind\u00edcios de autoria e materialidade bem como o estado flagrancial, ratificou a voz de pris\u00e3o&#8221;, informou o boletim de ocorr\u00eancia.<\/p>\n<\/div>\n<div class=\"mc-column content-text active-extra-styles \" style=\"text-align: justify;\" data-block-type=\"unstyled\" data-block-weight=\"10\" data-block-id=\"16\">\n<p class=\"content-text__container \" data-track-category=\"Link no Texto\" data-track-links=\"\">O autor foi indiciado, preso e n\u00e3o foi arbitrada fian\u00e7a.<\/p>\n<\/div>\n<div class=\"mc-column content-text active-extra-styles \" style=\"text-align: justify;\" data-block-type=\"unstyled\" data-block-weight=\"28\" data-block-id=\"18\">\n<p class=\"content-text__container \" data-track-category=\"Link no Texto\" data-track-links=\"\">Tamb\u00e9m foram requisitados exames de corpo de delito para as v\u00edtimas e o autor, e per\u00edcias no local dos fatos e onde o rapaz teria matado o cachorro.<\/p>\n<\/div>\n<div class=\"mc-column content-text active-extra-styles \" data-block-type=\"unstyled\" data-block-weight=\"37\" data-block-id=\"19\">\n<p class=\"content-text__container \" style=\"text-align: justify;\" data-track-category=\"Link no Texto\" data-track-links=\"\">O caso foi registrado como inj\u00faria, amea\u00e7a, dano, les\u00e3o corporal, drogas para consumo pessoal sem autoriza\u00e7\u00e3o, posso irregular de arma de fogo de uso permitido, resist\u00eancia, desobedi\u00eancia, desacato, viol\u00eancia dom\u00e9stica, e praticar ato de abuso a animais.<\/p>\n<p data-track-category=\"Link no Texto\" data-track-links=\"\">Fonte: G1<\/p>\n<\/div>\n<\/div>\n","protected":false},"excerpt":{"rendered":"<p>Caso foi registrado no Jardim Itapura, em Presidente Prudente, neste s\u00e1bado (15). Nos pertences do autor foram localizadas muni\u00e7\u00f5es e uma por\u00e7\u00e3o de maconha. Um homem de 25 anos foi preso neste s\u00e1bado (15), no Jardim Itapura, em\u00a0Presidente Prudente. De acordo com a Pol\u00edcia Civil, ele amea\u00e7ou a ex-mulher, desacatou policiais militares e ainda foi [&hellip;]<\/p>\n","protected":false},"author":1,"featured_media":32876,"comment_status":"closed","ping_status":"open","sticky":false,"template":"","format":"standard","meta":{"footnotes":""},"categories":[110,2],"tags":[],"class_list":["post-32875","post","type-post","status-publish","format-standard","has-post-thumbnail","hentry","category-noticiasdestaque","category-policial"],"_links":{"self":[{"href":"https:\/\/jorgezanoni.com.br\/2019\/wp-json\/wp\/v2\/posts\/32875","targetHints":{"allow":["GET"]}}],"collection":[{"href":"https:\/\/jorgezanoni.com.br\/2019\/wp-json\/wp\/v2\/posts"}],"about":[{"href":"https:\/\/jorgezanoni.com.br\/2019\/wp-json\/wp\/v2\/types\/post"}],"author":[{"embeddable":true,"href":"https:\/\/jorgezanoni.com.br\/2019\/wp-json\/wp\/v2\/users\/1"}],"replies":[{"embeddable":true,"href":"https:\/\/jorgezanoni.com.br\/2019\/wp-json\/wp\/v2\/comments?post=32875"}],"version-history":[{"count":0,"href":"https:\/\/jorgezanoni.com.br\/2019\/wp-json\/wp\/v2\/posts\/32875\/revisions"}],"wp:featuredmedia":[{"embeddable":true,"href":"https:\/\/jorgezanoni.com.br\/2019\/wp-json\/wp\/v2\/media\/32876"}],"wp:attachment":[{"href":"https:\/\/jorgezanoni.com.br\/2019\/wp-json\/wp\/v2\/media?parent=32875"}],"wp:term":[{"taxonomy":"category","embeddable":true,"href":"https:\/\/jorgezanoni.com.br\/2019\/wp-json\/wp\/v2\/categories?post=32875"},{"taxonomy":"post_tag","embeddable":true,"href":"https:\/\/jorgezanoni.com.br\/2019\/wp-json\/wp\/v2\/tags?post=32875"}],"curies":[{"name":"wp","href":"https:\/\/api.w.org\/{rel}","templated":true}]}}