{"id":32872,"date":"2020-08-16T14:10:43","date_gmt":"2020-08-16T14:10:43","guid":{"rendered":"https:\/\/jorgezanoni.com.br\/2019\/?p=32872"},"modified":"2020-08-16T14:10:43","modified_gmt":"2020-08-16T14:10:43","slug":"escorpioes-comecam-a-voltar-no-noticiario-desta-vez-no-distrito-comercial","status":"publish","type":"post","link":"https:\/\/jorgezanoni.com.br\/2019\/escorpioes-comecam-a-voltar-no-noticiario-desta-vez-no-distrito-comercial\/","title":{"rendered":"Escorpi\u00f5es come\u00e7am a voltar no notici\u00e1rio, desta vez no Distrito Comercial"},"content":{"rendered":"<p style=\"text-align: justify;\">Uma moradora da Rua Santa Clara proximidades Distrito Comercial (Sucatol\u00e2ndia) em Dracena, envia imagens de um Escorpi\u00e3o capturado dentro da resid\u00eancia.<\/p>\n<p style=\"text-align: justify;\">\u00c9 o segundo aracn\u00eddeo capturado em poucos dias, e o que mais preocupa \u00e9 que ela tem crian\u00e7a pequena.<\/p>\n<p style=\"text-align: justify;\">Pede que o pessoal da Vigil\u00e2ncia Epidemiol\u00f3gica passem pelo local e tomem alguma provid\u00eancia.<\/p>\n<p style=\"text-align: justify;\">Jorge Zanoni<\/p>\n<p>Foto de Internauta<\/p>\n<p>&nbsp;<\/p>\n","protected":false},"excerpt":{"rendered":"<p>Uma moradora da Rua Santa Clara proximidades Distrito Comercial (Sucatol\u00e2ndia) em Dracena, envia imagens de um Escorpi\u00e3o capturado dentro da resid\u00eancia. \u00c9 o segundo aracn\u00eddeo capturado em poucos dias, e o que mais preocupa \u00e9 que ela tem crian\u00e7a pequena. Pede que o pessoal da Vigil\u00e2ncia Epidemiol\u00f3gica passem pelo local e tomem alguma provid\u00eancia. Jorge [&hellip;]<\/p>\n","protected":false},"author":1,"featured_media":32873,"comment_status":"closed","ping_status":"open","sticky":false,"template":"","format":"standard","meta":{"footnotes":""},"categories":[179,184,110],"tags":[],"class_list":["post-32872","post","type-post","status-publish","format-standard","has-post-thumbnail","hentry","category-cidadeseregiao","category-dracena","category-noticiasdestaque"],"_links":{"self":[{"href":"https:\/\/jorgezanoni.com.br\/2019\/wp-json\/wp\/v2\/posts\/32872","targetHints":{"allow":["GET"]}}],"collection":[{"href":"https:\/\/jorgezanoni.com.br\/2019\/wp-json\/wp\/v2\/posts"}],"about":[{"href":"https:\/\/jorgezanoni.com.br\/2019\/wp-json\/wp\/v2\/types\/post"}],"author":[{"embeddable":true,"href":"https:\/\/jorgezanoni.com.br\/2019\/wp-json\/wp\/v2\/users\/1"}],"replies":[{"embeddable":true,"href":"https:\/\/jorgezanoni.com.br\/2019\/wp-json\/wp\/v2\/comments?post=32872"}],"version-history":[{"count":0,"href":"https:\/\/jorgezanoni.com.br\/2019\/wp-json\/wp\/v2\/posts\/32872\/revisions"}],"wp:featuredmedia":[{"embeddable":true,"href":"https:\/\/jorgezanoni.com.br\/2019\/wp-json\/wp\/v2\/media\/32873"}],"wp:attachment":[{"href":"https:\/\/jorgezanoni.com.br\/2019\/wp-json\/wp\/v2\/media?parent=32872"}],"wp:term":[{"taxonomy":"category","embeddable":true,"href":"https:\/\/jorgezanoni.com.br\/2019\/wp-json\/wp\/v2\/categories?post=32872"},{"taxonomy":"post_tag","embeddable":true,"href":"https:\/\/jorgezanoni.com.br\/2019\/wp-json\/wp\/v2\/tags?post=32872"}],"curies":[{"name":"wp","href":"https:\/\/api.w.org\/{rel}","templated":true}]}}