{"id":32852,"date":"2020-08-16T00:45:26","date_gmt":"2020-08-16T00:45:26","guid":{"rendered":"https:\/\/jorgezanoni.com.br\/2019\/?p=32852"},"modified":"2020-08-16T00:45:26","modified_gmt":"2020-08-16T00:45:26","slug":"capotamento-deixa-homem-ferido-e-carro-destruido","status":"publish","type":"post","link":"https:\/\/jorgezanoni.com.br\/2019\/capotamento-deixa-homem-ferido-e-carro-destruido\/","title":{"rendered":"Capotamento deixa homem ferido e carro destru\u00eddo"},"content":{"rendered":"<p style=\"text-align: justify;\">O capotamento de um veiculo Fiat Strada ocorrido na manh\u00e3 deste s\u00e1bado (15), na vicinal que liga Luc\u00e9lia ao Salto Botelho deixou um homem bastante ferido.<\/p>\n<p style=\"text-align: justify;\">Segundo informa\u00e7\u00f5es do Corpo de Bombeiros, por motivos ainda desconhecidos, o ve\u00edculo invadiu uma \u00e1rea de pastagem e capotou.<\/p>\n<p style=\"text-align: justify;\">Com a chegada das equipes de socorro no local, o homem estava fora do carro.<\/p>\n<p style=\"text-align: justify;\">Ele recebeu os primeiros socorros, foi estabilizado e conduzido para o Pronto Socorro da Santa Casa de Adamantina onde permaneceu sob os cuidados da equipe m\u00e9dica de plant\u00e3o.<\/p>\n<p style=\"text-align: justify;\">A informa\u00e7\u00e3o do Corpo de Bombeiros \u00e9 de que ele teria sofrido m\u00faltiplas fraturas, por\u00e9m, seu quadro clinico seria analisado pelos m\u00e9dicos atrav\u00e9s de exames mais detalhados.<\/p>\n<p style=\"text-align: justify;\">Atuou nesta ocorr\u00eancia o \u201ctrem de socorro\u201d do Corpo de Bombeiros com ve\u00edculos e equipamentos de auto bomba socorro e resgate.<\/p>\n<p style=\"text-align: justify;\">Fonte: Folha Regional<\/p>\n","protected":false},"excerpt":{"rendered":"<p>O capotamento de um veiculo Fiat Strada ocorrido na manh\u00e3 deste s\u00e1bado (15), na vicinal que liga Luc\u00e9lia ao Salto Botelho deixou um homem bastante ferido. Segundo informa\u00e7\u00f5es do Corpo de Bombeiros, por motivos ainda desconhecidos, o ve\u00edculo invadiu uma \u00e1rea de pastagem e capotou. Com a chegada das equipes de socorro no local, o [&hellip;]<\/p>\n","protected":false},"author":1,"featured_media":32853,"comment_status":"closed","ping_status":"open","sticky":false,"template":"","format":"standard","meta":{"footnotes":""},"categories":[170,110],"tags":[],"class_list":["post-32852","post","type-post","status-publish","format-standard","has-post-thumbnail","hentry","category-acidentes","category-noticiasdestaque"],"_links":{"self":[{"href":"https:\/\/jorgezanoni.com.br\/2019\/wp-json\/wp\/v2\/posts\/32852","targetHints":{"allow":["GET"]}}],"collection":[{"href":"https:\/\/jorgezanoni.com.br\/2019\/wp-json\/wp\/v2\/posts"}],"about":[{"href":"https:\/\/jorgezanoni.com.br\/2019\/wp-json\/wp\/v2\/types\/post"}],"author":[{"embeddable":true,"href":"https:\/\/jorgezanoni.com.br\/2019\/wp-json\/wp\/v2\/users\/1"}],"replies":[{"embeddable":true,"href":"https:\/\/jorgezanoni.com.br\/2019\/wp-json\/wp\/v2\/comments?post=32852"}],"version-history":[{"count":0,"href":"https:\/\/jorgezanoni.com.br\/2019\/wp-json\/wp\/v2\/posts\/32852\/revisions"}],"wp:featuredmedia":[{"embeddable":true,"href":"https:\/\/jorgezanoni.com.br\/2019\/wp-json\/wp\/v2\/media\/32853"}],"wp:attachment":[{"href":"https:\/\/jorgezanoni.com.br\/2019\/wp-json\/wp\/v2\/media?parent=32852"}],"wp:term":[{"taxonomy":"category","embeddable":true,"href":"https:\/\/jorgezanoni.com.br\/2019\/wp-json\/wp\/v2\/categories?post=32852"},{"taxonomy":"post_tag","embeddable":true,"href":"https:\/\/jorgezanoni.com.br\/2019\/wp-json\/wp\/v2\/tags?post=32852"}],"curies":[{"name":"wp","href":"https:\/\/api.w.org\/{rel}","templated":true}]}}