{"id":32849,"date":"2020-08-15T23:31:45","date_gmt":"2020-08-15T23:31:45","guid":{"rendered":"https:\/\/jorgezanoni.com.br\/2019\/?p=32849"},"modified":"2020-08-15T23:34:09","modified_gmt":"2020-08-15T23:34:09","slug":"policia-militar-e-prefeitura-municipal-implantam-a-atividade-delegada-em-dracena","status":"publish","type":"post","link":"https:\/\/jorgezanoni.com.br\/2019\/policia-militar-e-prefeitura-municipal-implantam-a-atividade-delegada-em-dracena\/","title":{"rendered":"Pol\u00edcia Militar e Prefeitura Municipal implantam a atividade Delegada em Dracena"},"content":{"rendered":"<div id=\"js_n\" class=\"_5pbx userContent _3576\" data-testid=\"post_message\" data-ft=\"{&quot;tn&quot;:&quot;K&quot;}\">\n<p style=\"text-align: justify;\">POL\u00cdCIA MILITAR E PREFEITURA MUNICIPAL IMPLANTAM A ATIVIDADE DELEGADA EM DRACENA.<\/p>\n<p style=\"text-align: justify;\">Na data de hoje (14) a Pol\u00edcia Militar juntamente com a Prefeitura Municipal de Dracena atrav\u00e9s de um conv\u00eanio entre Estado e Munic\u00edpio iniciou a Atividade Delegada.<br \/>\nA Atividade Delegada \u00e9 um conv\u00eanio entre Estado e Munic\u00edpio, em que o hor\u00e1rio de servi\u00e7o \u00e9 inteiramente dedicado aos interesses municipais, que estejam alinhados com a seguran\u00e7a p\u00fablica, como por exemplo policiamento preventivo em \u00f3rg\u00e3os p\u00fablicos municipais (pra\u00e7as, escolas, terminal rodovi\u00e1rio, postos de sa\u00fade, sede da prefeitura, etc.) e atividades afetas \u00e0 municipalidade, como por exemplo apoio e\/ou fiscaliza\u00e7\u00e3o de com\u00e9rcio em situa\u00e7\u00e3o irregular, atua\u00e7\u00e3o na Zona Azul, etc.<br \/>\nNesse primeiro momento, em virtude da pandemia, com mudan\u00e7a na rotina dos \u00f3rg\u00e3os p\u00fablicos e maior necessidade de fiscaliza\u00e7\u00e3o de estabelecimentos, a prioridade ser\u00e1 a preven\u00e7\u00e3o, fiscaliza\u00e7\u00e3o em situa\u00e7\u00f5es que contrariem o Decreto Estadual, somado ao municipal, bem como as demandas de infra\u00e7\u00f5es de tr\u00e2nsito.<\/p>\n<p style=\"text-align: justify;\">Pol\u00edcia Militar, a For\u00e7a P\u00fablica de S\u00e3o Paulo.<\/p>\n<p style=\"text-align: justify;\"><a class=\"_58cn\" href=\"https:\/\/www.facebook.com\/hashtag\/25bpmi?__eep__=6&amp;source=feed_text&amp;epa=HASHTAG&amp;__xts__%5B0%5D=68.ARBIO8MGwMENuE6yJETXOCeeMmp6RdfLZepSmT7E-rpk4liL6l8lfLhWdg50iKrdEgWF1OTkvn6rkV-8xwvDkr7htz6gzlQenWAGmRH_3Uu2fXi0t2wZyxO-VKbjJf1RauLw2JU1ZRDEGgAN1e9XFkfNf-aqLoNWYwAxWexowa8oMiGqCHFMmk7Di-f8tQowaX5f2Ee0y-860wFzFNsqPLyoJweuQlmsPbQRU-A0vyVnXdxt-3QbVMxVdjDtWHjF9BkMfeKf0YPCfTWKkHZa7j8w4zrqU1RccZw6eMSa3pNU1WFnEkHN7fsNWvI7DyJFdqr6qOIhhCEzdK6r-rX8hlE&amp;__tn__=%2ANK-R\" data-ft=\"{&quot;type&quot;:104,&quot;tn&quot;:&quot;*N&quot;}\"><span class=\"_5afx\"><span class=\"_58cl _5afz\" aria-label=\"hashtag\">#<\/span><span class=\"_58cm\">25BPMI<\/span><\/span><\/a><br \/>\n<a class=\"_58cn\" href=\"https:\/\/www.facebook.com\/hashtag\/policiamilitarsp?__eep__=6&amp;source=feed_text&amp;epa=HASHTAG&amp;__xts__%5B0%5D=68.ARBIO8MGwMENuE6yJETXOCeeMmp6RdfLZepSmT7E-rpk4liL6l8lfLhWdg50iKrdEgWF1OTkvn6rkV-8xwvDkr7htz6gzlQenWAGmRH_3Uu2fXi0t2wZyxO-VKbjJf1RauLw2JU1ZRDEGgAN1e9XFkfNf-aqLoNWYwAxWexowa8oMiGqCHFMmk7Di-f8tQowaX5f2Ee0y-860wFzFNsqPLyoJweuQlmsPbQRU-A0vyVnXdxt-3QbVMxVdjDtWHjF9BkMfeKf0YPCfTWKkHZa7j8w4zrqU1RccZw6eMSa3pNU1WFnEkHN7fsNWvI7DyJFdqr6qOIhhCEzdK6r-rX8hlE&amp;__tn__=%2ANK-R\" data-ft=\"{&quot;type&quot;:104,&quot;tn&quot;:&quot;*N&quot;}\"><span class=\"_5afx\"><span class=\"_58cl _5afz\" aria-label=\"hashtag\">#<\/span><span class=\"_58cm\">POLICIAMILITARSP<\/span><\/span><\/a><br \/>\n<a class=\"_58cn\" href=\"https:\/\/www.facebook.com\/hashtag\/afor%C3%A7ap%C3%BAblicades%C3%A3opaulo?__eep__=6&amp;source=feed_text&amp;epa=HASHTAG&amp;__xts__%5B0%5D=68.ARBIO8MGwMENuE6yJETXOCeeMmp6RdfLZepSmT7E-rpk4liL6l8lfLhWdg50iKrdEgWF1OTkvn6rkV-8xwvDkr7htz6gzlQenWAGmRH_3Uu2fXi0t2wZyxO-VKbjJf1RauLw2JU1ZRDEGgAN1e9XFkfNf-aqLoNWYwAxWexowa8oMiGqCHFMmk7Di-f8tQowaX5f2Ee0y-860wFzFNsqPLyoJweuQlmsPbQRU-A0vyVnXdxt-3QbVMxVdjDtWHjF9BkMfeKf0YPCfTWKkHZa7j8w4zrqU1RccZw6eMSa3pNU1WFnEkHN7fsNWvI7DyJFdqr6qOIhhCEzdK6r-rX8hlE&amp;__tn__=%2ANK-R\" data-ft=\"{&quot;type&quot;:104,&quot;tn&quot;:&quot;*N&quot;}\"><span class=\"_5afx\"><span class=\"_58cl _5afz\" aria-label=\"hashtag\">#<\/span><span class=\"_58cm\">AFOR\u00c7AP\u00daBLICADES\u00c3OPAULO<\/span><\/span><\/a><br \/>\nCOMUNICA\u00c7\u00c3O SOCIAL DO 25\u00ba BPMI e regi\u00e3o.<\/p>\n<div class=\"uiScaledImageContainer\"><img loading=\"lazy\" decoding=\"async\" class=\"scaledImageFitWidth img\" src=\"https:\/\/scontent.ftjl1-1.fna.fbcdn.net\/v\/t1.0-0\/p526x296\/117314739_673688469892347_1034485961149090688_o.jpg?_nc_cat=101&amp;_nc_sid=8024bb&amp;_nc_ohc=6patOIQfr9gAX8D-JJt&amp;_nc_ht=scontent.ftjl1-1.fna&amp;_nc_tp=6&amp;oh=d8558bd61b080d6dd29785ca7c96bde0&amp;oe=5F5D01E9\" alt=\"A imagem pode conter: 1 pessoa, em p\u00e9 e atividades ao ar livre\" width=\"500\" height=\"376\" data-src=\"https:\/\/scontent.ftjl1-1.fna.fbcdn.net\/v\/t1.0-0\/p526x296\/117314739_673688469892347_1034485961149090688_o.jpg?_nc_cat=101&amp;_nc_sid=8024bb&amp;_nc_ohc=6patOIQfr9gAX8D-JJt&amp;_nc_ht=scontent.ftjl1-1.fna&amp;_nc_tp=6&amp;oh=d8558bd61b080d6dd29785ca7c96bde0&amp;oe=5F5D01E9\" \/><\/div>\n<\/div>\n<div class=\"_3x-2\" data-ft=\"{&quot;tn&quot;:&quot;H&quot;}\">\n<div data-ft=\"{&quot;tn&quot;:&quot;H&quot;}\">\n<div class=\"mtm\">\n<div class=\"_2a2q _65sr\"><\/div>\n<\/div>\n<\/div>\n<\/div>\n","protected":false},"excerpt":{"rendered":"<p>POL\u00cdCIA MILITAR E PREFEITURA MUNICIPAL IMPLANTAM A ATIVIDADE DELEGADA EM DRACENA. Na data de hoje (14) a Pol\u00edcia Militar juntamente com a Prefeitura Municipal de Dracena atrav\u00e9s de um conv\u00eanio entre Estado e Munic\u00edpio iniciou a Atividade Delegada. A Atividade Delegada \u00e9 um conv\u00eanio entre Estado e Munic\u00edpio, em que o hor\u00e1rio de servi\u00e7o \u00e9 [&hellip;]<\/p>\n","protected":false},"author":1,"featured_media":32850,"comment_status":"closed","ping_status":"open","sticky":false,"template":"","format":"standard","meta":{"footnotes":""},"categories":[110,2],"tags":[],"class_list":["post-32849","post","type-post","status-publish","format-standard","has-post-thumbnail","hentry","category-noticiasdestaque","category-policial"],"_links":{"self":[{"href":"https:\/\/jorgezanoni.com.br\/2019\/wp-json\/wp\/v2\/posts\/32849","targetHints":{"allow":["GET"]}}],"collection":[{"href":"https:\/\/jorgezanoni.com.br\/2019\/wp-json\/wp\/v2\/posts"}],"about":[{"href":"https:\/\/jorgezanoni.com.br\/2019\/wp-json\/wp\/v2\/types\/post"}],"author":[{"embeddable":true,"href":"https:\/\/jorgezanoni.com.br\/2019\/wp-json\/wp\/v2\/users\/1"}],"replies":[{"embeddable":true,"href":"https:\/\/jorgezanoni.com.br\/2019\/wp-json\/wp\/v2\/comments?post=32849"}],"version-history":[{"count":0,"href":"https:\/\/jorgezanoni.com.br\/2019\/wp-json\/wp\/v2\/posts\/32849\/revisions"}],"wp:featuredmedia":[{"embeddable":true,"href":"https:\/\/jorgezanoni.com.br\/2019\/wp-json\/wp\/v2\/media\/32850"}],"wp:attachment":[{"href":"https:\/\/jorgezanoni.com.br\/2019\/wp-json\/wp\/v2\/media?parent=32849"}],"wp:term":[{"taxonomy":"category","embeddable":true,"href":"https:\/\/jorgezanoni.com.br\/2019\/wp-json\/wp\/v2\/categories?post=32849"},{"taxonomy":"post_tag","embeddable":true,"href":"https:\/\/jorgezanoni.com.br\/2019\/wp-json\/wp\/v2\/tags?post=32849"}],"curies":[{"name":"wp","href":"https:\/\/api.w.org\/{rel}","templated":true}]}}