{"id":32846,"date":"2020-08-15T22:04:56","date_gmt":"2020-08-15T22:04:56","guid":{"rendered":"https:\/\/jorgezanoni.com.br\/2019\/?p=32846"},"modified":"2020-08-15T22:04:56","modified_gmt":"2020-08-15T22:04:56","slug":"bebes-recebem-protetores-faciais-da-penitenciaria-feminina-de-tupi-paulista","status":"publish","type":"post","link":"https:\/\/jorgezanoni.com.br\/2019\/bebes-recebem-protetores-faciais-da-penitenciaria-feminina-de-tupi-paulista\/","title":{"rendered":"Beb\u00eas recebem protetores faciais da Penitenci\u00e1ria Feminina de Tupi Paulista"},"content":{"rendered":"<p><strong>Iniciativa visa proteger os rec\u00e9m-nascidos da Covid-19.<\/strong><\/p>\n<p id=\"not_1\" style=\"text-align: justify;\">Oito beb\u00eas que habitam a Ala de Amamenta\u00e7\u00e3o da Penitenci\u00e1ria Feminina de Tupi Paulista est\u00e3o agora ainda mais protegidos contra o Coronav\u00edrus. Al\u00e9m das mam\u00e3es reeducandas utilizarem m\u00e1scaras reutiliz\u00e1veis, os pequenos receberam protetores faciais para rec\u00e9m-nascidos, conhecidos como baby newborn face shield.<\/p>\n<p id=\"not_1\" style=\"text-align: justify;\">O equipamento \u00e9 utilizado quando as crian\u00e7as precisam sair do pres\u00eddio para receber vacinas ou passar por exames no posto de sa\u00fade municipal ou no Hospital Regional de Presidente Prudente, evitando, assim, o cont\u00e1gio dentro da unidade de sa\u00fade.<\/p>\n<p id=\"not_1\" style=\"text-align: justify;\">Uma pequena iniciativa faz toda a diferen\u00e7a em tempos de pandemia, uma vez que a Sociedade Brasileira de Pediatria (SBP) n\u00e3o recomenda o uso de m\u00e1scaras de prote\u00e7\u00e3o comuns at\u00e9 2 anos de idade, pois h\u00e1 risco de sufocamento.<\/p>\n<p id=\"not_1\" style=\"text-align: justify;\">Os protetores faciais s\u00e3o reutiliz\u00e1veis e podem ser higienizados com \u00e1gua e detergente ou \u00e1lcool gel 70%. O uso do protetor foi uma orienta\u00e7\u00e3o dada pela m\u00e9dica pediatra da unidade, Carla Regina Grecco, para a diretora da unidade prisional, Adriana Alkmin Pereira Domingues. A face shield \u00e9 uma parte importante dos Equipamentos de Prote\u00e7\u00e3o Individual (EPIs) para prote\u00e7\u00e3o contra got\u00edculas de saliva e secre\u00e7\u00f5es que podem infectar o indiv\u00edduo ao entrar em contato com nariz, olhos e boca.<\/p>\n<p style=\"text-align: justify;\">Fonte: http:\/\/www.sap.sp.gov.br\/noticias\/not1749.html#top<\/p>\n","protected":false},"excerpt":{"rendered":"<p>Iniciativa visa proteger os rec\u00e9m-nascidos da Covid-19. Oito beb\u00eas que habitam a Ala de Amamenta\u00e7\u00e3o da Penitenci\u00e1ria Feminina de Tupi Paulista est\u00e3o agora ainda mais protegidos contra o Coronav\u00edrus. Al\u00e9m das mam\u00e3es reeducandas utilizarem m\u00e1scaras reutiliz\u00e1veis, os pequenos receberam protetores faciais para rec\u00e9m-nascidos, conhecidos como baby newborn face shield. O equipamento \u00e9 utilizado quando as [&hellip;]<\/p>\n","protected":false},"author":1,"featured_media":32847,"comment_status":"closed","ping_status":"open","sticky":false,"template":"","format":"standard","meta":{"footnotes":""},"categories":[114,110],"tags":[],"class_list":["post-32846","post","type-post","status-publish","format-standard","has-post-thumbnail","hentry","category-geralecomercio","category-noticiasdestaque"],"_links":{"self":[{"href":"https:\/\/jorgezanoni.com.br\/2019\/wp-json\/wp\/v2\/posts\/32846","targetHints":{"allow":["GET"]}}],"collection":[{"href":"https:\/\/jorgezanoni.com.br\/2019\/wp-json\/wp\/v2\/posts"}],"about":[{"href":"https:\/\/jorgezanoni.com.br\/2019\/wp-json\/wp\/v2\/types\/post"}],"author":[{"embeddable":true,"href":"https:\/\/jorgezanoni.com.br\/2019\/wp-json\/wp\/v2\/users\/1"}],"replies":[{"embeddable":true,"href":"https:\/\/jorgezanoni.com.br\/2019\/wp-json\/wp\/v2\/comments?post=32846"}],"version-history":[{"count":0,"href":"https:\/\/jorgezanoni.com.br\/2019\/wp-json\/wp\/v2\/posts\/32846\/revisions"}],"wp:featuredmedia":[{"embeddable":true,"href":"https:\/\/jorgezanoni.com.br\/2019\/wp-json\/wp\/v2\/media\/32847"}],"wp:attachment":[{"href":"https:\/\/jorgezanoni.com.br\/2019\/wp-json\/wp\/v2\/media?parent=32846"}],"wp:term":[{"taxonomy":"category","embeddable":true,"href":"https:\/\/jorgezanoni.com.br\/2019\/wp-json\/wp\/v2\/categories?post=32846"},{"taxonomy":"post_tag","embeddable":true,"href":"https:\/\/jorgezanoni.com.br\/2019\/wp-json\/wp\/v2\/tags?post=32846"}],"curies":[{"name":"wp","href":"https:\/\/api.w.org\/{rel}","templated":true}]}}