{"id":32801,"date":"2020-08-15T16:03:19","date_gmt":"2020-08-15T16:03:19","guid":{"rendered":"https:\/\/jorgezanoni.com.br\/2019\/?p=32801"},"modified":"2020-08-15T16:27:08","modified_gmt":"2020-08-15T16:27:08","slug":"morre-mais-uma-vitima-de-covid-19-morador-de-dracena","status":"publish","type":"post","link":"https:\/\/jorgezanoni.com.br\/2019\/morre-mais-uma-vitima-de-covid-19-morador-de-dracena\/","title":{"rendered":"Morre mais uma v\u00edtima de COVID-19 na Santa Casa, morador de Dracena"},"content":{"rendered":"<p style=\"text-align: justify;\">Faleceu hoje (15) \u00e0s 08:05 Horas na Santa Casa de Dracena, um paciente de 77 anos do sexo masculino.<\/p>\n<p style=\"text-align: justify;\">Ele havia testado positivo para a Covid-19, foi internado no dia 10 de agosto e hoje n\u00e3o resistiu.<\/p>\n<p style=\"text-align: justify;\">S\u00e3o 16 casos de \u00f3bito registrado na Santa Casa, sendo o 9\u00ba caso de morador de Dracena.<\/p>\n<p style=\"text-align: justify;\">Fonte: Santa Casa de Dracena<\/p>\n<p>&nbsp;<\/p>\n<div class=\"text_exposed_show\">\n<p>&nbsp;<\/p>\n<\/div>\n","protected":false},"excerpt":{"rendered":"<p>Faleceu hoje (15) \u00e0s 08:05 Horas na Santa Casa de Dracena, um paciente de 77 anos do sexo masculino. Ele havia testado positivo para a Covid-19, foi internado no dia 10 de agosto e hoje n\u00e3o resistiu. S\u00e3o 16 casos de \u00f3bito registrado na Santa Casa, sendo o 9\u00ba caso de morador de Dracena. Fonte: [&hellip;]<\/p>\n","protected":false},"author":1,"featured_media":32802,"comment_status":"closed","ping_status":"open","sticky":false,"template":"","format":"standard","meta":{"footnotes":""},"categories":[110,122],"tags":[],"class_list":["post-32801","post","type-post","status-publish","format-standard","has-post-thumbnail","hentry","category-noticiasdestaque","category-saudeeducacaoeconcurso"],"_links":{"self":[{"href":"https:\/\/jorgezanoni.com.br\/2019\/wp-json\/wp\/v2\/posts\/32801","targetHints":{"allow":["GET"]}}],"collection":[{"href":"https:\/\/jorgezanoni.com.br\/2019\/wp-json\/wp\/v2\/posts"}],"about":[{"href":"https:\/\/jorgezanoni.com.br\/2019\/wp-json\/wp\/v2\/types\/post"}],"author":[{"embeddable":true,"href":"https:\/\/jorgezanoni.com.br\/2019\/wp-json\/wp\/v2\/users\/1"}],"replies":[{"embeddable":true,"href":"https:\/\/jorgezanoni.com.br\/2019\/wp-json\/wp\/v2\/comments?post=32801"}],"version-history":[{"count":0,"href":"https:\/\/jorgezanoni.com.br\/2019\/wp-json\/wp\/v2\/posts\/32801\/revisions"}],"wp:featuredmedia":[{"embeddable":true,"href":"https:\/\/jorgezanoni.com.br\/2019\/wp-json\/wp\/v2\/media\/32802"}],"wp:attachment":[{"href":"https:\/\/jorgezanoni.com.br\/2019\/wp-json\/wp\/v2\/media?parent=32801"}],"wp:term":[{"taxonomy":"category","embeddable":true,"href":"https:\/\/jorgezanoni.com.br\/2019\/wp-json\/wp\/v2\/categories?post=32801"},{"taxonomy":"post_tag","embeddable":true,"href":"https:\/\/jorgezanoni.com.br\/2019\/wp-json\/wp\/v2\/tags?post=32801"}],"curies":[{"name":"wp","href":"https:\/\/api.w.org\/{rel}","templated":true}]}}