{"id":32792,"date":"2020-08-14T21:05:14","date_gmt":"2020-08-14T21:05:14","guid":{"rendered":"https:\/\/jorgezanoni.com.br\/2019\/?p=32792"},"modified":"2020-08-14T21:05:14","modified_gmt":"2020-08-14T21:05:14","slug":"11-de-agosto-e-dia-do-que-mesmo","status":"publish","type":"post","link":"https:\/\/jorgezanoni.com.br\/2019\/11-de-agosto-e-dia-do-que-mesmo\/","title":{"rendered":"11 de agosto: \u00c9 dia do que mesmo?"},"content":{"rendered":"<p style=\"text-align: justify;\"><strong>11 DE AGOSTO: \u00c9 DIA DO QUE\u00a0 MESMO?\u00a0 \u00a0 \u00a0 \u00a0 \u00a0 \u00a0 \u00a0 \u00a0 \u00a0 \u00a0 \u00a0 \u00a0 \u00a0 \u00a0 \u00a0 \u00a0 \u00a0 \u00a0 \u00a0 \u00a0 \u00a0 \u00a0 \u00a0 \u00a0 \u00a0 \u00a0 \u00a0 \u00a0 \u00a0 \u00a0 \u00a0 \u00a0 \u00a0 \u00a0 \u00a0 \u00a0 \u00a0 \u00a0 \u00a0 \u00a0 \u00a0 \u00a0 \u00a0 \u00a0\u00a0<\/strong><\/p>\n<p style=\"text-align: justify;\"><strong>\u00a0<\/strong><\/p>\n<p style=\"text-align: justify;\"><strong>*CLAUDIVAL CLEMENTE.<\/strong><\/p>\n<p style=\"text-align: justify;\"><strong>**CLAUDIVAL MOURA CLEMENTE<\/strong><\/p>\n<p style=\"text-align: justify;\">Algumas datas s\u00e3o comemoradas sem muito alarde; outras s\u00e3o mencionadas com mais frequ\u00eancia e mais entusiasmo. 11 de agosto, por\u00e9m, \u00e9 uma data, por assim dizer, interessante. A mais famosa das profiss\u00f5es \u00e9 homenageada neste dia: do advogado. Com raz\u00e3o, pois em 11 de agosto de 1827foi instalada a primeira faculdade de direito no Brasil, em Olinda e, tradicionalmente, em todas as faculdades de direito se comemora durante a semana toda, o nome das festividades pode variar, mas a inten\u00e7\u00e3o \u00e9 a mesma, ou seja, relembrar a instala\u00e7\u00e3o do primeiro curso de direito no Brasil.<\/p>\n<p style=\"text-align: justify;\">Ainda relembrando o dia 11 de agosto de 1.827, durante o reinado de D.Pedro I, o curso de direito tinha maior relev\u00e2ncia e toda a sociedade da \u00e9poca comemorou a instala\u00e7\u00e3o do curso e os donos dos restaurantes entraram na onda e convidaram os estudantes para irem aos seus estabelecimentos e as refei\u00e7\u00f5es foram servidas gratuitamente. Mas com o tempo, com a prolifera\u00e7\u00e3o dos cursos de direito em todo o pa\u00eds a pr\u00e1tica se tornou insustent\u00e1vel e os \u201cconvites\u201d foram retirados. Os estudantes n\u00e3o aceitaram a retirada dos convites e passaram a se \u201cautoconvidar\u201d para os restaurantes e bares e, no momento de pagarem as contas, davam o chamado \u201cpendura\u201d. As rea\u00e7\u00f5es sempre foram diferentes, alguns aceitavam a brincadeira e participavam das cantorias; outros, se revoltavam e chamavam a pol\u00edcia e, normalmente um deles se apresentava como negociador e se chegava a um resultado pac\u00edfico, sem que os futuros advogados fossem passar a noite na cadeia. Por associa\u00e7\u00e3o, dia 11 de agosto \u00e9 tamb\u00e9m o dia do \u201cpendura\u201d.<\/p>\n<p style=\"text-align: justify;\">Por\u00e9m, 11 de agosto tamb\u00e9m \u00e9 o dia do gar\u00e7om, provavelmente devido ao sofrimento dos gar\u00e7ons provocados pelo estardalha\u00e7o do dia do pendura. Mas se trata de uma profiss\u00e3o extremamente complexa e delicada, sendo necess\u00e1rios anos de aprendizado e treinos incans\u00e1veis, sempre repetindo os mesmos atos com total efici\u00eancia e presteza ao cliente. Os professores dos gar\u00e7ons, ou seja, os \u201cmaitres\u201d, ensinam que os gar\u00e7ons devem ser \u201cinvis\u00edveis\u201d e se antecipar aos desejos dos clientes. \u201cMaitres\u201d tem origem no franc\u00eas e al\u00e9m de supervisionar o trabalho dos gar\u00e7ons e atestar a qualidade dos pratos que ser\u00e3o servidos, tamb\u00e9m recepcionam os clientes nos restaurantes e hot\u00e9is, agendam datas e hor\u00e1rios e acomodam os fregueses nos lugares previamente selecionados.<\/p>\n<p style=\"text-align: justify;\">No mesmo dia \u00e9 comemorado o dia do estudante, tamb\u00e9m. Muitas vezes nos esquecemos dos estudantes, mas eles t\u00eam um importante papel em nossa na\u00e7\u00e3o e em todas as na\u00e7\u00f5es. Os estudantes s\u00e3o aqueles que ir\u00e3o dar sequ\u00eancia aos conhecimentos da humanidade, ir\u00e3o nos suceder nos trabalhos, nas pesquisas; enfim, os sucessores.<\/p>\n<p style=\"text-align: justify;\">Ainda n\u00e3o acabou, no mesmo dia 11 se comemora o dia da televis\u00e3o no Brasil. Embora a televis\u00e3o tenha chegado no Brasil em 18 de setembro de 1950, com a inaugura\u00e7\u00e3o da TV TUPI, de propriedade do jornalista Assis Chateubriand, um profissional multifacetado que tamb\u00e9m foi dono dos \u201cDi\u00e1rios Associados\u201d, uma rede de jornais e r\u00e1dios em todo o pa\u00eds. \u00a0A televis\u00e3o \u00e9 um importante ve\u00edculo de comunica\u00e7\u00e3o, porque cobre todo o territ\u00f3rio nacional e de forma relativamente barata. Embora os aparelhos de televis\u00e3o estejam acompanhando a evolu\u00e7\u00e3o tecnol\u00f3gica com a chegada das chamadas \u201csmarts\u201d que s\u00e3o semelhantes a um computador, a televis\u00e3o ainda se mant\u00e9m com os mesmos picos de audi\u00eancia, sejam por meio das telenovelas ou pelos telejornalismos que transmitem os acontecimentos em tempo real. A televis\u00e3o se tornou ainda mais intensa, pois a ela se aliou o seu primo distante \u201co r\u00e1dio\u201d, porque atrav\u00e9s da internet \u2013 uma outra parenta &#8211; \u00a0\u00e9 poss\u00edvel que as transmiss\u00f5es dos programas de r\u00e1dios sejam reproduzidas nos televisores. Tanto a televis\u00e3o quanto o r\u00e1dio deram um salto de qualidade nas transmiss\u00f5es, porque veio um novo membro da fam\u00edlia para otimizar o trabalho dos dois parentes: \u201csmartphone\u201d, que al\u00e9m de fazer e receber chamadas telef\u00f4nicas, tamb\u00e9m transmite programa\u00e7\u00f5es de r\u00e1dios e de televis\u00e3o, al\u00e9m de outros recursos como pesquisas em internet e youtube, que \u00e9 uma plataforma de compartilhamento de v\u00eddeos.<\/p>\n<p style=\"text-align: justify;\">Nossas homenagens aos advogados, aos gar\u00e7ons, ao maitres, aos estudantes e \u00e0 televis\u00e3o, estendendo os cumprimentos a todos que trabalham em comunica\u00e7\u00e3o, este importante seguimento que leva informa\u00e7\u00e3o e entretenimento a todos.<\/p>\n<p style=\"text-align: justify;\">Mas n\u00e3o se esque\u00e7am, ainda estamos combatendo a pandemia e vamos manter todos os protocolos de preven\u00e7\u00e3o e precau\u00e7\u00e3o no combate ao SARS-Cov 2, com os cuidados de distanciamento social e higiene pessoal .Importante lavar as m\u00e3os com frequ\u00eancia, com \u00e1gua e sab\u00e3o durante 20 segundos ou higienizar com \u00e1lcool gel 70%, evitar tocar a boca, o nariz e os olhos com as m\u00e3os e cobrir a boca quando tossir ou espirrar.Saindo de casa, use sempre as m\u00e1scaras, com a devida cautela, evitando aglomera\u00e7\u00f5es. Nunca toque na m\u00e1scara e n\u00e3o \u00e9 necess\u00e1rio baixar ou tirar a m\u00e1scara para falar ao celular ou ouvir ou gravar alguma mensagem no watts. A m\u00e1scara \u00e9 a melhor prote\u00e7\u00e3o no momento.<\/p>\n<p style=\"text-align: justify;\">Juntos somos mais fortes, juntos venceremos. O Brasil ir\u00e1 vencer o v\u00edrus. O Brasil precisa de todos n\u00f3s.<\/p>\n<p style=\"text-align: justify;\">Participe enviando d\u00favidas, coment\u00e1rios ou sugest\u00f5es para<a href=\"mailto:bcrcconsultoria@gmail.com\">bcrcnews.wixsite.<\/a>com e tamb\u00e9m \u00a0no facebook, onde podereler este e outros artigos. At\u00e9 a pr\u00f3xima.<\/p>\n<p style=\"text-align: justify;\">*Formado em Direito pela UENP &#8211; Universidade Estadual de Direito do Norte Pioneiro em Jacarezinho e em Administra\u00e7\u00e3o de Empresas nas Faculdades Integradas de Ourinhos. MBA em Comunica\u00e7\u00e3o Corporativa pela Universidade Est\u00e1cio de S\u00e1(em curso) . S\u00f3cio s\u00eanior da BCRC Consultoria em Comunica\u00e7\u00e3o.<\/p>\n<p style=\"text-align: justify;\">** Revis\u00e3o e colabora\u00e7\u00e3o\u00a0 &#8211; Administrador de Empresas pela Universidade Cidade de S\u00e3o Paulo &#8211; UNICID.<\/p>\n","protected":false},"excerpt":{"rendered":"<p>11 DE AGOSTO: \u00c9 DIA DO QUE\u00a0 MESMO?\u00a0 \u00a0 \u00a0 \u00a0 \u00a0 \u00a0 \u00a0 \u00a0 \u00a0 \u00a0 \u00a0 \u00a0 \u00a0 \u00a0 \u00a0 \u00a0 \u00a0 \u00a0 \u00a0 \u00a0 \u00a0 \u00a0 \u00a0 \u00a0 \u00a0 \u00a0 \u00a0 \u00a0 \u00a0 \u00a0 \u00a0 \u00a0 \u00a0 \u00a0 \u00a0 \u00a0 \u00a0 \u00a0 \u00a0 \u00a0 \u00a0 \u00a0 \u00a0 \u00a0\u00a0 \u00a0 *CLAUDIVAL CLEMENTE. **CLAUDIVAL [&hellip;]<\/p>\n","protected":false},"author":1,"featured_media":32793,"comment_status":"closed","ping_status":"open","sticky":false,"template":"","format":"standard","meta":{"footnotes":""},"categories":[175],"tags":[],"class_list":["post-32792","post","type-post","status-publish","format-standard","has-post-thumbnail","hentry","category-artigos"],"_links":{"self":[{"href":"https:\/\/jorgezanoni.com.br\/2019\/wp-json\/wp\/v2\/posts\/32792","targetHints":{"allow":["GET"]}}],"collection":[{"href":"https:\/\/jorgezanoni.com.br\/2019\/wp-json\/wp\/v2\/posts"}],"about":[{"href":"https:\/\/jorgezanoni.com.br\/2019\/wp-json\/wp\/v2\/types\/post"}],"author":[{"embeddable":true,"href":"https:\/\/jorgezanoni.com.br\/2019\/wp-json\/wp\/v2\/users\/1"}],"replies":[{"embeddable":true,"href":"https:\/\/jorgezanoni.com.br\/2019\/wp-json\/wp\/v2\/comments?post=32792"}],"version-history":[{"count":0,"href":"https:\/\/jorgezanoni.com.br\/2019\/wp-json\/wp\/v2\/posts\/32792\/revisions"}],"wp:featuredmedia":[{"embeddable":true,"href":"https:\/\/jorgezanoni.com.br\/2019\/wp-json\/wp\/v2\/media\/32793"}],"wp:attachment":[{"href":"https:\/\/jorgezanoni.com.br\/2019\/wp-json\/wp\/v2\/media?parent=32792"}],"wp:term":[{"taxonomy":"category","embeddable":true,"href":"https:\/\/jorgezanoni.com.br\/2019\/wp-json\/wp\/v2\/categories?post=32792"},{"taxonomy":"post_tag","embeddable":true,"href":"https:\/\/jorgezanoni.com.br\/2019\/wp-json\/wp\/v2\/tags?post=32792"}],"curies":[{"name":"wp","href":"https:\/\/api.w.org\/{rel}","templated":true}]}}