{"id":32786,"date":"2020-08-14T16:10:58","date_gmt":"2020-08-14T16:10:58","guid":{"rendered":"https:\/\/jorgezanoni.com.br\/2019\/?p=32786"},"modified":"2020-08-14T16:10:58","modified_gmt":"2020-08-14T16:10:58","slug":"policia-civil-cumpre-mandado-de-prisao-contra-suspeito-de-furtar-cabecas-de-gado-na-regiao-de-dracena","status":"publish","type":"post","link":"https:\/\/jorgezanoni.com.br\/2019\/policia-civil-cumpre-mandado-de-prisao-contra-suspeito-de-furtar-cabecas-de-gado-na-regiao-de-dracena\/","title":{"rendered":"Pol\u00edcia Civil cumpre mandado de pris\u00e3o contra suspeito de furtar cabe\u00e7as de gado na regi\u00e3o de Dracena"},"content":{"rendered":"<p style=\"text-align: justify;\">A pris\u00e3o ocorreu na cidade de Ribeir\u00e3o dos \u00cdndios. Em desfavor do indiv\u00edduo haviam tr\u00eas mandados de pris\u00e3o preventiva expedidos pelo f\u00f3rum da comarca de Dracena, bem como a expedi\u00e7\u00e3o de uma ordem de busca domiciliar e sequestro do ve\u00edculo do autor.<\/p>\n<p style=\"text-align: justify;\">A Pol\u00edcia Civil, por interm\u00e9dio das Unidades Especializadas &#8211; Delegacia de Pol\u00edcia de Investiga\u00e7\u00f5es Gerais e Delegacia de Pol\u00edcia de Investiga\u00e7\u00e3o Sobre Entorpecentes, bem como as unidades integradas 1.\u00ba e 2.\u00ba Distritos Policiais de Dracena, cumpriu nesta quinta-feira (13) tr\u00eas mandados de pris\u00e3o preventiva expedidos contra um homem de 21 anos, suspeito de praticar diversos furtos de gado em propriedades rurais localizadas na cidade de Dracena e regi\u00e3o.<br \/>\nDurante os trabalhos de investiga\u00e7\u00e3o realizados pela Pol\u00edcia Civil foram reunidas provas suficientes capazes de demonstrar o envolvimento do investigado na subtra\u00e7\u00e3o de aninais bovinos ocorridos em propriedades rurais localizadas na cidade de Dracena e tamb\u00e9m na regi\u00e3o.<br \/>\nDiante das provas colhidas a Pol\u00edcia Civil representou pela decreta\u00e7\u00e3o da pris\u00e3o preventiva do investigado, bem como pelo sequestro do seu ve\u00edculo, como forma de garantir o futuro ressarcimento das v\u00edtimas, medidas estas deferidas pela Justi\u00e7a.<br \/>\nO homem foi localizado e preso na cidade de Ribeir\u00e3o dos \u00cdndios, onde os policiais tamb\u00e9m cumpriram a ordem de busca domiciliar. Do mesmo modo a Policia Civil formalizou o sequestro do ve\u00edculo do investigado.<br \/>\nAp\u00f3s o t\u00e9rmino dos procedimentos, o suspeito, que j\u00e1 possu\u00eda antecedentes criminais pela pr\u00e1tica dos crimes de furto e apropria\u00e7\u00e3o ind\u00e9bita, foi encaminhado para uma unidade prisional da regi\u00e3o, permanecendo a disposi\u00e7\u00e3o da Justi\u00e7a.<\/p>\n<p><img loading=\"lazy\" decoding=\"async\" class=\"alignnone size-full wp-image-32787\" src=\"https:\/\/jorgezanoni.com.br\/2019\/wp-content\/uploads\/2020\/08\/gado.jpg\" alt=\"\" width=\"532\" height=\"347\" srcset=\"https:\/\/jorgezanoni.com.br\/2019\/wp-content\/uploads\/2020\/08\/gado.jpg 532w, https:\/\/jorgezanoni.com.br\/2019\/wp-content\/uploads\/2020\/08\/gado-300x196.jpg 300w\" sizes=\"auto, (max-width: 532px) 100vw, 532px\" \/> <img loading=\"lazy\" decoding=\"async\" class=\"alignnone size-full wp-image-32788\" src=\"https:\/\/jorgezanoni.com.br\/2019\/wp-content\/uploads\/2020\/08\/gado1.jpg\" alt=\"\" width=\"934\" height=\"754\" srcset=\"https:\/\/jorgezanoni.com.br\/2019\/wp-content\/uploads\/2020\/08\/gado1.jpg 934w, https:\/\/jorgezanoni.com.br\/2019\/wp-content\/uploads\/2020\/08\/gado1-300x242.jpg 300w, https:\/\/jorgezanoni.com.br\/2019\/wp-content\/uploads\/2020\/08\/gado1-768x620.jpg 768w, https:\/\/jorgezanoni.com.br\/2019\/wp-content\/uploads\/2020\/08\/gado1-696x562.jpg 696w, https:\/\/jorgezanoni.com.br\/2019\/wp-content\/uploads\/2020\/08\/gado1-520x420.jpg 520w\" sizes=\"auto, (max-width: 934px) 100vw, 934px\" \/> <img loading=\"lazy\" decoding=\"async\" class=\"alignnone size-full wp-image-32789\" src=\"https:\/\/jorgezanoni.com.br\/2019\/wp-content\/uploads\/2020\/08\/gado2.jpg\" alt=\"\" width=\"494\" height=\"348\" srcset=\"https:\/\/jorgezanoni.com.br\/2019\/wp-content\/uploads\/2020\/08\/gado2.jpg 494w, https:\/\/jorgezanoni.com.br\/2019\/wp-content\/uploads\/2020\/08\/gado2-300x211.jpg 300w, https:\/\/jorgezanoni.com.br\/2019\/wp-content\/uploads\/2020\/08\/gado2-100x70.jpg 100w\" sizes=\"auto, (max-width: 494px) 100vw, 494px\" \/><\/p>\n<p>Fonte: Com. Social Pol\u00edcia Civil<\/p>\n","protected":false},"excerpt":{"rendered":"<p>A pris\u00e3o ocorreu na cidade de Ribeir\u00e3o dos \u00cdndios. Em desfavor do indiv\u00edduo haviam tr\u00eas mandados de pris\u00e3o preventiva expedidos pelo f\u00f3rum da comarca de Dracena, bem como a expedi\u00e7\u00e3o de uma ordem de busca domiciliar e sequestro do ve\u00edculo do autor. A Pol\u00edcia Civil, por interm\u00e9dio das Unidades Especializadas &#8211; Delegacia de Pol\u00edcia de [&hellip;]<\/p>\n","protected":false},"author":1,"featured_media":32790,"comment_status":"closed","ping_status":"open","sticky":false,"template":"","format":"standard","meta":{"footnotes":""},"categories":[110,2],"tags":[],"class_list":["post-32786","post","type-post","status-publish","format-standard","has-post-thumbnail","hentry","category-noticiasdestaque","category-policial"],"_links":{"self":[{"href":"https:\/\/jorgezanoni.com.br\/2019\/wp-json\/wp\/v2\/posts\/32786","targetHints":{"allow":["GET"]}}],"collection":[{"href":"https:\/\/jorgezanoni.com.br\/2019\/wp-json\/wp\/v2\/posts"}],"about":[{"href":"https:\/\/jorgezanoni.com.br\/2019\/wp-json\/wp\/v2\/types\/post"}],"author":[{"embeddable":true,"href":"https:\/\/jorgezanoni.com.br\/2019\/wp-json\/wp\/v2\/users\/1"}],"replies":[{"embeddable":true,"href":"https:\/\/jorgezanoni.com.br\/2019\/wp-json\/wp\/v2\/comments?post=32786"}],"version-history":[{"count":0,"href":"https:\/\/jorgezanoni.com.br\/2019\/wp-json\/wp\/v2\/posts\/32786\/revisions"}],"wp:featuredmedia":[{"embeddable":true,"href":"https:\/\/jorgezanoni.com.br\/2019\/wp-json\/wp\/v2\/media\/32790"}],"wp:attachment":[{"href":"https:\/\/jorgezanoni.com.br\/2019\/wp-json\/wp\/v2\/media?parent=32786"}],"wp:term":[{"taxonomy":"category","embeddable":true,"href":"https:\/\/jorgezanoni.com.br\/2019\/wp-json\/wp\/v2\/categories?post=32786"},{"taxonomy":"post_tag","embeddable":true,"href":"https:\/\/jorgezanoni.com.br\/2019\/wp-json\/wp\/v2\/tags?post=32786"}],"curies":[{"name":"wp","href":"https:\/\/api.w.org\/{rel}","templated":true}]}}