{"id":32743,"date":"2020-08-14T01:05:06","date_gmt":"2020-08-14T01:05:06","guid":{"rendered":"https:\/\/jorgezanoni.com.br\/2019\/?p=32743"},"modified":"2020-08-14T01:06:01","modified_gmt":"2020-08-14T01:06:01","slug":"policia-ambiental-autua-homem-em-r-5-mil-por-matar-veado-mateiro","status":"publish","type":"post","link":"https:\/\/jorgezanoni.com.br\/2019\/policia-ambiental-autua-homem-em-r-5-mil-por-matar-veado-mateiro\/","title":{"rendered":"Pol\u00edcia Ambiental autua homem em R$ 5 mil por matar Veado Mateiro"},"content":{"rendered":"<p style=\"text-align: justify;\">POL\u00cdCIA AMBIENTAL AUTUA HOMEM EM R$ 5 MIL POR MATAR VEADO MATEIRO<\/p>\n<p style=\"text-align: justify;\">HOJE (13\/08) UMA EQUIPE DA POL\u00cdCIA MILITAR AMBIENTAL FOI AVERIGUAR UMA DEN\u00daNCIA AN\u00d4NIMA DE QUE ESTARIA OCORRENDO CA\u00c7A DE ANIMAIS NATIVOS SILVESTRES EM UM SITIO NO MUNIC\u00cdPIO DE PACAEMBU.<br \/>\nNO LOCAL FOI FEITO CONTATO COM O MORADOR QUE TOMOU CI\u00caNCIA DA DEN\u00daNCIA, AUTORIZOU E ACOMPANHOU OS POLICIAIS NA VISTORIA.<br \/>\nEM UM PAIOL FOI LOCALIZADO UMA CABE\u00c7A DE VEADO MATEIRO \u201cMAZAMA AMERICANA\u201d E NO PASTO UM PEDA\u00c7O DO COURO E UMA PATA.<br \/>\nEM UMA CAIXA T\u00c9RMINCA HAVIA PARTES DE CARNE DO REFERIDO MATERIAL. ADMINISTRATIVAMENTE FOI CONFECCIONADO UM AUTO DE INFRA\u00c7\u00c3O AMBIENTAL NO VALOR DE R$ 5.000,00, POR MATAR ESP\u00c9CIMES DA FAUNA SILVESTRE SEM A DEVIDA AUTORIZA\u00c7\u00c3O DA AUTORIDADE COMPETENTE INFRINGINDO O ARTIGO 25 DA SMA 48\/14, MAJORADA DEVIDO O ESP\u00c9CIME ESTAR NA LISTA DE AMEA\u00c7ADO DE EXTIN\u00c7\u00c3O, E POR \u201cIN TESE\u201d INFRINGIR O ARTIGO 29 DA LEI 9.605\/98.<br \/>\nFORAM APREENDIDAS UMA CABE\u00c7A, UMA PATA, UM COURO E 14,780 KGS, TODO MATERIAL DE VEADO MATEIRO.<br \/>\nA CARNE QUE ESTAVA NA CAIXA T\u00c9RMICA E AS PARTES DO ANIMAL FORAM DESTRU\u00cdDAS NA VALA SANIT\u00c1RIA.<\/p>\n<p><img loading=\"lazy\" decoding=\"async\" class=\"alignnone size-full wp-image-32745\" src=\"https:\/\/jorgezanoni.com.br\/2019\/wp-content\/uploads\/2020\/08\/ambi1.jpg\" alt=\"\" width=\"960\" height=\"720\" srcset=\"https:\/\/jorgezanoni.com.br\/2019\/wp-content\/uploads\/2020\/08\/ambi1.jpg 960w, https:\/\/jorgezanoni.com.br\/2019\/wp-content\/uploads\/2020\/08\/ambi1-300x225.jpg 300w, https:\/\/jorgezanoni.com.br\/2019\/wp-content\/uploads\/2020\/08\/ambi1-768x576.jpg 768w, https:\/\/jorgezanoni.com.br\/2019\/wp-content\/uploads\/2020\/08\/ambi1-80x60.jpg 80w, https:\/\/jorgezanoni.com.br\/2019\/wp-content\/uploads\/2020\/08\/ambi1-265x198.jpg 265w, https:\/\/jorgezanoni.com.br\/2019\/wp-content\/uploads\/2020\/08\/ambi1-696x522.jpg 696w, https:\/\/jorgezanoni.com.br\/2019\/wp-content\/uploads\/2020\/08\/ambi1-560x420.jpg 560w\" sizes=\"auto, (max-width: 960px) 100vw, 960px\" \/> <img loading=\"lazy\" decoding=\"async\" class=\"alignnone size-full wp-image-32746\" src=\"https:\/\/jorgezanoni.com.br\/2019\/wp-content\/uploads\/2020\/08\/ambi2.jpg\" alt=\"\" width=\"960\" height=\"720\" srcset=\"https:\/\/jorgezanoni.com.br\/2019\/wp-content\/uploads\/2020\/08\/ambi2.jpg 960w, https:\/\/jorgezanoni.com.br\/2019\/wp-content\/uploads\/2020\/08\/ambi2-300x225.jpg 300w, https:\/\/jorgezanoni.com.br\/2019\/wp-content\/uploads\/2020\/08\/ambi2-768x576.jpg 768w, https:\/\/jorgezanoni.com.br\/2019\/wp-content\/uploads\/2020\/08\/ambi2-80x60.jpg 80w, https:\/\/jorgezanoni.com.br\/2019\/wp-content\/uploads\/2020\/08\/ambi2-265x198.jpg 265w, https:\/\/jorgezanoni.com.br\/2019\/wp-content\/uploads\/2020\/08\/ambi2-696x522.jpg 696w, https:\/\/jorgezanoni.com.br\/2019\/wp-content\/uploads\/2020\/08\/ambi2-560x420.jpg 560w\" sizes=\"auto, (max-width: 960px) 100vw, 960px\" \/><\/p>\n<p style=\"text-align: justify;\">Fonte: PMA<\/p>\n","protected":false},"excerpt":{"rendered":"<p>POL\u00cdCIA AMBIENTAL AUTUA HOMEM EM R$ 5 MIL POR MATAR VEADO MATEIRO HOJE (13\/08) UMA EQUIPE DA POL\u00cdCIA MILITAR AMBIENTAL FOI AVERIGUAR UMA DEN\u00daNCIA AN\u00d4NIMA DE QUE ESTARIA OCORRENDO CA\u00c7A DE ANIMAIS NATIVOS SILVESTRES EM UM SITIO NO MUNIC\u00cdPIO DE PACAEMBU. NO LOCAL FOI FEITO CONTATO COM O MORADOR QUE TOMOU CI\u00caNCIA DA DEN\u00daNCIA, AUTORIZOU [&hellip;]<\/p>\n","protected":false},"author":1,"featured_media":32744,"comment_status":"closed","ping_status":"open","sticky":false,"template":"","format":"standard","meta":{"footnotes":""},"categories":[176,110],"tags":[],"class_list":["post-32743","post","type-post","status-publish","format-standard","has-post-thumbnail","hentry","category-meioambienteeagricultura","category-noticiasdestaque"],"_links":{"self":[{"href":"https:\/\/jorgezanoni.com.br\/2019\/wp-json\/wp\/v2\/posts\/32743","targetHints":{"allow":["GET"]}}],"collection":[{"href":"https:\/\/jorgezanoni.com.br\/2019\/wp-json\/wp\/v2\/posts"}],"about":[{"href":"https:\/\/jorgezanoni.com.br\/2019\/wp-json\/wp\/v2\/types\/post"}],"author":[{"embeddable":true,"href":"https:\/\/jorgezanoni.com.br\/2019\/wp-json\/wp\/v2\/users\/1"}],"replies":[{"embeddable":true,"href":"https:\/\/jorgezanoni.com.br\/2019\/wp-json\/wp\/v2\/comments?post=32743"}],"version-history":[{"count":0,"href":"https:\/\/jorgezanoni.com.br\/2019\/wp-json\/wp\/v2\/posts\/32743\/revisions"}],"wp:featuredmedia":[{"embeddable":true,"href":"https:\/\/jorgezanoni.com.br\/2019\/wp-json\/wp\/v2\/media\/32744"}],"wp:attachment":[{"href":"https:\/\/jorgezanoni.com.br\/2019\/wp-json\/wp\/v2\/media?parent=32743"}],"wp:term":[{"taxonomy":"category","embeddable":true,"href":"https:\/\/jorgezanoni.com.br\/2019\/wp-json\/wp\/v2\/categories?post=32743"},{"taxonomy":"post_tag","embeddable":true,"href":"https:\/\/jorgezanoni.com.br\/2019\/wp-json\/wp\/v2\/tags?post=32743"}],"curies":[{"name":"wp","href":"https:\/\/api.w.org\/{rel}","templated":true}]}}