{"id":32737,"date":"2020-08-14T00:09:31","date_gmt":"2020-08-14T00:09:31","guid":{"rendered":"https:\/\/jorgezanoni.com.br\/2019\/?p=32737"},"modified":"2020-08-14T00:09:31","modified_gmt":"2020-08-14T00:09:31","slug":"deputado-bragato-informa-que-governo-do-estado-de-sao-paulo-enviara-cinco-respiradores-para-dracena","status":"publish","type":"post","link":"https:\/\/jorgezanoni.com.br\/2019\/deputado-bragato-informa-que-governo-do-estado-de-sao-paulo-enviara-cinco-respiradores-para-dracena\/","title":{"rendered":"Deputado Bragato informa que Governo do Estado de S\u00e3o Paulo enviar\u00e1 cinco respiradores para Dracena"},"content":{"rendered":"<p style=\"text-align: justify;\">O deputado Mauro Bragato informa que o Governo de S\u00e3o Paulo est\u00e1 enviando cinco respiradores para a Santa Casa de Dracena. Os novos equipamentos ampliar\u00e3o o atendimento de pacientes contaminados pelo coronav\u00edrus que est\u00e3o em estado grave.<\/p>\n<p style=\"text-align: justify;\">Bragato vem buscando junto ao Governo do Estado de S\u00e3o Paulo recursos para combater a pandemia na regi\u00e3o da Alta Paulista. O parlamentar refor\u00e7ou o pedido ao vice-governador do Estado, Rodrigo Garcia, ao secret\u00e1rio estadual da Sa\u00fade, Jean Carlo Gorinchteyn, e ao secret\u00e1rio estadual de Desenvolvimento Regional, Marco VInholi. \u201cEsses aparelhos ser\u00e3o fundamentais para cuidar dos casos mais graves em Dracena\u201d, justificou.<\/p>\n<p style=\"text-align: justify;\">At\u00e9 hoje, 13\/08, o munic\u00edpio est\u00e1 classificado na fase laranja do Plano S\u00e3o Paulo, que prev\u00ea a reabertura de shoppings, concession\u00e1rias, com\u00e9rcio de rua e escrit\u00f3rios, podendo funcionar por quatro horas ao dia, todos os dias da semana, ou ent\u00e3o, por quatro dias \u00fateis, mas por seis horas di\u00e1rias, com capacidade limitada a 20%.<\/p>\n<p style=\"text-align: justify;\">Fonte: Assessoria de Imprensa<\/p>\n","protected":false},"excerpt":{"rendered":"<p>O deputado Mauro Bragato informa que o Governo de S\u00e3o Paulo est\u00e1 enviando cinco respiradores para a Santa Casa de Dracena. Os novos equipamentos ampliar\u00e3o o atendimento de pacientes contaminados pelo coronav\u00edrus que est\u00e3o em estado grave. Bragato vem buscando junto ao Governo do Estado de S\u00e3o Paulo recursos para combater a pandemia na regi\u00e3o [&hellip;]<\/p>\n","protected":false},"author":1,"featured_media":32738,"comment_status":"closed","ping_status":"open","sticky":false,"template":"","format":"standard","meta":{"footnotes":""},"categories":[116],"tags":[],"class_list":["post-32737","post","type-post","status-publish","format-standard","has-post-thumbnail","hentry","category-politicaeeconomia"],"_links":{"self":[{"href":"https:\/\/jorgezanoni.com.br\/2019\/wp-json\/wp\/v2\/posts\/32737","targetHints":{"allow":["GET"]}}],"collection":[{"href":"https:\/\/jorgezanoni.com.br\/2019\/wp-json\/wp\/v2\/posts"}],"about":[{"href":"https:\/\/jorgezanoni.com.br\/2019\/wp-json\/wp\/v2\/types\/post"}],"author":[{"embeddable":true,"href":"https:\/\/jorgezanoni.com.br\/2019\/wp-json\/wp\/v2\/users\/1"}],"replies":[{"embeddable":true,"href":"https:\/\/jorgezanoni.com.br\/2019\/wp-json\/wp\/v2\/comments?post=32737"}],"version-history":[{"count":0,"href":"https:\/\/jorgezanoni.com.br\/2019\/wp-json\/wp\/v2\/posts\/32737\/revisions"}],"wp:featuredmedia":[{"embeddable":true,"href":"https:\/\/jorgezanoni.com.br\/2019\/wp-json\/wp\/v2\/media\/32738"}],"wp:attachment":[{"href":"https:\/\/jorgezanoni.com.br\/2019\/wp-json\/wp\/v2\/media?parent=32737"}],"wp:term":[{"taxonomy":"category","embeddable":true,"href":"https:\/\/jorgezanoni.com.br\/2019\/wp-json\/wp\/v2\/categories?post=32737"},{"taxonomy":"post_tag","embeddable":true,"href":"https:\/\/jorgezanoni.com.br\/2019\/wp-json\/wp\/v2\/tags?post=32737"}],"curies":[{"name":"wp","href":"https:\/\/api.w.org\/{rel}","templated":true}]}}