{"id":32727,"date":"2020-08-13T23:29:19","date_gmt":"2020-08-13T23:29:19","guid":{"rendered":"https:\/\/jorgezanoni.com.br\/2019\/?p=32727"},"modified":"2020-08-13T23:29:19","modified_gmt":"2020-08-13T23:29:19","slug":"conheca-um-pouco-da-historia-do-prof-suli-de-panorama","status":"publish","type":"post","link":"https:\/\/jorgezanoni.com.br\/2019\/conheca-um-pouco-da-historia-do-prof-suli-de-panorama\/","title":{"rendered":"Conhe\u00e7a um pouco da hist\u00f3ria do Prof. Suli de Panorama"},"content":{"rendered":"<p style=\"text-align: justify;\">Alguns me conhecem como vereador, outros como um profissional de educa\u00e7\u00e3o f\u00edsica e tamb\u00e9m empreendedor. Sou tudo isso al\u00e9m de buscar ser bom amigo e companheiro daqueles que est\u00e3o ao meu lado.<\/p>\n<p style=\"text-align: justify;\">Minha paix\u00e3o pelo esporte sempre me fez buscar ter h\u00e1bitos de vida saud\u00e1veis e com isso decidi cursar Educa\u00e7\u00e3o F\u00edsica na cidade de Tup\u00e3. Ia de Panorama para l\u00e1 todos os dias de trem.<span class=\"_5mfr\"><span class=\"_6qdm\">\ud83d\ude82<\/span><\/span>\u00a0Ah! E como eram gostosas essas viagens. Depois de formado me mudei para Coxim\/MS onde fiquei por 10 anos e fiz muitos amigos e hist\u00f3rias dentro e fora do esporte, mas a saudade da fam\u00edlia me fez voltar pra casa.<\/p>\n<p style=\"text-align: justify;\">Chegando aqui prestei concurso p\u00fablico para professor da rede estadual no Estado de S\u00e3o Paulo onde fui aprovado e passei a dar aulas na escola de Presidente Epit\u00e1cio. Al\u00e9m do estado, fui professor na escola Positivo, hoje Anglo, onde fiquei por 10 anos, e ha quem diga que consegui fazer uma revolu\u00e7\u00e3o no voleibol da cidade<span class=\"_5mfr\"><span class=\"_6qdm\">\ud83c\udfc5<\/span><\/span><span class=\"_5mfr\"><span class=\"_6qdm\">\u26f9\ufe0f\u200d\u2640\ufe0f<\/span><\/span>. Foi nesse per\u00edodo que conheci minha esposa Simone e decidi que era hora de voltar para Panorama e dar in\u00edcio a uma nova fase de minha vida.<\/p>\n<p style=\"text-align: justify;\">J\u00e1 aqui, vi uma grande oportunidade de realizar um sonho antigo, ter minha pr\u00f3pria academia de gin\u00e1stica e melhorar a sa\u00fade das pessoas. Ao lado de minha esposa constru\u00ed uma das maiores academias da regi\u00e3o em estrutura f\u00edsica e aparelhos<span class=\"_5mfr\"><span class=\"_6qdm\">\ud83c\udfcb\ufe0f\u200d\u2640\ufe0f<\/span><\/span>. Mesmo conseguindo ajudar diversas pessoas a terem uma melhor qualidade de vida atrav\u00e9s de exerc\u00edcios f\u00edsicos, eu queria mais.<\/p>\n<p style=\"text-align: justify;\">Com muita for\u00e7a de vontade e apoio de muita gente, em 2004 me candidatei e fui eleito vereador do munic\u00edpio<span class=\"_5mfr\"><span class=\"_6qdm\">\ud83c\udde7\ud83c\uddf7<\/span><\/span>. Acredito que meu comprometimento com a popula\u00e7\u00e3o foi o que permitiu que eu fosse reeleito por mais dois mandatos consecutivos, sendo atualmente suplente de vereador.<\/p>\n<p style=\"text-align: justify;\">Confira algumas fotos que mostram um pouco da minha trajet\u00f3ria. Que ela sirva de inspira\u00e7\u00e3o para tantos que, como eu, possuem o desejo de ver Panorama prosperar.<\/p>\n<p style=\"text-align: justify;\"><a class=\"_58cn\" href=\"https:\/\/www.facebook.com\/hashtag\/umanovapanorama?__eep__=6&amp;source=feed_text&amp;epa=HASHTAG&amp;__xts__%5B0%5D=68.ARBr_D3K0DZDvoul2ubAP59U6XwGPi6Uw19h_tGoEwqfVvjkTaydWCi5W79AZPvLIWXKC7THTewJKfkAzg-pg-_wARKJoEB9GI7Q7f6j7IMywlr-cHmmj0Gyvl1gqRHPrQ1u30DYm5bKNvW0EeXpnomIPqUqycq3SiFYGlXwbMcYV3l0FMCDwHPUmc_EZuKR3vVMPpafxsvSn_huvvV2s6ILF0icx9P1cJ9IYdV4mQAdysyKU9GfAPYWd6XM2EX_dcezvKD50pKftJbKkl4rM2kAFIcNlL_-skKp3auMyxdDYFiUnSijKunUwP_R8LcmZImacFtB69v_yxMX0Q8WDPs&amp;__tn__=%2ANK-R\" data-ft=\"{&quot;type&quot;:104,&quot;tn&quot;:&quot;*N&quot;}\"><span class=\"_5afx\"><span class=\"_58cl _5afz\" aria-label=\"hashtag\">#<\/span><span class=\"_58cm\">umanovapanorama<\/span><\/span><\/a>\u00a0<a class=\"_58cn\" href=\"https:\/\/www.facebook.com\/hashtag\/panorama?__eep__=6&amp;source=feed_text&amp;epa=HASHTAG&amp;__xts__%5B0%5D=68.ARBr_D3K0DZDvoul2ubAP59U6XwGPi6Uw19h_tGoEwqfVvjkTaydWCi5W79AZPvLIWXKC7THTewJKfkAzg-pg-_wARKJoEB9GI7Q7f6j7IMywlr-cHmmj0Gyvl1gqRHPrQ1u30DYm5bKNvW0EeXpnomIPqUqycq3SiFYGlXwbMcYV3l0FMCDwHPUmc_EZuKR3vVMPpafxsvSn_huvvV2s6ILF0icx9P1cJ9IYdV4mQAdysyKU9GfAPYWd6XM2EX_dcezvKD50pKftJbKkl4rM2kAFIcNlL_-skKp3auMyxdDYFiUnSijKunUwP_R8LcmZImacFtB69v_yxMX0Q8WDPs&amp;__tn__=%2ANK-R\" data-ft=\"{&quot;type&quot;:104,&quot;tn&quot;:&quot;*N&quot;}\"><span class=\"_5afx\"><span class=\"_58cl _5afz\" aria-label=\"hashtag\">#<\/span><span class=\"_58cm\">panorama<\/span><\/span><\/a>\u00a0<a class=\"_58cn\" href=\"https:\/\/www.facebook.com\/hashtag\/umfuturomelhor?__eep__=6&amp;source=feed_text&amp;epa=HASHTAG&amp;__xts__%5B0%5D=68.ARBr_D3K0DZDvoul2ubAP59U6XwGPi6Uw19h_tGoEwqfVvjkTaydWCi5W79AZPvLIWXKC7THTewJKfkAzg-pg-_wARKJoEB9GI7Q7f6j7IMywlr-cHmmj0Gyvl1gqRHPrQ1u30DYm5bKNvW0EeXpnomIPqUqycq3SiFYGlXwbMcYV3l0FMCDwHPUmc_EZuKR3vVMPpafxsvSn_huvvV2s6ILF0icx9P1cJ9IYdV4mQAdysyKU9GfAPYWd6XM2EX_dcezvKD50pKftJbKkl4rM2kAFIcNlL_-skKp3auMyxdDYFiUnSijKunUwP_R8LcmZImacFtB69v_yxMX0Q8WDPs&amp;__tn__=%2ANK-R\" data-ft=\"{&quot;type&quot;:104,&quot;tn&quot;:&quot;*N&quot;}\"><span class=\"_5afx\"><span class=\"_58cl _5afz\" aria-label=\"hashtag\">#<\/span><span class=\"_58cm\">umfuturomelhor<\/span><\/span><\/a><\/p>\n<p><img loading=\"lazy\" decoding=\"async\" class=\"alignnone size-full wp-image-32729\" src=\"https:\/\/jorgezanoni.com.br\/2019\/wp-content\/uploads\/2020\/08\/suli1.jpg\" alt=\"\" width=\"960\" height=\"960\" srcset=\"https:\/\/jorgezanoni.com.br\/2019\/wp-content\/uploads\/2020\/08\/suli1.jpg 960w, https:\/\/jorgezanoni.com.br\/2019\/wp-content\/uploads\/2020\/08\/suli1-300x300.jpg 300w, https:\/\/jorgezanoni.com.br\/2019\/wp-content\/uploads\/2020\/08\/suli1-150x150.jpg 150w, https:\/\/jorgezanoni.com.br\/2019\/wp-content\/uploads\/2020\/08\/suli1-768x768.jpg 768w, https:\/\/jorgezanoni.com.br\/2019\/wp-content\/uploads\/2020\/08\/suli1-696x696.jpg 696w, https:\/\/jorgezanoni.com.br\/2019\/wp-content\/uploads\/2020\/08\/suli1-420x420.jpg 420w\" sizes=\"auto, (max-width: 960px) 100vw, 960px\" \/><\/p>\n","protected":false},"excerpt":{"rendered":"<p>Alguns me conhecem como vereador, outros como um profissional de educa\u00e7\u00e3o f\u00edsica e tamb\u00e9m empreendedor. Sou tudo isso al\u00e9m de buscar ser bom amigo e companheiro daqueles que est\u00e3o ao meu lado. Minha paix\u00e3o pelo esporte sempre me fez buscar ter h\u00e1bitos de vida saud\u00e1veis e com isso decidi cursar Educa\u00e7\u00e3o F\u00edsica na cidade de [&hellip;]<\/p>\n","protected":false},"author":1,"featured_media":32728,"comment_status":"closed","ping_status":"open","sticky":false,"template":"","format":"standard","meta":{"footnotes":""},"categories":[116],"tags":[],"class_list":["post-32727","post","type-post","status-publish","format-standard","has-post-thumbnail","hentry","category-politicaeeconomia"],"_links":{"self":[{"href":"https:\/\/jorgezanoni.com.br\/2019\/wp-json\/wp\/v2\/posts\/32727","targetHints":{"allow":["GET"]}}],"collection":[{"href":"https:\/\/jorgezanoni.com.br\/2019\/wp-json\/wp\/v2\/posts"}],"about":[{"href":"https:\/\/jorgezanoni.com.br\/2019\/wp-json\/wp\/v2\/types\/post"}],"author":[{"embeddable":true,"href":"https:\/\/jorgezanoni.com.br\/2019\/wp-json\/wp\/v2\/users\/1"}],"replies":[{"embeddable":true,"href":"https:\/\/jorgezanoni.com.br\/2019\/wp-json\/wp\/v2\/comments?post=32727"}],"version-history":[{"count":0,"href":"https:\/\/jorgezanoni.com.br\/2019\/wp-json\/wp\/v2\/posts\/32727\/revisions"}],"wp:featuredmedia":[{"embeddable":true,"href":"https:\/\/jorgezanoni.com.br\/2019\/wp-json\/wp\/v2\/media\/32728"}],"wp:attachment":[{"href":"https:\/\/jorgezanoni.com.br\/2019\/wp-json\/wp\/v2\/media?parent=32727"}],"wp:term":[{"taxonomy":"category","embeddable":true,"href":"https:\/\/jorgezanoni.com.br\/2019\/wp-json\/wp\/v2\/categories?post=32727"},{"taxonomy":"post_tag","embeddable":true,"href":"https:\/\/jorgezanoni.com.br\/2019\/wp-json\/wp\/v2\/tags?post=32727"}],"curies":[{"name":"wp","href":"https:\/\/api.w.org\/{rel}","templated":true}]}}