{"id":32724,"date":"2020-08-13T23:16:16","date_gmt":"2020-08-13T23:16:16","guid":{"rendered":"https:\/\/jorgezanoni.com.br\/2019\/?p=32724"},"modified":"2020-08-13T23:16:16","modified_gmt":"2020-08-13T23:16:16","slug":"celia-brandani-e-pre-candidata-a-prefeita-de-dracena-pelo-pt","status":"publish","type":"post","link":"https:\/\/jorgezanoni.com.br\/2019\/celia-brandani-e-pre-candidata-a-prefeita-de-dracena-pelo-pt\/","title":{"rendered":"C\u00e9lia Brandani \u00e9 pr\u00e9-candidata a Prefeita de Dracena pelo PT"},"content":{"rendered":"<p style=\"text-align: justify;\">Dediquei meus estudos e minha vida profissional, para um dia ajudar a nossa cidade a Progredir com mais Humanidade e Amor! Assim, todos teremos oportunidades de Crescer Ser Feliz! Hoje estou aqui, lan\u00e7ando a minha Pre Candidatura a prefeita da nossa Dracena!<\/p>\n<div id=\"fb-root\"><\/div>\n<p><script async=\"1\" defer=\"1\" crossorigin=\"anonymous\" src=\"https:\/\/connect.facebook.net\/en_US\/sdk.js#xfbml=1&amp;version=v8.0\" nonce=\"ab3VNPYQ\"><\/script><\/p>\n<div class=\"fb-video\" data-href=\"https:\/\/www.facebook.com\/ptdracena\/videos\/4167292759979743\/\" data-width=\"696\">\n<blockquote cite=\"https:\/\/www.facebook.com\/ptdracena\/videos\/4167292759979743\/\" class=\"fb-xfbml-parse-ignore\"><p><a href=\"https:\/\/www.facebook.com\/ptdracena\/videos\/4167292759979743\/\">Pr\u00e9 Candidatura<\/a><\/p>\n<p>A data de hoje (13\/08\/2020) ser\u00e1 lembrada como uma data importante na hist\u00f3ria pol\u00edtica de Dracena. Estamos lan\u00e7ando a pr\u00e9-candidatura de C\u00c9LIA BRANDANI a prefeita do munic\u00edpio. Nos pr\u00f3ximos anos necessitaremos de uma gestora de pulso firme e esp\u00edrito coletivo que nos conduza de forma segura ao longo da crise financeira e administrativa que se avizinha por conta da diminui\u00e7\u00e3o significativa das receitas em todas as esferas de poder devido a pandemia do COVID-19 e das conting\u00eancias impostas pelo poder central.O empoderamento das mulheres \u00e9 uma das marcas dos progressistas e abre espa\u00e7o para que a mulher dracenense se fa\u00e7a representar no papel de protagonista e n\u00e3o de agente secund\u00e1rio.Venha participar dessa NOVA proposta apoiando a pr\u00e9-candidatura de C\u00c9LIA BRANDANI<\/p>\n<p>Posted by <a href=\"https:\/\/www.facebook.com\/ptdracena\/\">Diret\u00f3rio Municipal do PT de Dracena<\/a> on Thursday, August 13, 2020<\/p><\/blockquote>\n<\/div>\n<p style=\"text-align: justify;\">A data de hoje (13\/08\/2020) ser\u00e1 lembrada como uma data importante na hist\u00f3ria pol\u00edtica de Dracena. Estamos lan\u00e7ando a pr\u00e9-candidatura de C\u00c9LIA BRANDANI a prefe<span class=\"text_exposed_show\">ita do munic\u00edpio. Nos pr\u00f3ximos anos necessitaremos de uma gestora de pulso firme e esp\u00edrito coletivo que nos conduza de forma segura ao longo da crise financeira e administrativa que se avizinha por conta da diminui\u00e7\u00e3o significativa das receitas em todas as esferas de poder devido a pandemia do COVID-19 e das conting\u00eancias impostas pelo poder central.<br \/>\nO empoderamento das mulheres \u00e9 uma das marcas dos progressistas e abre espa\u00e7o para que a mulher dracenense se fa\u00e7a representar no papel de protagonista e n\u00e3o de agente secund\u00e1rio.<br \/>\nVenha participar dessa NOVA proposta apoiando a pr\u00e9-candidatura de C\u00c9LIA BRANDANI<\/span><\/p>\n<p>Fonte: Diret\u00f3rio Municipal do PT de Dracena<\/p>\n","protected":false},"excerpt":{"rendered":"<p>Dediquei meus estudos e minha vida profissional, para um dia ajudar a nossa cidade a Progredir com mais Humanidade e Amor! Assim, todos teremos oportunidades de Crescer Ser Feliz! Hoje estou aqui, lan\u00e7ando a minha Pre Candidatura a prefeita da nossa Dracena! Pr\u00e9 Candidatura A data de hoje (13\/08\/2020) ser\u00e1 lembrada como uma data importante [&hellip;]<\/p>\n","protected":false},"author":1,"featured_media":32725,"comment_status":"closed","ping_status":"open","sticky":false,"template":"","format":"video","meta":{"footnotes":""},"categories":[110,116,169],"tags":[],"class_list":["post-32724","post","type-post","status-publish","format-video","has-post-thumbnail","hentry","category-noticiasdestaque","category-politicaeeconomia","category-videos","post_format-post-format-video"],"_links":{"self":[{"href":"https:\/\/jorgezanoni.com.br\/2019\/wp-json\/wp\/v2\/posts\/32724","targetHints":{"allow":["GET"]}}],"collection":[{"href":"https:\/\/jorgezanoni.com.br\/2019\/wp-json\/wp\/v2\/posts"}],"about":[{"href":"https:\/\/jorgezanoni.com.br\/2019\/wp-json\/wp\/v2\/types\/post"}],"author":[{"embeddable":true,"href":"https:\/\/jorgezanoni.com.br\/2019\/wp-json\/wp\/v2\/users\/1"}],"replies":[{"embeddable":true,"href":"https:\/\/jorgezanoni.com.br\/2019\/wp-json\/wp\/v2\/comments?post=32724"}],"version-history":[{"count":0,"href":"https:\/\/jorgezanoni.com.br\/2019\/wp-json\/wp\/v2\/posts\/32724\/revisions"}],"wp:featuredmedia":[{"embeddable":true,"href":"https:\/\/jorgezanoni.com.br\/2019\/wp-json\/wp\/v2\/media\/32725"}],"wp:attachment":[{"href":"https:\/\/jorgezanoni.com.br\/2019\/wp-json\/wp\/v2\/media?parent=32724"}],"wp:term":[{"taxonomy":"category","embeddable":true,"href":"https:\/\/jorgezanoni.com.br\/2019\/wp-json\/wp\/v2\/categories?post=32724"},{"taxonomy":"post_tag","embeddable":true,"href":"https:\/\/jorgezanoni.com.br\/2019\/wp-json\/wp\/v2\/tags?post=32724"}],"curies":[{"name":"wp","href":"https:\/\/api.w.org\/{rel}","templated":true}]}}