{"id":32692,"date":"2020-08-13T01:36:31","date_gmt":"2020-08-13T01:36:31","guid":{"rendered":"https:\/\/jorgezanoni.com.br\/2019\/?p=32692"},"modified":"2020-08-13T01:36:31","modified_gmt":"2020-08-13T01:36:31","slug":"governo-de-sp-envia-a-alesp-projeto-para-extinguir-cdhu-emtu-e-outras-autarquias-e-fundacoes-estaduais","status":"publish","type":"post","link":"https:\/\/jorgezanoni.com.br\/2019\/governo-de-sp-envia-a-alesp-projeto-para-extinguir-cdhu-emtu-e-outras-autarquias-e-fundacoes-estaduais\/","title":{"rendered":"Governo de SP envia \u00e0 Alesp projeto para extinguir CDHU, EMTU e outras autarquias e funda\u00e7\u00f5es estaduais"},"content":{"rendered":"<h2 class=\"content-head__subtitle\" style=\"text-align: justify;\"><strong>Com o projeto, a gest\u00e3o Doria (PSDB) pretende cortar 5.600 vagas no funcionalismo p\u00fablico e aumentar a arrecada\u00e7\u00e3o em R$ 8,8 bilh\u00f5es. Documento tamb\u00e9m prop\u00f5e extin\u00e7\u00e3o do CDHU e EMTU, sendo absorvidas por secretarias.<\/strong><\/h2>\n<div class=\"mc-column content-text active-extra-styles \" data-block-type=\"unstyled\" data-block-weight=\"51\" data-block-id=\"2\">\n<p class=\"content-text__container \" style=\"text-align: justify;\" data-track-category=\"Link no Texto\" data-track-links=\"\">O governo de S\u00e3o Paulo enviou para a Assembleia Legislativa do Estado de S\u00e3o Paulo (Alesp) nesta quarta-feira (12) um projeto de lei de reforma administrativa que visa extinguir 11 empresas, autarquias e funda\u00e7\u00f5es at\u00e9 o in\u00edcio 2021, como forma de tentar minimizar os impactos financeiros da pandemia do coronav\u00edrus.<\/p>\n<\/div>\n<div class=\"wall protected-content\">\n<div class=\"mc-column content-text active-extra-styles \" style=\"text-align: justify;\" data-block-type=\"unstyled\" data-block-weight=\"55\" data-block-id=\"3\">\n<p class=\"content-text__container \" data-track-category=\"Link no Texto\" data-track-links=\"\">Entre as empresas inclu\u00eddas na reforma de extin\u00e7\u00e3o est\u00e3o a Companhia de Desenvolvimento Habitacional e Urbano (CDHU) e a Empresa Metropolitana de Transportes Urbanos de S\u00e3o Paulo (EMTU)\u00a0<strong><em>(veja lista abaixo)<\/em><\/strong>. Com o projeto, a gest\u00e3o Jo\u00e3o Doria (PSDB) pretende cortar 5.600 vagas no funcionalismo p\u00fablico e aumentar a arrecada\u00e7\u00e3o em R$ 8,8 bilh\u00f5es.<\/p>\n<\/div>\n<div class=\"mc-column content-text active-extra-styles \" style=\"text-align: justify;\" data-block-type=\"unstyled\" data-block-weight=\"46\" data-block-id=\"4\">\n<p class=\"content-text__container \" data-track-category=\"Link no Texto\" data-track-links=\"\">A secretaria estadual de projetos, or\u00e7amento e gest\u00e3o argumenta que a pandemia trouxe queda significativa da atividade econ\u00f4mica em 2020, ao mesmo tempo em que as despesas aumentaram, o que leva a uma estimativa de perda de arrecada\u00e7\u00e3o este ano de quase R$ 27 bilh\u00f5es.<\/p>\n<\/div>\n<div class=\"mc-column content-text active-extra-styles \" data-block-type=\"unstyled\" data-block-weight=\"60\" data-block-id=\"5\">\n<p class=\"content-text__container \" style=\"text-align: justify;\" data-track-category=\"Link no Texto\" data-track-links=\"\">O problema mais grave, no entanto, seria o ano de 2021, de acordo com a gest\u00e3o estadual, pois n\u00e3o h\u00e1 perspectiva de aux\u00edlio do governo federal, a economia n\u00e3o deve se reerguer na mesma velocidade com que caiu, e as despesas devem seguir nos mesmos n\u00edveis deste ano. O estado prev\u00ea d\u00e9ficit de R$ 10,4 bilh\u00f5es para este ano.<\/p>\n<figure><img decoding=\"async\" class=\"i-amphtml-fill-content i-amphtml-replaced-content\" src=\"https:\/\/s2.glbimg.com\/lnbZjyk2MO14uIvqTOzunIN1lng=\/0x0:700x466\/984x0\/smart\/filters:strip_icc()\/i.s3.glbimg.com\/v1\/AUTH_59edd422c0c84a879bd37670ae4f538a\/internal_photos\/bs\/2019\/n\/r\/Kg5iZKSwGRuTCgKNpFIA\/onibus-emtu-934.jfif\" sizes=\"(max-width: 1242px) 648px, 100vw\" srcset=\"https:\/\/s2.glbimg.com\/savE-q7fonYC1uSjKK29NTajCiI=\/0x0:700x466\/1000x0\/smart\/filters:strip_icc()\/i.s3.glbimg.com\/v1\/AUTH_59edd422c0c84a879bd37670ae4f538a\/internal_photos\/bs\/2019\/n\/r\/Kg5iZKSwGRuTCgKNpFIA\/onibus-emtu-934.jfif 1000w, https:\/\/s2.glbimg.com\/lnbZjyk2MO14uIvqTOzunIN1lng=\/0x0:700x466\/984x0\/smart\/filters:strip_icc()\/i.s3.glbimg.com\/v1\/AUTH_59edd422c0c84a879bd37670ae4f538a\/internal_photos\/bs\/2019\/n\/r\/Kg5iZKSwGRuTCgKNpFIA\/onibus-emtu-934.jfif 984w, https:\/\/s2.glbimg.com\/62qtdt4c3fAQdubUtNqqbSEp0jM=\/0x0:700x466\/640x0\/smart\/filters:strip_icc()\/i.s3.glbimg.com\/v1\/AUTH_59edd422c0c84a879bd37670ae4f538a\/internal_photos\/bs\/2019\/n\/r\/Kg5iZKSwGRuTCgKNpFIA\/onibus-emtu-934.jfif 640w, https:\/\/s2.glbimg.com\/LHGynXcY0gHUsbZqHf9aFnkxyEU=\/0x0:700x466\/600x0\/smart\/filters:strip_icc()\/i.s3.glbimg.com\/v1\/AUTH_59edd422c0c84a879bd37670ae4f538a\/internal_photos\/bs\/2019\/n\/r\/Kg5iZKSwGRuTCgKNpFIA\/onibus-emtu-934.jfif 600w\" alt=\"EMTU \u00e9 uma das empresas que o governo quer extinguir \u2014 Foto: Arquivo\/A Tribuna de Santos\" \/><\/figure>\n<p class=\"content-media__description \">EMTU \u00e9 uma das empresas que o governo quer extinguir \u2014 Foto: Arquivo\/A Tribuna de Santos<\/p>\n<div class=\"mc-column content-text active-extra-styles \" style=\"text-align: justify;\" data-block-type=\"unstyled\" data-block-weight=\"60\" data-block-id=\"8\">\n<p class=\"content-text__container \" data-track-category=\"Link no Texto\" data-track-links=\"\">A solu\u00e7\u00e3o proposta pelo governo, ent\u00e3o, \u00e9 um &#8220;programa de moderniza\u00e7\u00e3o administrativa&#8221;, que inclui enxugar a m\u00e1quina p\u00fablica, com a extin\u00e7\u00e3o de 10 autarquias, empresas e funda\u00e7\u00f5es entre o final de 2020 e o in\u00edcio de 2021. Os \u00f3rg\u00e3os seriam absorvidos pelas pastas j\u00e1 existentes. Com isso, o governo pretende aumentar a arrecada\u00e7\u00e3o em R$ 8 bilh\u00f5es com o projeto.<\/p>\n<\/div>\n<div class=\"mc-column content-text active-extra-styles \" style=\"text-align: justify;\" data-block-type=\"unstyled\" data-block-weight=\"57\" data-block-id=\"9\">\n<p class=\"content-text__container \" data-track-category=\"Link no Texto\" data-track-links=\"\">O projeto prev\u00ea ainda um programa de demiss\u00e3o volunt\u00e1ria para os servidores celetistas, caracterizados como est\u00e1veis pela Constitui\u00e7\u00e3o Federal. O grupo engloba aproximadamente seis mil funcion\u00e1rios contratados at\u00e9 1983, aqueles que j\u00e1 se aposentaram pelo Regime Geral de Previd\u00eancia Social, e aqueles que j\u00e1 cumpriram todos os pr\u00e9-requisitos necess\u00e1rios \u00e0s suas aposentadorias, por\u00e9m continuam trabalhando.<\/p>\n<\/div>\n<div class=\"mc-column content-text active-extra-styles \" style=\"text-align: justify;\" data-block-type=\"unstyled\" data-block-weight=\"27\" data-block-id=\"10\">\n<p class=\"content-text__container \" data-track-category=\"Link no Texto\" data-track-links=\"\">O governo quer oferecer um incentivo financeiro para que esses profissionais se desliguem da administra\u00e7\u00e3o p\u00fablica, acabando com uma despesa anual de seria de R$ 600 milh\u00f5es.<\/p>\n<\/div>\n<div class=\"mc-column content-text active-extra-styles \" style=\"text-align: justify;\" data-block-type=\"unstyled\" data-block-weight=\"53\" data-block-id=\"11\">\n<p class=\"content-text__container \" data-track-category=\"Link no Texto\" data-track-links=\"\">O texto do projeto de lei prev\u00ea ainda um ajuste fiscal e tribut\u00e1rio que inclui o corte de 20% de todos os benef\u00edcios fiscais concedidos a todos setores da economia. Atualmente, o governo deixa de arrecadar R$ 40 bilh\u00f5es ao ano com a isen\u00e7\u00e3o de Imposto sobre Circula\u00e7\u00e3o de Mercadorias e Servi\u00e7os (ICMS).<\/p>\n<\/div>\n<div class=\"mc-column content-text active-extra-styles \" style=\"text-align: justify;\" data-block-type=\"unstyled\" data-block-weight=\"44\" data-block-id=\"12\">\n<p class=\"content-text__container \" data-track-category=\"Link no Texto\" data-track-links=\"\">&#8220;Todas essas medidas propiciar\u00e3o um resultado financeiro para o estado da ordem de R$ 8 bilh\u00f5es e 800 milh\u00f5es, que nos ajudar\u00e3o ao equil\u00edbrio fiscal nas nossas contas em 2021&#8221;, afirma o secret\u00e1rio de Projetos, Or\u00e7amento e Gest\u00e3o do Estado de S\u00e3o Paulo, Mauro Ricardo.<\/p>\n<\/div>\n<div class=\"content-ads content-ads--reveal\" style=\"text-align: justify;\" data-block-type=\"ads\" data-block-id=\"13\"><\/div>\n<div class=\"mc-column content-text active-extra-styles\" style=\"text-align: justify;\" data-block-type=\"raw\" data-block-weight=\"6\" data-block-id=\"14\">\n<div class=\"content-intertitle\">\n<h2>Empresas inclu\u00eddas do projeto de reforma:<\/h2>\n<\/div>\n<\/div>\n<div class=\"mc-column content-text active-extra-styles\" style=\"text-align: justify;\" data-block-type=\"raw\" data-block-weight=\"93\" data-block-id=\"15\">\n<ol class=\"content-ordered-list theme-ordered-list-color-primary\">\n<li>Funda\u00e7\u00e3o Parque Zool\u00f3gico de S\u00e3o Paulo;<\/li>\n<li>Funda\u00e7\u00e3o para o Rem\u00e9dio Popular \u201cChopin Tavares de Lima\u201d (FURP);<\/li>\n<li>Funda\u00e7\u00e3o Oncocentro de S\u00e3o Paulo (FOSP);<\/li>\n<li>Instituto Florestal;<\/li>\n<li>Companhia de Desenvolvimento Habitacional e Urbano de S\u00e3o Paulo (CDHU);<\/li>\n<li>Empresa Metropolitana de Transportes Urbanos de S\u00e3o Paulo S. A. (EMTU\/SP);<\/li>\n<li>Superintend\u00eancia de Controle de Endemias (SUCEN);<\/li>\n<li>Instituto de Medicina Social e de Criminologia (IMESC);<\/li>\n<li>Departamento Aerovi\u00e1rio do Estado de S\u00e3o Paulo (DAESP);<\/li>\n<li>Funda\u00e7\u00e3o Instituto de Terras do Estado de S\u00e3o Paulo &#8220;Jos\u00e9 Gomes da Silva&#8221; (ITESP);<\/li>\n<li>Instituto de Assist\u00eancia M\u00e9dica ao Servidor P\u00fablico Estadual de S\u00e3o Paulo (IAMSPE).<\/li>\n<\/ol>\n<\/div>\n<div class=\"row medium-uncollapsed content-media content-photo\" style=\"text-align: justify;\" data-block-type=\"backstage-photo\" data-block-id=\"16\">\n<div class=\"mc-column content-media__container\">\n<figure><img decoding=\"async\" class=\"i-amphtml-fill-content i-amphtml-replaced-content\" src=\"https:\/\/s2.glbimg.com\/d6x43_kB4tMMf-bqmo_0Ld51t18=\/0x0:1600x1200\/984x0\/smart\/filters:strip_icc()\/i.s3.glbimg.com\/v1\/AUTH_59edd422c0c84a879bd37670ae4f538a\/internal_photos\/bs\/2020\/G\/y\/hQzIwLTb2ctgiEokyLhQ\/apa.jpg\" sizes=\"(max-width: 1242px) 648px, 100vw\" srcset=\"https:\/\/s2.glbimg.com\/izCNQfAjxRxBJLt8ibEBEbjgiog=\/0x0:1600x1200\/1000x0\/smart\/filters:strip_icc()\/i.s3.glbimg.com\/v1\/AUTH_59edd422c0c84a879bd37670ae4f538a\/internal_photos\/bs\/2020\/G\/y\/hQzIwLTb2ctgiEokyLhQ\/apa.jpg 1000w, https:\/\/s2.glbimg.com\/d6x43_kB4tMMf-bqmo_0Ld51t18=\/0x0:1600x1200\/984x0\/smart\/filters:strip_icc()\/i.s3.glbimg.com\/v1\/AUTH_59edd422c0c84a879bd37670ae4f538a\/internal_photos\/bs\/2020\/G\/y\/hQzIwLTb2ctgiEokyLhQ\/apa.jpg 984w, https:\/\/s2.glbimg.com\/5OL6nhLtWC1b8WdrFmfbPHJQh2U=\/0x0:1600x1200\/640x0\/smart\/filters:strip_icc()\/i.s3.glbimg.com\/v1\/AUTH_59edd422c0c84a879bd37670ae4f538a\/internal_photos\/bs\/2020\/G\/y\/hQzIwLTb2ctgiEokyLhQ\/apa.jpg 640w, https:\/\/s2.glbimg.com\/tay8ATXeTuS92Vd4BbgsyDTr_ok=\/0x0:1600x1200\/600x0\/smart\/filters:strip_icc()\/i.s3.glbimg.com\/v1\/AUTH_59edd422c0c84a879bd37670ae4f538a\/internal_photos\/bs\/2020\/G\/y\/hQzIwLTb2ctgiEokyLhQ\/apa.jpg 600w\" alt=\"\u00c1rea de Prote\u00e7\u00e3o Ambiental Sistema Cantareira, uma das unidades cuidadas pela Funda\u00e7\u00e3o Florestal \u2014 Foto: Divulga\u00e7\u00e3o\/Secretaria de Infraestrutura e Meio Ambiente\" \/><\/figure>\n<p class=\"content-media__description \">\u00c1rea de Prote\u00e7\u00e3o Ambiental Sistema Cantareira, uma das unidades cuidadas pela Funda\u00e7\u00e3o Florestal \u2014 Foto: Divulga\u00e7\u00e3o\/Secretaria de Infraestrutura e Meio Ambiente<\/p>\n<\/div>\n<\/div>\n<div class=\"mc-column content-text active-extra-styles\" style=\"text-align: justify;\" data-block-type=\"raw\" data-block-weight=\"4\" data-block-id=\"17\">\n<div class=\"content-intertitle\">\n<h2>Defesa da Funda\u00e7\u00e3o Florestal<\/h2>\n<\/div>\n<\/div>\n<div class=\"mc-column content-text active-extra-styles \" style=\"text-align: justify;\" data-block-type=\"unstyled\" data-block-weight=\"44\" data-block-id=\"18\">\n<p class=\"content-text__container \" data-track-category=\"Link no Texto\" data-track-links=\"\">Antes mesmo de chegar \u00e0 Alesp, o projeto do governo sofreu cr\u00edticas, que come\u00e7aram ainda no in\u00edcio desta semana nas redes sociais, ap\u00f3s uma entrevista do secret\u00e1rio Mauro Ricardo em que ele citou a Funda\u00e7\u00e3o Florestal como um dos \u00f3rg\u00e3os que devem ser extintos.<\/p>\n<\/div>\n<div class=\"mc-column content-text active-extra-styles \" style=\"text-align: justify;\" data-block-type=\"unstyled\" data-block-weight=\"24\" data-block-id=\"19\">\n<p class=\"content-text__container \" data-track-category=\"Link no Texto\" data-track-links=\"\">Em um manifesto assinado por 84 pesquisadores consta n\u00e3o apenas o rep\u00fadio \u00e0 proposta, como o pedido para que a Funda\u00e7\u00e3o Florestal seja fortalecida.<\/p>\n<\/div>\n<div class=\"mc-column content-text active-extra-styles \" style=\"text-align: justify;\" data-block-type=\"unstyled\" data-block-weight=\"41\" data-block-id=\"20\">\n<p class=\"content-text__container \" data-track-category=\"Link no Texto\" data-track-links=\"\">&#8220;Os recursos financeiros no primeiro semestre de 2020 foram pouco mais de R$ 174 milh\u00f5es, dos quais apenas 30% vieram do Tesouro do Estado de S\u00e3o Paulo e o restante composto por projetos, compensa\u00e7\u00e3o ambiental e receita pr\u00f3pria&#8221;, argumentam os pesquisadores.<\/p>\n<\/div>\n<div class=\"mc-column content-text active-extra-styles \" style=\"text-align: justify;\" data-block-type=\"unstyled\" data-block-weight=\"50\" data-block-id=\"22\">\n<p class=\"content-text__container \" data-track-category=\"Link no Texto\" data-track-links=\"\">&#8220;Estes valores permitem ganhos para a sociedade paulista superiores a 15 vezes o investimento e garantem a manuten\u00e7\u00e3o de milhares de postos de trabalho bem distribu\u00eddos. A economia de sua extin\u00e7\u00e3o \u00e9 praticamente nula frente \u00e0s proje\u00e7\u00f5es de necessidade de redu\u00e7\u00e3o de d\u00e9ficit do governo do estado&#8221;, continuam no manifesto.<\/p>\n<\/div>\n<div class=\"mc-column content-text active-extra-styles \" style=\"text-align: justify;\" data-block-type=\"unstyled\" data-block-weight=\"7\" data-block-id=\"23\">\n<p class=\"content-text__container \" data-track-category=\"Link no Texto\" data-track-links=\"\">Entre outros pontos, o grupo lembra que:<\/p>\n<\/div>\n<div class=\"mc-column content-text active-extra-styles\" style=\"text-align: justify;\" data-block-type=\"raw\" data-block-weight=\"211\" data-block-id=\"24\">\n<ul class=\"content-unordered-list\">\n<li>o planeta vive uma crise do clima e da biodiversidade, com um milh\u00e3o de esp\u00e9cies amea\u00e7adas e cerca de dois ter\u00e7os dos habitats naturais comprometidos no mundo;<\/li>\n<li>o governo do estado assumiu o compromisso, em fevereiro, durante a confer\u00eancia BIO 2020, de se engajar em um acordo global pela natureza e pelas pessoas;<\/li>\n<li>os impactos sociais e econ\u00f4micos da pandemia da Covid-19 t\u00eam origem justamente na degrada\u00e7\u00e3o da natureza e na falta de cuidados com a vida silvestre;<\/li>\n<li>al\u00e9m de proteger um patrim\u00f4nio p\u00fablico, o investimento em \u00e1reas de prote\u00e7\u00e3o gera movimento da economia, com postos de trabalho e milh\u00f5es de reais em carbono estocado;<\/li>\n<li>as unidades de conserva\u00e7\u00e3o s\u00e3o fundamentais para pesquisa cient\u00edfica de institutos e universidades;<\/li>\n<li>as unidades de conserva\u00e7\u00e3o s\u00e3o obriga\u00e7\u00f5es constitucionais, visto que s\u00e3o ferramentas para a prote\u00e7\u00e3o da natureza e dos valores culturais, conforme o artigo 225 da Constitui\u00e7\u00e3o Federal;<\/li>\n<li>das 130 unidades de conserva\u00e7\u00e3o sob responsabilidade do estado de S\u00e3o Paulo, 102 est\u00e3o sob gest\u00e3o da Funda\u00e7\u00e3o Florestal, que correspondem a cerca de 4,6 milh\u00f5es de hectares, al\u00e9m de 56 reservas privadas (RPPNs), com mais de 17 mil hectares;<\/li>\n<li>os n\u00fameros mostram que o \u00f3rg\u00e3o conseguiu reduzir os desmatamentos no estado, investir no ecoturismo, aumentar o n\u00famero de visitantes e gerar renda para comunidades locais.<\/li>\n<\/ul>\n<\/div>\n<div class=\"mc-column content-text active-extra-styles \" style=\"text-align: justify;\" data-block-type=\"unstyled\" data-block-weight=\"74\" data-block-id=\"25\">\n<p class=\"content-text__container \" data-track-category=\"Link no Texto\" data-track-links=\"\">&#8220;Conclu\u00edmos que o estado de S\u00e3o Paulo, enquanto guardi\u00e3o dos maiores remanescentes da Mata Atl\u00e2ntica (segundo maior bioma florestal do Brasil e o mais devastado bioma do pa\u00eds), de trechos de Cerrado amea\u00e7ados em alto grau, e da importante biodiversidade costeira e marinha em suas costas, tem uma responsabilidade intransfer\u00edvel de zelar pela boa gest\u00e3o de suas unidades de conserva\u00e7\u00e3o \u2013 principal raz\u00e3o de ser da Funda\u00e7\u00e3o Florestal de S\u00e3o Paulo&#8221;, afirmam os pesquisadores.<\/p>\n<\/div>\n<div class=\"content-ads content-ads--reveal\" style=\"text-align: justify;\" data-block-type=\"ads\" data-block-id=\"26\"><\/div>\n<div class=\"mc-column content-text active-extra-styles \" style=\"text-align: justify;\" data-block-type=\"unstyled\" data-block-weight=\"55\" data-block-id=\"27\">\n<p class=\"content-text__container \" data-track-category=\"Link no Texto\" data-track-links=\"\">Tamb\u00e9m reivindicando a manuten\u00e7\u00e3o da institui\u00e7\u00e3o, as associa\u00e7\u00f5es de moradores do Vale da Bocaina e do Vale do Arir\u00f3 lan\u00e7aram um abaixo-assinado, e o Sindicato dos Trabalhadores em \u00c1gua, Esgoto e Meio Ambiente do Estado de S\u00e3o Paulo (Sintaema) enviou um of\u00edcio \u00e0 secretaria de meio ambiente solicitando maiores informa\u00e7\u00f5es sobre a inten\u00e7\u00e3o do governo.<\/p>\n<\/div>\n<div class=\"mc-column content-text active-extra-styles\" style=\"text-align: justify;\" data-block-type=\"raw\" data-block-weight=\"3\" data-block-id=\"28\">\n<div class=\"content-intertitle\">\n<h2>Extintas em 2019<\/h2>\n<\/div>\n<\/div>\n<div class=\"mc-column content-text active-extra-styles \" style=\"text-align: justify;\" data-block-type=\"unstyled\" data-block-weight=\"46\" data-block-id=\"29\">\n<p class=\"content-text__container \" data-track-category=\"Link no Texto\" data-track-links=\"\"><a href=\"https:\/\/g1.globo.com\/sp\/sao-paulo\/noticia\/2019\/01\/01\/doria-assina-6-decretos-e-propoe-projeto-para-fusao-de-estatais.ghtml\">No dia 1 de janeiro de 2019<\/a>, assim que assumiu o mandato como governador do estado de S\u00e3o Paulo, Jo\u00e3o Doria enviou para avalia\u00e7\u00e3o dos deputados na Assembleia Legislativa a proposta de extinguir, vender ou fundir a Dersa (Desenvolvimento Rodovi\u00e1rio S.A.) e outras cinco empresas p\u00fablicas:<\/p>\n<\/div>\n<div class=\"mc-column content-text active-extra-styles\" style=\"text-align: justify;\" data-block-type=\"raw\" data-block-weight=\"32\" data-block-id=\"30\">\n<ul class=\"content-unordered-list\">\n<li>a Companhia de Obras e Servi\u00e7os (CPOS);<\/li>\n<li>a Empresa Paulista de Planejamento Metropolitano (Emplasa);<\/li>\n<li>a Companhia de Desenvolvimento Agr\u00edcola (Codasp);<\/li>\n<li>a Companhia de Processamento de Dados (Prodesp);<\/li>\n<li>a Imprensa Oficial do Estado.<\/li>\n<\/ul>\n<\/div>\n<div class=\"mc-column content-text active-extra-styles \" style=\"text-align: justify;\" data-block-type=\"unstyled\" data-block-weight=\"60\" data-block-id=\"31\">\n<p class=\"content-text__container \" data-track-category=\"Link no Texto\" data-track-links=\"\">De acordo com o governo, essas seis empresas foram respons\u00e1veis por um d\u00e9ficit de R$ 195 milh\u00f5es em 2017, e a proposta era de que CPOS, Emplasa e Codasp passassem por uma fus\u00e3o e se tornassem uma \u00fanica empresa, assim como a Imprensa Oficial e a Prodesp, sendo que esta \u00faltima a\u00e7\u00e3o traria economia de R$ 30 milh\u00f5es por ano.<\/p>\n<\/div>\n<div class=\"mc-column content-text active-extra-styles \" style=\"text-align: justify;\" data-block-type=\"unstyled\" data-block-weight=\"26\" data-block-id=\"32\">\n<p class=\"content-text__container \" data-track-category=\"Link no Texto\" data-track-links=\"\">Em maio de 2019,\u00a0<a href=\"https:\/\/g1.globo.com\/sp\/sao-paulo\/noticia\/2019\/05\/16\/assembleia-legislativa-de-sp-aprova-projeto-de-doria-para-extincao-de-estatais.ghtml\">a Alesp aprovou o projeto de lei<\/a>, mas retirou a Dersa do pacote, e extinguiu a Codasp, a CPOS e a Emplasa.<\/p>\n<\/div>\n<div class=\"mc-column content-text active-extra-styles \" data-block-type=\"unstyled\" data-block-weight=\"24\" data-block-id=\"33\">\n<p class=\"content-text__container \" style=\"text-align: justify;\" data-track-category=\"Link no Texto\" data-track-links=\"\">O governo enviou\u00a0<a href=\"https:\/\/g1.globo.com\/sp\/sao-paulo\/noticia\/2019\/09\/10\/extincao-da-dersa-e-aprovada-na-assembleia-legislativa-de-sp.ghtml\">nova proposta \u00e0 Alesp sobre a Dersa, insistindo por sua extin\u00e7\u00e3o<\/a>. Em setembro de 2019, o projeto foi aprovado pelos deputados.<\/p>\n<p style=\"text-align: justify;\">Fonte: https:\/\/g1.globo.com\/sp\/sao-paulo\/noticia\/2020\/08\/12\/governo-de-sp-envia-a-alesp-projeto-para-extinguir-10-empresas-autarquias-e-fundacoes-estaduais.ghtml<\/p>\n<\/div>\n<\/div>\n<\/div>\n","protected":false},"excerpt":{"rendered":"<p>Com o projeto, a gest\u00e3o Doria (PSDB) pretende cortar 5.600 vagas no funcionalismo p\u00fablico e aumentar a arrecada\u00e7\u00e3o em R$ 8,8 bilh\u00f5es. Documento tamb\u00e9m prop\u00f5e extin\u00e7\u00e3o do CDHU e EMTU, sendo absorvidas por secretarias. O governo de S\u00e3o Paulo enviou para a Assembleia Legislativa do Estado de S\u00e3o Paulo (Alesp) nesta quarta-feira (12) um projeto [&hellip;]<\/p>\n","protected":false},"author":1,"featured_media":32693,"comment_status":"closed","ping_status":"open","sticky":false,"template":"","format":"standard","meta":{"footnotes":""},"categories":[110,116],"tags":[],"class_list":["post-32692","post","type-post","status-publish","format-standard","has-post-thumbnail","hentry","category-noticiasdestaque","category-politicaeeconomia"],"_links":{"self":[{"href":"https:\/\/jorgezanoni.com.br\/2019\/wp-json\/wp\/v2\/posts\/32692","targetHints":{"allow":["GET"]}}],"collection":[{"href":"https:\/\/jorgezanoni.com.br\/2019\/wp-json\/wp\/v2\/posts"}],"about":[{"href":"https:\/\/jorgezanoni.com.br\/2019\/wp-json\/wp\/v2\/types\/post"}],"author":[{"embeddable":true,"href":"https:\/\/jorgezanoni.com.br\/2019\/wp-json\/wp\/v2\/users\/1"}],"replies":[{"embeddable":true,"href":"https:\/\/jorgezanoni.com.br\/2019\/wp-json\/wp\/v2\/comments?post=32692"}],"version-history":[{"count":0,"href":"https:\/\/jorgezanoni.com.br\/2019\/wp-json\/wp\/v2\/posts\/32692\/revisions"}],"wp:featuredmedia":[{"embeddable":true,"href":"https:\/\/jorgezanoni.com.br\/2019\/wp-json\/wp\/v2\/media\/32693"}],"wp:attachment":[{"href":"https:\/\/jorgezanoni.com.br\/2019\/wp-json\/wp\/v2\/media?parent=32692"}],"wp:term":[{"taxonomy":"category","embeddable":true,"href":"https:\/\/jorgezanoni.com.br\/2019\/wp-json\/wp\/v2\/categories?post=32692"},{"taxonomy":"post_tag","embeddable":true,"href":"https:\/\/jorgezanoni.com.br\/2019\/wp-json\/wp\/v2\/tags?post=32692"}],"curies":[{"name":"wp","href":"https:\/\/api.w.org\/{rel}","templated":true}]}}