{"id":32681,"date":"2020-08-13T01:07:05","date_gmt":"2020-08-13T01:07:05","guid":{"rendered":"https:\/\/jorgezanoni.com.br\/2019\/?p=32681"},"modified":"2020-08-13T01:07:05","modified_gmt":"2020-08-13T01:07:05","slug":"animal-amanheceu-morto-proximo-a-bairros-de-dracena","status":"publish","type":"post","link":"https:\/\/jorgezanoni.com.br\/2019\/animal-amanheceu-morto-proximo-a-bairros-de-dracena\/","title":{"rendered":"Animal amanheceu morto pr\u00f3ximo a bairros de Dracena"},"content":{"rendered":"<p style=\"text-align: justify;\">Um equino amanheceu morto na manh\u00e3 desta quarta-feira (12). Ningu\u00e9m soube informar o motivo.<\/p>\n<p style=\"text-align: justify;\">O fato foi registrado na DRA-157 que liga a Rodovia Jo\u00e3o Ara\u00fajo aos bairros Santa M\u00f4nica, do Bosque e adjac\u00eancias.<\/p>\n<p><img loading=\"lazy\" decoding=\"async\" class=\"alignnone size-full wp-image-32682\" src=\"https:\/\/jorgezanoni.com.br\/2019\/wp-content\/uploads\/2020\/08\/cavalo-2.jpg\" alt=\"\" width=\"421\" height=\"850\" srcset=\"https:\/\/jorgezanoni.com.br\/2019\/wp-content\/uploads\/2020\/08\/cavalo-2.jpg 421w, https:\/\/jorgezanoni.com.br\/2019\/wp-content\/uploads\/2020\/08\/cavalo-2-149x300.jpg 149w, https:\/\/jorgezanoni.com.br\/2019\/wp-content\/uploads\/2020\/08\/cavalo-2-208x420.jpg 208w\" sizes=\"auto, (max-width: 421px) 100vw, 421px\" \/><\/p>\n<p style=\"text-align: justify;\">Uma p\u00e1 carregadeira da Prefeitura Municipal foi acionada e providenciou uma vala para enterrar o cavalo.<\/p>\n<p style=\"text-align: justify;\">Jorge Zanoni<\/p>\n<p style=\"text-align: justify;\">Fotos de Internauta<\/p>\n","protected":false},"excerpt":{"rendered":"<p>Um equino amanheceu morto na manh\u00e3 desta quarta-feira (12). Ningu\u00e9m soube informar o motivo. O fato foi registrado na DRA-157 que liga a Rodovia Jo\u00e3o Ara\u00fajo aos bairros Santa M\u00f4nica, do Bosque e adjac\u00eancias. Uma p\u00e1 carregadeira da Prefeitura Municipal foi acionada e providenciou uma vala para enterrar o cavalo. Jorge Zanoni Fotos de Internauta<\/p>\n","protected":false},"author":1,"featured_media":32683,"comment_status":"closed","ping_status":"open","sticky":false,"template":"","format":"standard","meta":{"footnotes":""},"categories":[114,110],"tags":[],"class_list":["post-32681","post","type-post","status-publish","format-standard","has-post-thumbnail","hentry","category-geralecomercio","category-noticiasdestaque"],"_links":{"self":[{"href":"https:\/\/jorgezanoni.com.br\/2019\/wp-json\/wp\/v2\/posts\/32681","targetHints":{"allow":["GET"]}}],"collection":[{"href":"https:\/\/jorgezanoni.com.br\/2019\/wp-json\/wp\/v2\/posts"}],"about":[{"href":"https:\/\/jorgezanoni.com.br\/2019\/wp-json\/wp\/v2\/types\/post"}],"author":[{"embeddable":true,"href":"https:\/\/jorgezanoni.com.br\/2019\/wp-json\/wp\/v2\/users\/1"}],"replies":[{"embeddable":true,"href":"https:\/\/jorgezanoni.com.br\/2019\/wp-json\/wp\/v2\/comments?post=32681"}],"version-history":[{"count":0,"href":"https:\/\/jorgezanoni.com.br\/2019\/wp-json\/wp\/v2\/posts\/32681\/revisions"}],"wp:featuredmedia":[{"embeddable":true,"href":"https:\/\/jorgezanoni.com.br\/2019\/wp-json\/wp\/v2\/media\/32683"}],"wp:attachment":[{"href":"https:\/\/jorgezanoni.com.br\/2019\/wp-json\/wp\/v2\/media?parent=32681"}],"wp:term":[{"taxonomy":"category","embeddable":true,"href":"https:\/\/jorgezanoni.com.br\/2019\/wp-json\/wp\/v2\/categories?post=32681"},{"taxonomy":"post_tag","embeddable":true,"href":"https:\/\/jorgezanoni.com.br\/2019\/wp-json\/wp\/v2\/tags?post=32681"}],"curies":[{"name":"wp","href":"https:\/\/api.w.org\/{rel}","templated":true}]}}