{"id":32651,"date":"2020-08-12T22:38:37","date_gmt":"2020-08-12T22:38:37","guid":{"rendered":"https:\/\/jorgezanoni.com.br\/2019\/?p=32651"},"modified":"2020-08-12T22:38:37","modified_gmt":"2020-08-12T22:38:37","slug":"autor-de-tentativa-de-homicidio-em-ouro-verde-esta-preso-vitima-continua-internada-na-uti","status":"publish","type":"post","link":"https:\/\/jorgezanoni.com.br\/2019\/autor-de-tentativa-de-homicidio-em-ouro-verde-esta-preso-vitima-continua-internada-na-uti\/","title":{"rendered":"Autor de tentativa de Homic\u00eddio em Ouro Verde est\u00e1 preso, v\u00edtima continua internada na UTI"},"content":{"rendered":"<p style=\"text-align: justify;\"><strong>AUTOR DE TENTATIVA DE HOMIC\u00cdDIO EM OURO VERDE EST\u00c1 PRESO V\u00cdTIMA CONTINUA INTERNADA NA U.T.I.<\/strong><\/p>\n<p style=\"text-align: justify;\">No final da tarde do dia 10 de agosto, a Pol\u00edcia Civil em Ouro Verde prendeu em decorr\u00eancia de cumprimento de Mandado de Pris\u00e3o Tempor\u00e1ria por crime de homic\u00eddio em sua forma tentada, o autor do crime que por pouco n\u00e3o tira a vida de um homem de 38 anos de idade.<br \/>\nO autor, um homem de 18 anos de idade, desferiu um golpe de faca, cravando-a no peito da v\u00edtima ap\u00f3s uma discuss\u00e3o.<br \/>\nAutor e v\u00edtima estavam na via p\u00fablica, quando por motivos que est\u00e3o sendo esclarecidos no Inqu\u00e9rito Policial instaurado pela Delegacia de Pol\u00edcia de Ouro Verde, entraram em desentendimento, momento em que a v\u00edtima foi agredida.<br \/>\nO crime se deu no s\u00e1bado \u00e0 noite e no dia 10 o autor J.V.S.J de 18 anos de idade, ap\u00f3s in\u00fameras tratativas da Pol\u00edcia Civil com seus familiares, se apresentou posteriormente na Delegacia de Pol\u00edcia de Ouro Verde, quando foi dado cumprimento ao Mandado de Pris\u00e3o Tempor\u00e1ria de 30 dias, expedido pela Justi\u00e7a da Comarca de Dracena, pelo seu Plant\u00e3o Judici\u00e1rio.<br \/>\nO preso, autor da facada, quase nada informou sobre o acontecido, reportando-se a anterior desaven\u00e7a entre ele e a v\u00edtima F.S.R. de 38 anos de idade e que neste intuito agiu sozinho.<br \/>\nCom o cumprimento do Mandado de Pris\u00e3o, a autoria do crime foi estabelecida e esclarecida, embora o instrumento do crime, uma faca, n\u00e3o tenha sido, ainda, encontrado.<br \/>\nO Homem que cometeu a agress\u00e3o foi preso e encontra-se na Cadeia P\u00fablica de Presidente Venceslau \u00e0 disposi\u00e7\u00e3o da Justi\u00e7a.<br \/>\nA v\u00edtima continua internada na UTI de Hospital em Presidente Prudente e a Pol\u00edcia Civil aguarda informa\u00e7\u00f5es m\u00e9dicas sobre o seu estado de sa\u00fade, na tentativa de ouvi-lo, podendo ent\u00e3o informar a s causas determinantes da agress\u00e3o.<\/p>\n<p style=\"text-align: justify;\">Fonte: Com. Social Pol\u00edcia Civil<\/p>\n","protected":false},"excerpt":{"rendered":"<p>AUTOR DE TENTATIVA DE HOMIC\u00cdDIO EM OURO VERDE EST\u00c1 PRESO V\u00cdTIMA CONTINUA INTERNADA NA U.T.I. No final da tarde do dia 10 de agosto, a Pol\u00edcia Civil em Ouro Verde prendeu em decorr\u00eancia de cumprimento de Mandado de Pris\u00e3o Tempor\u00e1ria por crime de homic\u00eddio em sua forma tentada, o autor do crime que por pouco [&hellip;]<\/p>\n","protected":false},"author":1,"featured_media":32652,"comment_status":"closed","ping_status":"open","sticky":false,"template":"","format":"standard","meta":{"footnotes":""},"categories":[110,2],"tags":[],"class_list":["post-32651","post","type-post","status-publish","format-standard","has-post-thumbnail","hentry","category-noticiasdestaque","category-policial"],"_links":{"self":[{"href":"https:\/\/jorgezanoni.com.br\/2019\/wp-json\/wp\/v2\/posts\/32651","targetHints":{"allow":["GET"]}}],"collection":[{"href":"https:\/\/jorgezanoni.com.br\/2019\/wp-json\/wp\/v2\/posts"}],"about":[{"href":"https:\/\/jorgezanoni.com.br\/2019\/wp-json\/wp\/v2\/types\/post"}],"author":[{"embeddable":true,"href":"https:\/\/jorgezanoni.com.br\/2019\/wp-json\/wp\/v2\/users\/1"}],"replies":[{"embeddable":true,"href":"https:\/\/jorgezanoni.com.br\/2019\/wp-json\/wp\/v2\/comments?post=32651"}],"version-history":[{"count":0,"href":"https:\/\/jorgezanoni.com.br\/2019\/wp-json\/wp\/v2\/posts\/32651\/revisions"}],"wp:featuredmedia":[{"embeddable":true,"href":"https:\/\/jorgezanoni.com.br\/2019\/wp-json\/wp\/v2\/media\/32652"}],"wp:attachment":[{"href":"https:\/\/jorgezanoni.com.br\/2019\/wp-json\/wp\/v2\/media?parent=32651"}],"wp:term":[{"taxonomy":"category","embeddable":true,"href":"https:\/\/jorgezanoni.com.br\/2019\/wp-json\/wp\/v2\/categories?post=32651"},{"taxonomy":"post_tag","embeddable":true,"href":"https:\/\/jorgezanoni.com.br\/2019\/wp-json\/wp\/v2\/tags?post=32651"}],"curies":[{"name":"wp","href":"https:\/\/api.w.org\/{rel}","templated":true}]}}