{"id":32648,"date":"2020-08-12T16:03:05","date_gmt":"2020-08-12T16:03:05","guid":{"rendered":"https:\/\/jorgezanoni.com.br\/2019\/?p=32648"},"modified":"2020-08-12T16:03:05","modified_gmt":"2020-08-12T16:03:05","slug":"doria-afirma-que-testou-positivo-para-covid-19","status":"publish","type":"post","link":"https:\/\/jorgezanoni.com.br\/2019\/doria-afirma-que-testou-positivo-para-covid-19\/","title":{"rendered":"Doria afirma que testou positivo para Covid-19"},"content":{"rendered":"<h2 class=\"content-head__subtitle\" style=\"text-align: justify;\"><strong>Ele \u00e9 o 11\u00ba governador a testar positivo para a doen\u00e7a. Doria disse que est\u00e1 em sintomas e que trabalhar\u00e1 de casa. O governador n\u00e3o participa da coletiva desta quarta.<\/strong><\/h2>\n<div class=\"mc-column content-text active-extra-styles \" data-block-type=\"unstyled\" data-block-weight=\"32\" data-block-id=\"2\">\n<p class=\"content-text__container \" style=\"text-align: justify;\" data-track-category=\"Link no Texto\" data-track-links=\"\">O governador de S\u00e3o Paulo,\u00a0<a href=\"https:\/\/g1.globo.com\/politica\/politico\/joao-doria\/\">Jo\u00e3o Doria<\/a>\u00a0(PSDB), afirmou nesta quarta-feira (12) que testou positivo para a Covid-19. Ele \u00e9\u00a0<a href=\"https:\/\/g1.globo.com\/politica\/noticia\/2020\/06\/04\/governadores-ja-tiveram-covid-19-veja-lista.ghtml\">o 11\u00ba governador a testar positivo para a doen\u00e7a<\/a>\u00a0no pa\u00eds.<\/p>\n<\/div>\n<div class=\"wall protected-content\">\n<div class=\"mc-column content-text active-extra-styles \" style=\"text-align: justify;\" data-block-type=\"unstyled\" data-block-weight=\"54\" data-block-id=\"3\">\n<p class=\"content-text__container \" data-track-category=\"Link no Texto\" data-track-links=\"\">&#8220;Seguindo o princ\u00edpio da total transpar\u00eancia com que temos lidado com a pandemia, informo que fui diagnosticado com Covid-19. Estou bem, sem sintomas. Seguirei trabalhando de casa, cumprindo as recomenda\u00e7\u00f5es m\u00e9dicas de isolamento. Tenho f\u00e9 em Deus que vou superar a doen\u00e7a&#8221;, afirmou o governador em v\u00eddeo postado em sua conta no Twitter.<\/p>\n<\/div>\n<div class=\"mc-column content-text active-extra-styles \" data-block-type=\"unstyled\" data-block-weight=\"62\" data-block-id=\"4\">\n<p class=\"content-text__container \" style=\"text-align: justify;\" data-track-category=\"Link no Texto\" data-track-links=\"\">\u201cDurante os pr\u00f3ximos dez dias, eu estarei cumprindo este protocolo. Aproveito para pedir a voc\u00ea que est\u00e1 na sua casa, se proteja, siga tamb\u00e9m os protocolos da sa\u00fade. Tudo isso vai passar, a vacina vai chegar e o brasil ter\u00e1 um novo momento livre do coronav\u00edrus. At\u00e9 l\u00e1, temos que fazer este enfrentamento, seguir o protocolo e obedecer a sa\u00fade\u201d, completou.<\/p>\n<p style=\"text-align: justify;\" data-track-category=\"Link no Texto\" data-track-links=\"\">Fonte: G1<\/p>\n<\/div>\n<\/div>\n","protected":false},"excerpt":{"rendered":"<p>Ele \u00e9 o 11\u00ba governador a testar positivo para a doen\u00e7a. Doria disse que est\u00e1 em sintomas e que trabalhar\u00e1 de casa. O governador n\u00e3o participa da coletiva desta quarta. O governador de S\u00e3o Paulo,\u00a0Jo\u00e3o Doria\u00a0(PSDB), afirmou nesta quarta-feira (12) que testou positivo para a Covid-19. Ele \u00e9\u00a0o 11\u00ba governador a testar positivo para a [&hellip;]<\/p>\n","protected":false},"author":1,"featured_media":32649,"comment_status":"closed","ping_status":"open","sticky":false,"template":"","format":"standard","meta":{"footnotes":""},"categories":[110,116],"tags":[],"class_list":["post-32648","post","type-post","status-publish","format-standard","has-post-thumbnail","hentry","category-noticiasdestaque","category-politicaeeconomia"],"_links":{"self":[{"href":"https:\/\/jorgezanoni.com.br\/2019\/wp-json\/wp\/v2\/posts\/32648","targetHints":{"allow":["GET"]}}],"collection":[{"href":"https:\/\/jorgezanoni.com.br\/2019\/wp-json\/wp\/v2\/posts"}],"about":[{"href":"https:\/\/jorgezanoni.com.br\/2019\/wp-json\/wp\/v2\/types\/post"}],"author":[{"embeddable":true,"href":"https:\/\/jorgezanoni.com.br\/2019\/wp-json\/wp\/v2\/users\/1"}],"replies":[{"embeddable":true,"href":"https:\/\/jorgezanoni.com.br\/2019\/wp-json\/wp\/v2\/comments?post=32648"}],"version-history":[{"count":0,"href":"https:\/\/jorgezanoni.com.br\/2019\/wp-json\/wp\/v2\/posts\/32648\/revisions"}],"wp:featuredmedia":[{"embeddable":true,"href":"https:\/\/jorgezanoni.com.br\/2019\/wp-json\/wp\/v2\/media\/32649"}],"wp:attachment":[{"href":"https:\/\/jorgezanoni.com.br\/2019\/wp-json\/wp\/v2\/media?parent=32648"}],"wp:term":[{"taxonomy":"category","embeddable":true,"href":"https:\/\/jorgezanoni.com.br\/2019\/wp-json\/wp\/v2\/categories?post=32648"},{"taxonomy":"post_tag","embeddable":true,"href":"https:\/\/jorgezanoni.com.br\/2019\/wp-json\/wp\/v2\/tags?post=32648"}],"curies":[{"name":"wp","href":"https:\/\/api.w.org\/{rel}","templated":true}]}}