{"id":32641,"date":"2020-08-12T15:20:17","date_gmt":"2020-08-12T15:20:17","guid":{"rendered":"https:\/\/jorgezanoni.com.br\/2019\/?p=32641"},"modified":"2020-08-12T15:20:17","modified_gmt":"2020-08-12T15:20:17","slug":"joao-greco-recebe-titulo-de-cidadao-honorario-de-dracena","status":"publish","type":"post","link":"https:\/\/jorgezanoni.com.br\/2019\/joao-greco-recebe-titulo-de-cidadao-honorario-de-dracena\/","title":{"rendered":"Jo\u00e3o Greco recebe T\u00edtulo de Cidad\u00e3o Honor\u00e1rio de Dracena"},"content":{"rendered":"<p><strong>Homenagem pelos seus relevantes servi\u00e7os foi entregue em sess\u00e3o da C\u00e2mara.<\/strong><\/p>\n<p style=\"text-align: justify;\">A C\u00e2mara Municipal de Dracena fez a entrega de T\u00edtulo de Cidad\u00e3o Honor\u00e1rio de Dracena ao ex-prefeito Jo\u00e3o Greco, nesta segunda-feira (10), durante a sess\u00e3o ordin\u00e1ria.<\/p>\n<p style=\"text-align: justify;\">A homenagem foi apresentada e aprovada por unanimidade atrav\u00e9s do projeto de decreto legislativo n.\u00ba 01\/2020, &#8220;em reconhecimento aos relevantes servi\u00e7os prestados \u00e0 comunidade dracenense.&#8221;\u00a0<strong>\u00a0<\/strong><\/p>\n<p style=\"text-align: justify;\">Na sess\u00e3o, as autoridades civis e municipais usaram a Tribuna para exaltar a trajet\u00f3ria pessoal e pol\u00edtica de Jo\u00e3o Greco, que agradeceu a todos pela presen\u00e7a. O homenageado foi vereador da Casa de Leis nas 6\u00aa, 7\u00aa, 10\u00aa legislaturas. Na 11\u00aa legislatura atuou como suplente de vereador. Em seu segundo mandato exerceu a fun\u00e7\u00e3o de presidente da C\u00e2mara, al\u00e9m de ter ocupado o cargo de prefeito em 1973 (de 31\/01 a 28\/02\/1973), &#8220;quando nova elei\u00e7\u00e3o para o cargo teve que ser realizada.&#8221;<\/p>\n<p style=\"text-align: justify;\">Ap\u00f3s a solenidade, foi dada continuidade \u00e0 sess\u00e3o ordin\u00e1ria com apresenta\u00e7\u00e3o de 12 requerimentos e 11 indica\u00e7\u00f5es. N\u00e3o houve a inclus\u00e3o de projetos a serem discutidos na Ordem do Dia.<\/p>\n<p style=\"text-align: justify;\"><strong>Per\u00edodo Eleitoral<\/strong><strong>\u00a0<\/strong><\/p>\n<p style=\"text-align: justify;\">A partir do dia 15 de agosto, ser\u00e1 suspensa a publicidade institucional da C\u00e2mara de Dracena at\u00e9 as elei\u00e7\u00f5es municipais deste ano, a ser realizada em 15 de novembro.<\/p>\n<p style=\"text-align: justify;\">Desta forma, ser\u00e3o desativadas temporariamente as redes sociais Facebook e Instagram. As demais informa\u00e7\u00f5es como: presta\u00e7\u00e3o de contas, projetos, requerimentos, indica\u00e7\u00f5es, atos, licita\u00e7\u00f5es, etc., continuar\u00e3o podendo ser consultadas no site.<\/p>\n<p style=\"text-align: justify;\">Os mun\u00edcipes podem e devem continuar acompanhando as sess\u00f5es ordin\u00e1rias transmitidas somente via r\u00e1dio (95,3 FM) e YouTube (<a href=\"http:\/\/bit.ly\/camaradracenayoutube\" target=\"_blank\" rel=\"noopener noreferrer\">http:\/\/bit.ly\/camaradracenayoutube<\/a>).<\/p>\n<p><img loading=\"lazy\" decoding=\"async\" class=\"alignnone size-full wp-image-32642\" src=\"https:\/\/jorgezanoni.com.br\/2019\/wp-content\/uploads\/2020\/08\/jo\u00e3o-2.jpg\" alt=\"\" width=\"800\" height=\"533\" srcset=\"https:\/\/jorgezanoni.com.br\/2019\/wp-content\/uploads\/2020\/08\/jo\u00e3o-2.jpg 800w, https:\/\/jorgezanoni.com.br\/2019\/wp-content\/uploads\/2020\/08\/jo\u00e3o-2-300x200.jpg 300w, https:\/\/jorgezanoni.com.br\/2019\/wp-content\/uploads\/2020\/08\/jo\u00e3o-2-768x512.jpg 768w, https:\/\/jorgezanoni.com.br\/2019\/wp-content\/uploads\/2020\/08\/jo\u00e3o-2-696x464.jpg 696w, https:\/\/jorgezanoni.com.br\/2019\/wp-content\/uploads\/2020\/08\/jo\u00e3o-2-630x420.jpg 630w\" sizes=\"auto, (max-width: 800px) 100vw, 800px\" \/> <img loading=\"lazy\" decoding=\"async\" class=\"alignnone size-full wp-image-32644\" src=\"https:\/\/jorgezanoni.com.br\/2019\/wp-content\/uploads\/2020\/08\/Jo\u00e3o-Greco-2.jpg\" alt=\"\" width=\"800\" height=\"533\" srcset=\"https:\/\/jorgezanoni.com.br\/2019\/wp-content\/uploads\/2020\/08\/Jo\u00e3o-Greco-2.jpg 800w, https:\/\/jorgezanoni.com.br\/2019\/wp-content\/uploads\/2020\/08\/Jo\u00e3o-Greco-2-300x200.jpg 300w, https:\/\/jorgezanoni.com.br\/2019\/wp-content\/uploads\/2020\/08\/Jo\u00e3o-Greco-2-768x512.jpg 768w, https:\/\/jorgezanoni.com.br\/2019\/wp-content\/uploads\/2020\/08\/Jo\u00e3o-Greco-2-696x464.jpg 696w, https:\/\/jorgezanoni.com.br\/2019\/wp-content\/uploads\/2020\/08\/Jo\u00e3o-Greco-2-630x420.jpg 630w\" sizes=\"auto, (max-width: 800px) 100vw, 800px\" \/> <img loading=\"lazy\" decoding=\"async\" class=\"alignnone size-full wp-image-32645\" src=\"https:\/\/jorgezanoni.com.br\/2019\/wp-content\/uploads\/2020\/08\/Jo\u00e3o-Greco-1-1.jpg\" alt=\"\" width=\"800\" height=\"1199\" srcset=\"https:\/\/jorgezanoni.com.br\/2019\/wp-content\/uploads\/2020\/08\/Jo\u00e3o-Greco-1-1.jpg 800w, https:\/\/jorgezanoni.com.br\/2019\/wp-content\/uploads\/2020\/08\/Jo\u00e3o-Greco-1-1-200x300.jpg 200w, https:\/\/jorgezanoni.com.br\/2019\/wp-content\/uploads\/2020\/08\/Jo\u00e3o-Greco-1-1-683x1024.jpg 683w, https:\/\/jorgezanoni.com.br\/2019\/wp-content\/uploads\/2020\/08\/Jo\u00e3o-Greco-1-1-768x1151.jpg 768w, https:\/\/jorgezanoni.com.br\/2019\/wp-content\/uploads\/2020\/08\/Jo\u00e3o-Greco-1-1-696x1043.jpg 696w, https:\/\/jorgezanoni.com.br\/2019\/wp-content\/uploads\/2020\/08\/Jo\u00e3o-Greco-1-1-280x420.jpg 280w\" sizes=\"auto, (max-width: 800px) 100vw, 800px\" \/> <img loading=\"lazy\" decoding=\"async\" class=\"alignnone size-full wp-image-32646\" src=\"https:\/\/jorgezanoni.com.br\/2019\/wp-content\/uploads\/2020\/08\/joao.jpg\" alt=\"\" width=\"800\" height=\"533\" srcset=\"https:\/\/jorgezanoni.com.br\/2019\/wp-content\/uploads\/2020\/08\/joao.jpg 800w, https:\/\/jorgezanoni.com.br\/2019\/wp-content\/uploads\/2020\/08\/joao-300x200.jpg 300w, https:\/\/jorgezanoni.com.br\/2019\/wp-content\/uploads\/2020\/08\/joao-768x512.jpg 768w, https:\/\/jorgezanoni.com.br\/2019\/wp-content\/uploads\/2020\/08\/joao-696x464.jpg 696w, https:\/\/jorgezanoni.com.br\/2019\/wp-content\/uploads\/2020\/08\/joao-630x420.jpg 630w\" sizes=\"auto, (max-width: 800px) 100vw, 800px\" \/><\/p>\n<p>Assessoria C\u00e2mara Municipal<\/p>\n","protected":false},"excerpt":{"rendered":"<p>Homenagem pelos seus relevantes servi\u00e7os foi entregue em sess\u00e3o da C\u00e2mara. A C\u00e2mara Municipal de Dracena fez a entrega de T\u00edtulo de Cidad\u00e3o Honor\u00e1rio de Dracena ao ex-prefeito Jo\u00e3o Greco, nesta segunda-feira (10), durante a sess\u00e3o ordin\u00e1ria. A homenagem foi apresentada e aprovada por unanimidade atrav\u00e9s do projeto de decreto legislativo n.\u00ba 01\/2020, &#8220;em reconhecimento [&hellip;]<\/p>\n","protected":false},"author":1,"featured_media":32643,"comment_status":"closed","ping_status":"open","sticky":false,"template":"","format":"standard","meta":{"footnotes":""},"categories":[110,116],"tags":[],"class_list":["post-32641","post","type-post","status-publish","format-standard","has-post-thumbnail","hentry","category-noticiasdestaque","category-politicaeeconomia"],"_links":{"self":[{"href":"https:\/\/jorgezanoni.com.br\/2019\/wp-json\/wp\/v2\/posts\/32641","targetHints":{"allow":["GET"]}}],"collection":[{"href":"https:\/\/jorgezanoni.com.br\/2019\/wp-json\/wp\/v2\/posts"}],"about":[{"href":"https:\/\/jorgezanoni.com.br\/2019\/wp-json\/wp\/v2\/types\/post"}],"author":[{"embeddable":true,"href":"https:\/\/jorgezanoni.com.br\/2019\/wp-json\/wp\/v2\/users\/1"}],"replies":[{"embeddable":true,"href":"https:\/\/jorgezanoni.com.br\/2019\/wp-json\/wp\/v2\/comments?post=32641"}],"version-history":[{"count":0,"href":"https:\/\/jorgezanoni.com.br\/2019\/wp-json\/wp\/v2\/posts\/32641\/revisions"}],"wp:featuredmedia":[{"embeddable":true,"href":"https:\/\/jorgezanoni.com.br\/2019\/wp-json\/wp\/v2\/media\/32643"}],"wp:attachment":[{"href":"https:\/\/jorgezanoni.com.br\/2019\/wp-json\/wp\/v2\/media?parent=32641"}],"wp:term":[{"taxonomy":"category","embeddable":true,"href":"https:\/\/jorgezanoni.com.br\/2019\/wp-json\/wp\/v2\/categories?post=32641"},{"taxonomy":"post_tag","embeddable":true,"href":"https:\/\/jorgezanoni.com.br\/2019\/wp-json\/wp\/v2\/tags?post=32641"}],"curies":[{"name":"wp","href":"https:\/\/api.w.org\/{rel}","templated":true}]}}