{"id":32620,"date":"2020-08-12T12:42:53","date_gmt":"2020-08-12T12:42:53","guid":{"rendered":"https:\/\/jorgezanoni.com.br\/2019\/?p=32620"},"modified":"2020-08-12T12:45:36","modified_gmt":"2020-08-12T12:45:36","slug":"peritos-federais-sao-afastados-da-agencia-do-inss-de-adamantina-para-apuracao-de-fraudes-que-podem-chegar-a-r-22-milhoes","status":"publish","type":"post","link":"https:\/\/jorgezanoni.com.br\/2019\/peritos-federais-sao-afastados-da-agencia-do-inss-de-adamantina-para-apuracao-de-fraudes-que-podem-chegar-a-r-22-milhoes\/","title":{"rendered":"Peritos federais s\u00e3o afastados da ag\u00eancia do INSS de Adamantina para apura\u00e7\u00e3o de fraudes que podem chegar a R$ 2,2 milh\u00f5es"},"content":{"rendered":"<h2 class=\"content-head__subtitle\" style=\"text-align: justify;\"><strong>De acordo com a Pol\u00edcia Federal, Opera\u00e7\u00e3o Expert investiga irregularidades em aux\u00edlios por incapacidade tempor\u00e1ria e aposentadorias por incapacidade permanente.<\/strong><\/h2>\n<div class=\"mc-column content-text active-extra-styles \" data-block-type=\"unstyled\" data-block-weight=\"70\" data-block-id=\"2\">\n<p class=\"content-text__container \" style=\"text-align: justify;\" data-track-category=\"Link no Texto\" data-track-links=\"\">A Pol\u00edcia Federal em\u00a0<a href=\"https:\/\/g1.globo.com\/sp\/bauru-marilia\/cidade\/marilia\/\">Mar\u00edlia (SP)<\/a>\u00a0e a For\u00e7a-Tarefa Previdenci\u00e1ria e Trabalhista deflagraram nesta ter\u00e7a-feira (11) a Opera\u00e7\u00e3o Expert, com o objetivo de investigar fraudes em aux\u00edlios por incapacidade tempor\u00e1ria e aposentadorias por incapacidade permanente, supostamente praticadas por peritos federais, antigamente denominados peritos m\u00e9dicos previdenci\u00e1rios, e intermediadores que atuavam na cidade de\u00a0<a href=\"https:\/\/g1.globo.com\/sp\/presidente-prudente-regiao\/cidade\/adamantina\/\">Adamantina (SP)<\/a>. O preju\u00edzo estimado \u00e9 de mais de R$ 1,2 milh\u00e3o, podendo chegar aos R$ 2,2 milh\u00f5es.<\/p>\n<\/div>\n<div class=\"wall protected-content\">\n<div class=\"mc-column content-text active-extra-styles \" style=\"text-align: justify;\" data-block-type=\"unstyled\" data-block-weight=\"95\" data-block-id=\"3\">\n<p class=\"content-text__container \" data-track-category=\"Link no Texto\" data-track-links=\"\">Conforme a Secretaria Especial de Previd\u00eancia e Trabalho, foram expedidos seis mandados judiciais de busca e apreens\u00e3o para cumprimento nas cidades de Adamantina,\u00a0<a href=\"https:\/\/g1.globo.com\/sp\/presidente-prudente-regiao\/cidade\/dracena\/\">Dracena (SP)\u00a0<\/a>e\u00a0<a href=\"https:\/\/g1.globo.com\/sp\/presidente-prudente-regiao\/cidade\/tupi-paulista\/\">Tupi Paulista (SP)<\/a>, todas na regi\u00e3o de\u00a0<a href=\"https:\/\/g1.globo.com\/sp\/presidente-prudente-regiao\/cidade\/presidente-prudente\/\">Presidente Prudente (SP)<\/a>, al\u00e9m de tr\u00eas medidas restritivas de direitos para impedir a continuidade dos atos sob apura\u00e7\u00e3o, dentre elas o afastamento de dois peritos federais de suas fun\u00e7\u00f5es na Ag\u00eancia da Previd\u00eancia Social de Adamantina e a proibi\u00e7\u00e3o do intermediador ao acesso a qualquer ag\u00eancia do Instituto Nacional do Seguro Social (INSS), bem como de manter contato com quaisquer dos investigados.<\/p>\n<\/div>\n<div class=\"mc-column content-text active-extra-styles \" style=\"text-align: justify;\" data-block-type=\"unstyled\" data-block-weight=\"86\" data-block-id=\"4\">\n<p class=\"content-text__container \" data-track-category=\"Link no Texto\" data-track-links=\"\">As investiga\u00e7\u00f5es indicam que as fraudes aconteceram junto \u00e0 Ag\u00eancia da Previd\u00eancia Social de Adamantina, onde os dois peritos federais atuam. De acordo com o Minist\u00e9rio da Economia, foi apurado que o intermedi\u00e1rio cooptava os interessados, que passavam por consulta m\u00e9dica particular com um dos peritos federais, o qual fornecia atestados a pessoas saud\u00e1veis, declarando-as como incapazes. J\u00e1 o outro perito atuava no deferimento dos benef\u00edcios pleiteados, na esfera administrativa. H\u00e1 tamb\u00e9m casos de realiza\u00e7\u00e3o de exame pericial sem a presen\u00e7a f\u00edsica do segurado no INSS.<\/p>\n<\/div>\n<div class=\"mc-column content-text active-extra-styles \" style=\"text-align: justify;\" data-block-type=\"unstyled\" data-block-weight=\"82\" data-block-id=\"6\">\n<p class=\"content-text__container \" data-track-category=\"Link no Texto\" data-track-links=\"\">\u201cEm uma amostragem inicial, de apenas 17 benef\u00edcios suspeitos, apurou-se um preju\u00edzo aproximado de R$ 1,2 milh\u00e3o aos cofres p\u00fablicos. Por\u00e9m, com o desmantelamento do esquema, a economia alcan\u00e7ada referente a oito benef\u00edcios que se mant\u00eam ativos, dentre eles, pode chegar a R$ 2,2 milh\u00f5es, relativamente a valores futuros. As averigua\u00e7\u00f5es sugerem, ainda, que as somas podem ser muito maiores, pois estima-se que os investigados atuaram na concess\u00e3o de mais de 1.100 benef\u00edcios suspeitos\u201d, explicou a Secretaria Especial de Previd\u00eancia e Trabalho.<\/p>\n<\/div>\n<div class=\"row medium-uncollapsed content-media content-photo\" style=\"text-align: justify;\" data-block-type=\"backstage-photo\" data-block-id=\"7\">\n<div class=\"mc-column content-media__container\">\n<figure><img decoding=\"async\" class=\"i-amphtml-fill-content i-amphtml-replaced-content\" src=\"https:\/\/s2.glbimg.com\/6AgdWxRV8jLaxJlSqMAp4crj4C8=\/0x0:1024x768\/984x0\/smart\/filters:strip_icc()\/i.s3.glbimg.com\/v1\/AUTH_59edd422c0c84a879bd37670ae4f538a\/internal_photos\/bs\/2020\/n\/B\/ToeieFQtaDTgO6uPgbrw\/whatsapp-image-2020-08-11-at-12.12.37-4-.jpeg\" sizes=\"(max-width: 1242px) 648px, 100vw\" srcset=\"https:\/\/s2.glbimg.com\/hS8_J7oO6_N-YyDHRnekV40I2tE=\/0x0:1024x768\/1000x0\/smart\/filters:strip_icc()\/i.s3.glbimg.com\/v1\/AUTH_59edd422c0c84a879bd37670ae4f538a\/internal_photos\/bs\/2020\/n\/B\/ToeieFQtaDTgO6uPgbrw\/whatsapp-image-2020-08-11-at-12.12.37-4-.jpeg 1000w, https:\/\/s2.glbimg.com\/6AgdWxRV8jLaxJlSqMAp4crj4C8=\/0x0:1024x768\/984x0\/smart\/filters:strip_icc()\/i.s3.glbimg.com\/v1\/AUTH_59edd422c0c84a879bd37670ae4f538a\/internal_photos\/bs\/2020\/n\/B\/ToeieFQtaDTgO6uPgbrw\/whatsapp-image-2020-08-11-at-12.12.37-4-.jpeg 984w, https:\/\/s2.glbimg.com\/z5qT1fojT9m0KXOzePDpPZO0gvw=\/0x0:1024x768\/640x0\/smart\/filters:strip_icc()\/i.s3.glbimg.com\/v1\/AUTH_59edd422c0c84a879bd37670ae4f538a\/internal_photos\/bs\/2020\/n\/B\/ToeieFQtaDTgO6uPgbrw\/whatsapp-image-2020-08-11-at-12.12.37-4-.jpeg 640w, https:\/\/s2.glbimg.com\/Vt4SElC3tyobmF_H5fF3BZotxTw=\/0x0:1024x768\/600x0\/smart\/filters:strip_icc()\/i.s3.glbimg.com\/v1\/AUTH_59edd422c0c84a879bd37670ae4f538a\/internal_photos\/bs\/2020\/n\/B\/ToeieFQtaDTgO6uPgbrw\/whatsapp-image-2020-08-11-at-12.12.37-4-.jpeg 600w\" alt=\"Ag\u00eancia da Previd\u00eancia Social de Adamantina \u2014 Foto: Mariane Santos\/TV Fronteira\" \/><\/figure>\n<p class=\"content-media__description \">Ag\u00eancia da Previd\u00eancia Social de Adamantina \u2014 Foto: Mariane Santos\/TV Fronteira<\/p>\n<\/div>\n<\/div>\n<div class=\"mc-column content-text active-extra-styles \" style=\"text-align: justify;\" data-block-type=\"unstyled\" data-block-weight=\"56\" data-block-id=\"8\">\n<p class=\"content-text__container \" data-track-category=\"Link no Texto\" data-track-links=\"\">A For\u00e7a-Tarefa ainda investiga a participa\u00e7\u00e3o de mais pessoas no esquema, uma vez que, nos casos em que os benef\u00edcios eram cessados administrativamente, foram propostas a\u00e7\u00f5es judiciais junto \u00e0 Justi\u00e7a Estadual de Adamantina e da regi\u00e3o, com a utiliza\u00e7\u00e3o de documenta\u00e7\u00e3o m\u00e9dica supostamente falsa. \u201cEstima-se que mais de 400 a\u00e7\u00f5es foram propostas\u201d, informou a Secretaria Especial.<\/p>\n<\/div>\n<div class=\"mc-column content-text active-extra-styles \" data-block-type=\"unstyled\" data-block-weight=\"40\" data-block-id=\"9\">\n<p class=\"content-text__container \" style=\"text-align: justify;\" data-track-category=\"Link no Texto\" data-track-links=\"\">Participaram da opera\u00e7\u00e3o 27 policiais federais. O nome \u201cexpert\u201d faz alus\u00e3o \u00e0 especialidade dos peritos, que det\u00eam o dom\u00ednio da \u00e1rea m\u00e9dica e da estrutura do \u00f3rg\u00e3o. Todos os envolvidos v\u00e3o responder por organiza\u00e7\u00e3o criminosa e estelionato, entre outros crimes.<\/p>\n<p style=\"text-align: justify;\" data-track-category=\"Link no Texto\" data-track-links=\"\">Fonte: G1<\/p>\n<\/div>\n<\/div>\n","protected":false},"excerpt":{"rendered":"<p>De acordo com a Pol\u00edcia Federal, Opera\u00e7\u00e3o Expert investiga irregularidades em aux\u00edlios por incapacidade tempor\u00e1ria e aposentadorias por incapacidade permanente. A Pol\u00edcia Federal em\u00a0Mar\u00edlia (SP)\u00a0e a For\u00e7a-Tarefa Previdenci\u00e1ria e Trabalhista deflagraram nesta ter\u00e7a-feira (11) a Opera\u00e7\u00e3o Expert, com o objetivo de investigar fraudes em aux\u00edlios por incapacidade tempor\u00e1ria e aposentadorias por incapacidade permanente, supostamente praticadas [&hellip;]<\/p>\n","protected":false},"author":1,"featured_media":32621,"comment_status":"closed","ping_status":"open","sticky":false,"template":"","format":"standard","meta":{"footnotes":""},"categories":[110,2],"tags":[],"class_list":["post-32620","post","type-post","status-publish","format-standard","has-post-thumbnail","hentry","category-noticiasdestaque","category-policial"],"_links":{"self":[{"href":"https:\/\/jorgezanoni.com.br\/2019\/wp-json\/wp\/v2\/posts\/32620","targetHints":{"allow":["GET"]}}],"collection":[{"href":"https:\/\/jorgezanoni.com.br\/2019\/wp-json\/wp\/v2\/posts"}],"about":[{"href":"https:\/\/jorgezanoni.com.br\/2019\/wp-json\/wp\/v2\/types\/post"}],"author":[{"embeddable":true,"href":"https:\/\/jorgezanoni.com.br\/2019\/wp-json\/wp\/v2\/users\/1"}],"replies":[{"embeddable":true,"href":"https:\/\/jorgezanoni.com.br\/2019\/wp-json\/wp\/v2\/comments?post=32620"}],"version-history":[{"count":0,"href":"https:\/\/jorgezanoni.com.br\/2019\/wp-json\/wp\/v2\/posts\/32620\/revisions"}],"wp:featuredmedia":[{"embeddable":true,"href":"https:\/\/jorgezanoni.com.br\/2019\/wp-json\/wp\/v2\/media\/32621"}],"wp:attachment":[{"href":"https:\/\/jorgezanoni.com.br\/2019\/wp-json\/wp\/v2\/media?parent=32620"}],"wp:term":[{"taxonomy":"category","embeddable":true,"href":"https:\/\/jorgezanoni.com.br\/2019\/wp-json\/wp\/v2\/categories?post=32620"},{"taxonomy":"post_tag","embeddable":true,"href":"https:\/\/jorgezanoni.com.br\/2019\/wp-json\/wp\/v2\/tags?post=32620"}],"curies":[{"name":"wp","href":"https:\/\/api.w.org\/{rel}","templated":true}]}}