{"id":32614,"date":"2020-08-12T12:29:56","date_gmt":"2020-08-12T12:29:56","guid":{"rendered":"https:\/\/jorgezanoni.com.br\/2019\/?p=32614"},"modified":"2020-08-12T12:29:56","modified_gmt":"2020-08-12T12:29:56","slug":"paciente-de-81-anos-internada-com-suspeita-de-covid-19-abandona-tratamento-medico-no-hospital-regional","status":"publish","type":"post","link":"https:\/\/jorgezanoni.com.br\/2019\/paciente-de-81-anos-internada-com-suspeita-de-covid-19-abandona-tratamento-medico-no-hospital-regional\/","title":{"rendered":"Paciente de 81 anos internada com suspeita de Covid-19 abandona tratamento m\u00e9dico no Hospital Regional"},"content":{"rendered":"<h2 class=\"content-head__subtitle\" style=\"text-align: justify;\"><strong>Caso ser\u00e1 encaminhado \u00e0 Central de Pol\u00edcia Judici\u00e1ria (CPJ) para a apura\u00e7\u00e3o de eventual crime de infra\u00e7\u00e3o de medida sanit\u00e1ria preventiva previsto no artigo 268 do C\u00f3digo Penal.<\/strong><\/h2>\n<div class=\"mc-column content-text active-extra-styles \" data-block-type=\"unstyled\" data-block-weight=\"28\" data-block-id=\"2\">\n<p class=\"content-text__container \" style=\"text-align: justify;\" data-track-category=\"Link no Texto\" data-track-links=\"\">Uma paciente de 81 anos, que estava internada com suspeita de Covid-19, fugiu na tarde desta ter\u00e7a-feira (11) do atendimento m\u00e9dico no Hospital Regional (HR), em\u00a0<a href=\"https:\/\/g1.globo.com\/sp\/presidente-prudente-regiao\/cidade\/presidente-prudente\/\">Presidente Prudente<\/a>.<\/p>\n<\/div>\n<div class=\"wall protected-content\">\n<div class=\"mc-column content-text active-extra-styles \" style=\"text-align: justify;\" data-block-type=\"unstyled\" data-block-weight=\"19\" data-block-id=\"3\">\n<p class=\"content-text__container \" data-track-category=\"Link no Texto\" data-track-links=\"\">A idosa contou com a ajuda de duas filhas para abandonar o tratamento e deixar a unidade de sa\u00fade.<\/p>\n<\/div>\n<div class=\"mc-column content-text active-extra-styles \" style=\"text-align: justify;\" data-block-type=\"unstyled\" data-block-weight=\"40\" data-block-id=\"4\">\n<p class=\"content-text__container \" data-track-category=\"Link no Texto\" data-track-links=\"\">Um Boletim de Ocorr\u00eancia foi registrado eletronicamente na Pol\u00edcia Civil e o caso ser\u00e1 encaminhado \u00e0 Central de Pol\u00edcia Judici\u00e1ria (CPJ) para a apura\u00e7\u00e3o de eventual crime de infra\u00e7\u00e3o de medida sanit\u00e1ria preventiva previsto no artigo 268 do C\u00f3digo Penal.<\/p>\n<\/div>\n<div class=\"mc-column content-text active-extra-styles \" style=\"text-align: justify;\" data-block-type=\"unstyled\" data-block-weight=\"26\" data-block-id=\"5\">\n<p class=\"content-text__container \" data-track-category=\"Link no Texto\" data-track-links=\"\">De acordo com as informa\u00e7\u00f5es do Boletim de Ocorr\u00eancia, a idosa estava na Unidade Semi-intensiva do Pronto-socorro do HR com um quadro de Covid-19 em investiga\u00e7\u00e3o.<\/p>\n<\/div>\n<div class=\"mc-column content-text active-extra-styles\" style=\"text-align: justify;\" data-block-type=\"raw\" data-block-weight=\"16\" data-block-id=\"6\">\n<ul class=\"content-unordered-list\">\n<li><a href=\"https:\/\/g1.globo.com\/sp\/presidente-prudente-regiao\/noticia\/2020\/08\/11\/presidente-prudente-registra-mais-4-mortes-causadas-pela-covid-19-e-total-de-obitos-sobe-para-59.ghtml\">Presidente Prudente registra mais 4 mortes causadas pela Covid-19 e total de \u00f3bitos sobe para 59<\/a><\/li>\n<\/ul>\n<\/div>\n<div class=\"mc-column content-text active-extra-styles \" style=\"text-align: justify;\" data-block-type=\"unstyled\" data-block-weight=\"31\" data-block-id=\"7\">\n<p class=\"content-text__container \" data-track-category=\"Link no Texto\" data-track-links=\"\">A equipe m\u00e9dica do HR passou para a fam\u00edlia as condi\u00e7\u00f5es do quadro cl\u00ednico da paciente e a necessidade de continuidade de tratamento em isolamento hospitalar, devido \u00e0 suspeita de Covid-19.<\/p>\n<\/div>\n<div class=\"mc-column content-text active-extra-styles \" style=\"text-align: justify;\" data-block-type=\"unstyled\" data-block-weight=\"34\" data-block-id=\"8\">\n<p class=\"content-text__container \" data-track-category=\"Link no Texto\" data-track-links=\"\">No entanto, as filhas da mulher relataram estarem cientes do quadro cl\u00ednico, mas se negaram a manter a paciente em isolamento e assim, com o consentimento da pr\u00f3pria idosa, realizaram a evas\u00e3o da unidade.<\/p>\n<\/div>\n<div class=\"mc-column content-text active-extra-styles \" style=\"text-align: justify;\" data-block-type=\"unstyled\" data-block-weight=\"23\" data-block-id=\"9\">\n<p class=\"content-text__container \" data-track-category=\"Link no Texto\" data-track-links=\"\">Ainda segundo o Boletim de Ocorr\u00eancia, a idosa apresentava-se resistente ao isolamento hospitalar necess\u00e1rio \u00e0 paciente e mantinha-se irredut\u00edvel quanto \u00e0 conduta m\u00e9dica.<\/p>\n<\/div>\n<div class=\"mc-column content-text active-extra-styles \" style=\"text-align: justify;\" data-block-type=\"unstyled\" data-block-weight=\"6\" data-block-id=\"11\">\n<p class=\"content-text__container \" data-track-category=\"Link no Texto\" data-track-links=\"\">A evas\u00e3o foi constatada \u00e0s 15h40.<\/p>\n<\/div>\n<div class=\"mc-column content-text active-extra-styles \" style=\"text-align: justify;\" data-block-type=\"unstyled\" data-block-weight=\"37\" data-block-id=\"12\">\n<p class=\"content-text__container \" data-track-category=\"Link no Texto\" data-track-links=\"\">Em nota, o Hospital Regional detalhou que a paciente em quest\u00e3o deu entrada na unidade na tarde da segunda-feira (10), quando foi considerada com suspeita de Covid-19, e permaneceu internada sob cuidados m\u00e9dicos e multiprofissionais na enfermaria.<\/p>\n<\/div>\n<div class=\"mc-column content-text active-extra-styles \" style=\"text-align: justify;\" data-block-type=\"unstyled\" data-block-weight=\"30\" data-block-id=\"13\">\n<p class=\"content-text__container \" data-track-category=\"Link no Texto\" data-track-links=\"\">No entanto, segundo o HR, a paciente falou, na tarde desta ter\u00e7a-feira (11), que n\u00e3o gostaria mais de ficar internada e decidiu, junto com seus familiares, retornar \u00e0 sua resid\u00eancia.<\/p>\n<\/div>\n<div class=\"mc-column content-text active-extra-styles \" style=\"text-align: justify;\" data-block-type=\"unstyled\" data-block-weight=\"26\" data-block-id=\"14\">\n<p class=\"content-text__container \" data-track-category=\"Link no Texto\" data-track-links=\"\">\u201cNo momento do ocorrido, o estado de sa\u00fade dela era considerado est\u00e1vel, vindo a se evadir do hospital com o aux\u00edlio de familiares\u201d, salientou o hospital.<\/p>\n<\/div>\n<div class=\"mc-column content-text active-extra-styles \" style=\"text-align: justify;\" data-block-type=\"unstyled\" data-block-weight=\"37\" data-block-id=\"15\">\n<p class=\"content-text__container \" data-track-category=\"Link no Texto\" data-track-links=\"\">Ainda conforme o HR, a fam\u00edlia foi orientada pela equipe m\u00e9dica para refor\u00e7ar as orienta\u00e7\u00f5es de isolamento da paciente, uma vez que o resultado do exame de PCR (Swab) dela ainda est\u00e1 em an\u00e1lise pelo laborat\u00f3rio respons\u00e1vel.<\/p>\n<\/div>\n<div class=\"mc-column content-text active-extra-styles \" data-block-type=\"unstyled\" data-block-weight=\"27\" data-block-id=\"16\">\n<p class=\"content-text__container \" style=\"text-align: justify;\" data-track-category=\"Link no Texto\" data-track-links=\"\">De acordo com o mais recente boletim oficial da Vigil\u00e2ncia Epidemiol\u00f3gica Municipal (VEM),\u00a0<a href=\"https:\/\/g1.globo.com\/sp\/presidente-prudente-regiao\/noticia\/2020\/08\/11\/presidente-prudente-registra-mais-4-mortes-causadas-pela-covid-19-e-total-de-obitos-sobe-para-59.ghtml\">Presidente Prudente registra 2.434 confirmados de Covid-19 e 59 mortes causadas pelo novo coronav\u00edrus<\/a>.<\/p>\n<p style=\"text-align: justify;\" data-track-category=\"Link no Texto\" data-track-links=\"\">Fonte: G1<\/p>\n<\/div>\n<\/div>\n","protected":false},"excerpt":{"rendered":"<p>Caso ser\u00e1 encaminhado \u00e0 Central de Pol\u00edcia Judici\u00e1ria (CPJ) para a apura\u00e7\u00e3o de eventual crime de infra\u00e7\u00e3o de medida sanit\u00e1ria preventiva previsto no artigo 268 do C\u00f3digo Penal. Uma paciente de 81 anos, que estava internada com suspeita de Covid-19, fugiu na tarde desta ter\u00e7a-feira (11) do atendimento m\u00e9dico no Hospital Regional (HR), em\u00a0Presidente Prudente. [&hellip;]<\/p>\n","protected":false},"author":1,"featured_media":32615,"comment_status":"closed","ping_status":"open","sticky":false,"template":"","format":"standard","meta":{"footnotes":""},"categories":[110,122],"tags":[],"class_list":["post-32614","post","type-post","status-publish","format-standard","has-post-thumbnail","hentry","category-noticiasdestaque","category-saudeeducacaoeconcurso"],"_links":{"self":[{"href":"https:\/\/jorgezanoni.com.br\/2019\/wp-json\/wp\/v2\/posts\/32614","targetHints":{"allow":["GET"]}}],"collection":[{"href":"https:\/\/jorgezanoni.com.br\/2019\/wp-json\/wp\/v2\/posts"}],"about":[{"href":"https:\/\/jorgezanoni.com.br\/2019\/wp-json\/wp\/v2\/types\/post"}],"author":[{"embeddable":true,"href":"https:\/\/jorgezanoni.com.br\/2019\/wp-json\/wp\/v2\/users\/1"}],"replies":[{"embeddable":true,"href":"https:\/\/jorgezanoni.com.br\/2019\/wp-json\/wp\/v2\/comments?post=32614"}],"version-history":[{"count":0,"href":"https:\/\/jorgezanoni.com.br\/2019\/wp-json\/wp\/v2\/posts\/32614\/revisions"}],"wp:featuredmedia":[{"embeddable":true,"href":"https:\/\/jorgezanoni.com.br\/2019\/wp-json\/wp\/v2\/media\/32615"}],"wp:attachment":[{"href":"https:\/\/jorgezanoni.com.br\/2019\/wp-json\/wp\/v2\/media?parent=32614"}],"wp:term":[{"taxonomy":"category","embeddable":true,"href":"https:\/\/jorgezanoni.com.br\/2019\/wp-json\/wp\/v2\/categories?post=32614"},{"taxonomy":"post_tag","embeddable":true,"href":"https:\/\/jorgezanoni.com.br\/2019\/wp-json\/wp\/v2\/tags?post=32614"}],"curies":[{"name":"wp","href":"https:\/\/api.w.org\/{rel}","templated":true}]}}