{"id":32564,"date":"2020-08-11T01:14:10","date_gmt":"2020-08-11T01:14:10","guid":{"rendered":"https:\/\/jorgezanoni.com.br\/2019\/?p=32564"},"modified":"2020-08-11T01:14:10","modified_gmt":"2020-08-11T01:14:10","slug":"dracena-registra-o-oitavo-falecimento-por-covid-19","status":"publish","type":"post","link":"https:\/\/jorgezanoni.com.br\/2019\/dracena-registra-o-oitavo-falecimento-por-covid-19\/","title":{"rendered":"Dracena registra o oitavo falecimento por Covid-19"},"content":{"rendered":"<p style=\"text-align: justify;\">NOTA OFICIAL<\/p>\n<p style=\"text-align: justify;\">A Prefeitura de Dracena, por meio da Secretaria Municipal de Sa\u00fade e Higiene P\u00fablica, comunica que um homem de 70 anos de idade, faleceu na madrugada de s\u00e1bado (08) com Covid-19. Ela era residente no munic\u00edpio.<\/p>\n<div class=\"text_exposed_show\">\n<p style=\"text-align: justify;\">O paciente estava internado em isolamento na Santa Casa de Dracena desde o dia 18 de julho e tinha diagn\u00f3stico positivo para Covid-19.<\/p>\n<p style=\"text-align: justify;\">A Prefeitura de Dracena lamenta o ocorrido e externa solidariedade aos familiares e amigos da v\u00edtima.<\/p>\n<p style=\"text-align: justify;\">Fonte: https:\/\/www.facebook.com\/prefeituradracena\/<\/p>\n<\/div>\n","protected":false},"excerpt":{"rendered":"<p>NOTA OFICIAL A Prefeitura de Dracena, por meio da Secretaria Municipal de Sa\u00fade e Higiene P\u00fablica, comunica que um homem de 70 anos de idade, faleceu na madrugada de s\u00e1bado (08) com Covid-19. Ela era residente no munic\u00edpio. O paciente estava internado em isolamento na Santa Casa de Dracena desde o dia 18 de julho [&hellip;]<\/p>\n","protected":false},"author":1,"featured_media":32565,"comment_status":"closed","ping_status":"open","sticky":false,"template":"","format":"standard","meta":{"footnotes":""},"categories":[179,184,110],"tags":[],"class_list":["post-32564","post","type-post","status-publish","format-standard","has-post-thumbnail","hentry","category-cidadeseregiao","category-dracena","category-noticiasdestaque"],"_links":{"self":[{"href":"https:\/\/jorgezanoni.com.br\/2019\/wp-json\/wp\/v2\/posts\/32564","targetHints":{"allow":["GET"]}}],"collection":[{"href":"https:\/\/jorgezanoni.com.br\/2019\/wp-json\/wp\/v2\/posts"}],"about":[{"href":"https:\/\/jorgezanoni.com.br\/2019\/wp-json\/wp\/v2\/types\/post"}],"author":[{"embeddable":true,"href":"https:\/\/jorgezanoni.com.br\/2019\/wp-json\/wp\/v2\/users\/1"}],"replies":[{"embeddable":true,"href":"https:\/\/jorgezanoni.com.br\/2019\/wp-json\/wp\/v2\/comments?post=32564"}],"version-history":[{"count":0,"href":"https:\/\/jorgezanoni.com.br\/2019\/wp-json\/wp\/v2\/posts\/32564\/revisions"}],"wp:featuredmedia":[{"embeddable":true,"href":"https:\/\/jorgezanoni.com.br\/2019\/wp-json\/wp\/v2\/media\/32565"}],"wp:attachment":[{"href":"https:\/\/jorgezanoni.com.br\/2019\/wp-json\/wp\/v2\/media?parent=32564"}],"wp:term":[{"taxonomy":"category","embeddable":true,"href":"https:\/\/jorgezanoni.com.br\/2019\/wp-json\/wp\/v2\/categories?post=32564"},{"taxonomy":"post_tag","embeddable":true,"href":"https:\/\/jorgezanoni.com.br\/2019\/wp-json\/wp\/v2\/tags?post=32564"}],"curies":[{"name":"wp","href":"https:\/\/api.w.org\/{rel}","templated":true}]}}