{"id":3253,"date":"2019-08-09T01:01:42","date_gmt":"2019-08-09T01:01:42","guid":{"rendered":"https:\/\/jorgezanoni.com.br\/2019\/?p=3253"},"modified":"2019-08-09T01:02:40","modified_gmt":"2019-08-09T01:02:40","slug":"unifadra-divulga-cursos-superiores-durante-a-43a-faive","status":"publish","type":"post","link":"https:\/\/jorgezanoni.com.br\/2019\/unifadra-divulga-cursos-superiores-durante-a-43a-faive\/","title":{"rendered":"Unifadra divulga cursos superiores durante a 43\u00aa Faive"},"content":{"rendered":"<p style=\"text-align: justify;\">A Associa\u00e7\u00e3o da 43\u00aa Feira Agropecu\u00e1ria e Industrial de Presidente Venceslau (Faive) firmou parceria com a Funda\u00e7\u00e3o Dracenense de Educa\u00e7\u00e3o e Cultura (Fundec), mantenedora da Faculdade Unifadra. Nesta edi\u00e7\u00e3o da exposi\u00e7\u00e3o, a institui\u00e7\u00e3o de ensino superior divulga a realiza\u00e7\u00e3o dos vestibulares para o curso de medicina e demais gradua\u00e7\u00f5es.<\/p>\n<p style=\"text-align: justify;\">O diretor de comunica\u00e7\u00e3o da Fundec, Fernando Nunes, classificou a Faive como uma das principais feiras da regi\u00e3o e explicou a import\u00e2ncia desta parceria para ambas as partes. \u201cEnxergamos na Faive a possibilidade de levar nossas marcas para um grande p\u00fablico que frequenta a exposi\u00e7\u00e3o\u201d, ressaltou.<\/p>\n<p style=\"text-align: justify;\">O contato da equipe da institui\u00e7\u00e3o de ensino foi feito com o presidente da Associa\u00e7\u00e3o Faive, Wagner Bueno, tratado como um \u201cparceiro de longa data\u201d pelo diretor da Fundec. \u201cVimos a grandiosidade que ele nos apresentou da Feira nessa edi\u00e7\u00e3o, com a possibilidade de levar nossas marcas, nossa funda\u00e7\u00e3o, a Funda\u00e7\u00e3o Dracenense de Educa\u00e7\u00e3o e Cultura e tamb\u00e9m a Unifadra, para que a gente pudesse divulgar de forma efetiva nessa programa\u00e7\u00e3o especial de shows da Faive e tudo que cerca essa exposi\u00e7\u00e3o que se destaca como uma das mais importantes do interior do estado de S\u00e3o Paulo\u201d, relatou.<\/p>\n<p style=\"text-align: justify;\">A divulga\u00e7\u00e3o dos vestibulares da Unifadra \u00e9 feita atrav\u00e9s de m\u00eddia composta por faixas espalhadas pelo recinto de exposi\u00e7\u00f5es \u201cAlfredo Ellis Netto\u201d, em trechos pr\u00f3ximos ao palco. Tamb\u00e9m \u00e9 feita a locu\u00e7\u00e3o comercial antes dos shows do evento. Al\u00e9m das informa\u00e7\u00f5es sobre os cursos superiores, a divulga\u00e7\u00e3o d\u00e1 aten\u00e7\u00e3o especial ao curso de medicina. &#8220;Estamos muito focados nesta campanha do vestibular de medicina, do pr\u00f3ximo vestibular, ent\u00e3o enxergamos na Faive, pelo grande potencial de p\u00fablico que ela atrai, oportunidade de divulgar os nossos vestibulares&#8221;, explicou Nunes. O curso em quest\u00e3o ter\u00e1 a forma\u00e7\u00e3o de sua quarta turma, oferecendo 33 vagas neste vestibular.<\/p>\n<p style=\"text-align: justify;\">Tendo medicina como carro-chefe, a unidade de ensino oferece ainda os cursos de letras, matem\u00e1tica, pedagogia, educa\u00e7\u00e3o f\u00edsica, enfermagem, servi\u00e7o social, an\u00e1lise e desenvolvimento de sistemas, artes visuais, ci\u00eancias biol\u00f3gicas e psicologia. As inscri\u00e7\u00f5es para os vestibulares podem ser efetuadas a partir desta segunda-feira (12). Para a prova de medicina, o interessado deve fazer sua inscri\u00e7\u00e3o no site da Vunesp (www.vunesp.com.br). J\u00e1 para os demais cursos, a inscri\u00e7\u00e3o pode ser realizada no site www.fundec.edu.br. O vestibular de medicina est\u00e1 marcado para o dia 20 de outubro e a prova para os demais cursos ocorre no dia 8 de dezembro.<\/p>\n<p style=\"text-align: justify;\">Nunes frisou que a institui\u00e7\u00e3o pretende captar homens e mulheres de todas as idades para os vestibulares com estas a\u00e7\u00f5es publicit\u00e1rias desenvolvidas durante a exposi\u00e7\u00e3o venceslauense, com destaque para o curso de medicina. Por meio deste curso, a Unifadra tem recebido alunos de outros estados, como Paran\u00e1, Mato Grosso, Mato Grosso do Sul e Goi\u00e1s. \u201cO curso tem recebido pessoas de todo o pa\u00eds, que v\u00eam \u00e0 Dracena e estudam medicina j\u00e1 conosco. Vamos formar, com este vestibular do dia 20 de outubro, a quarta turma do curso de medicina de Dracena. Estamos no mercado h\u00e1 mais de 50 anos, levando educa\u00e7\u00e3o para todo o interior do estado de S\u00e3o Paulo, especialmente com os cursos da \u00e1rea de educa\u00e7\u00e3o\u201d, afirmou.<\/p>\n<p style=\"text-align: justify;\">Completando 51 anos em 2019, a Fundec mant\u00e9m a faculdade Unifadra e outras unidades de ensino em Dracena, como o Col\u00e9gio Anglo-Cid e a institui\u00e7\u00e3o de ensino profissionalizante CEP\/UME. Em toda a hist\u00f3ria da funda\u00e7\u00e3o, \u00e9 a primeira vez que ocorre uma parceria com a Faive. \u201cPela primeira vez, a Fundec investiu numa grande parceria. \u00c9 hist\u00f3rico pra gente. Firmamos para que a gente possa ter resultados em rela\u00e7\u00e3o aos nossos vestibulares. A parceria \u00e9 significativa para todos n\u00f3s\u201d, pontuou Nunes. \u201cFica os nossos agradecimentos a toda a dire\u00e7\u00e3o da Faive, ao Wagner Bueno, e o convite mais uma vez para que as pessoas que est\u00e3o vivenciando a festa possam prestar o vestibular e possam estar conosco aqui tamb\u00e9m nos cursos superiores da nossa institui\u00e7\u00e3o para o ano letivo de 2020\u201d, concluiu.<\/p>\n<p style=\"text-align: justify;\">O presidente da Faive, Wagner Bueno, seguiu a mesma linha e exaltou a parceria com a institui\u00e7\u00e3o de ensino, classificando a Unifadra como uma das refer\u00eancias regionais e nacionais no que diz respeito \u00e0 estrutura para o curso de medicina. \u201cTer a Unifadra como parceira e patrocinadora da Faive \u00e9 motivo de muito orgulho, porque \u00e9 uma institui\u00e7\u00e3o muito s\u00e9ria e que com certeza, a Faive de alguma maneira, emprestou sua credibilidade, e essa credibilidade fez com que surgisse essa parceria t\u00e3o importante para a feira neste ano com o patroc\u00ednio da faculdade\u201d, disse.<\/p>\n<p style=\"text-align: justify;\"><strong>Faive<\/strong><\/p>\n<p style=\"text-align: justify;\">A Feira Agropecu\u00e1ria e Industrial de Presidente Venceslau ocorre no per\u00edodo entre 3 e 11 de agosto. No \u00faltimo s\u00e1bado (3), data em que ocorreu a apresenta\u00e7\u00e3o da dupla Maiara e Mara\u00edsa, o evento reuniu mais de 9 mil pagantes no recinto de exposi\u00e7\u00f5es &#8220;Alfredo Ellis Netto&#8221;.<\/p>\n<p style=\"text-align: justify;\">Nesta quinta-feira (8), ser\u00e1 realizada a apresenta\u00e7\u00e3o da dupla Diego e Arnaldo no palco principal, com cobran\u00e7a de ingresso apenas na arena de shows. Amanh\u00e3 (9), Edson e Hudson cantam a partir das 23h30, tamb\u00e9m com cobran\u00e7a de ingresso na arena. J\u00e1 no s\u00e1bado (10), haver\u00e1 show com o cantor Leonardo, com cobran\u00e7a de ingresso em todas as portarias do recinto de exposi\u00e7\u00f5es e tamb\u00e9m na arena.<\/p>\n<p style=\"text-align: justify;\">Eduardo Maduro\/Assessor de Imprensa \u2013 Faive<\/p>\n<p style=\"text-align: justify;\">Fonte: Portal Bueno<\/p>\n","protected":false},"excerpt":{"rendered":"<p>A Associa\u00e7\u00e3o da 43\u00aa Feira Agropecu\u00e1ria e Industrial de Presidente Venceslau (Faive) firmou parceria com a Funda\u00e7\u00e3o Dracenense de Educa\u00e7\u00e3o e Cultura (Fundec), mantenedora da Faculdade Unifadra. Nesta edi\u00e7\u00e3o da exposi\u00e7\u00e3o, a institui\u00e7\u00e3o de ensino superior divulga a realiza\u00e7\u00e3o dos vestibulares para o curso de medicina e demais gradua\u00e7\u00f5es. O diretor de comunica\u00e7\u00e3o da Fundec, [&hellip;]<\/p>\n","protected":false},"author":1,"featured_media":3254,"comment_status":"closed","ping_status":"open","sticky":false,"template":"","format":"standard","meta":{"footnotes":""},"categories":[110],"tags":[],"class_list":["post-3253","post","type-post","status-publish","format-standard","has-post-thumbnail","hentry","category-noticiasdestaque"],"_links":{"self":[{"href":"https:\/\/jorgezanoni.com.br\/2019\/wp-json\/wp\/v2\/posts\/3253","targetHints":{"allow":["GET"]}}],"collection":[{"href":"https:\/\/jorgezanoni.com.br\/2019\/wp-json\/wp\/v2\/posts"}],"about":[{"href":"https:\/\/jorgezanoni.com.br\/2019\/wp-json\/wp\/v2\/types\/post"}],"author":[{"embeddable":true,"href":"https:\/\/jorgezanoni.com.br\/2019\/wp-json\/wp\/v2\/users\/1"}],"replies":[{"embeddable":true,"href":"https:\/\/jorgezanoni.com.br\/2019\/wp-json\/wp\/v2\/comments?post=3253"}],"version-history":[{"count":0,"href":"https:\/\/jorgezanoni.com.br\/2019\/wp-json\/wp\/v2\/posts\/3253\/revisions"}],"wp:featuredmedia":[{"embeddable":true,"href":"https:\/\/jorgezanoni.com.br\/2019\/wp-json\/wp\/v2\/media\/3254"}],"wp:attachment":[{"href":"https:\/\/jorgezanoni.com.br\/2019\/wp-json\/wp\/v2\/media?parent=3253"}],"wp:term":[{"taxonomy":"category","embeddable":true,"href":"https:\/\/jorgezanoni.com.br\/2019\/wp-json\/wp\/v2\/categories?post=3253"},{"taxonomy":"post_tag","embeddable":true,"href":"https:\/\/jorgezanoni.com.br\/2019\/wp-json\/wp\/v2\/tags?post=3253"}],"curies":[{"name":"wp","href":"https:\/\/api.w.org\/{rel}","templated":true}]}}