{"id":32508,"date":"2020-08-10T01:24:01","date_gmt":"2020-08-10T01:24:01","guid":{"rendered":"https:\/\/jorgezanoni.com.br\/2019\/?p=32508"},"modified":"2020-08-10T01:24:01","modified_gmt":"2020-08-10T01:24:01","slug":"avahu-recebe-doacao-dos-dois-clubs-rotary-por-conta-de-live","status":"publish","type":"post","link":"https:\/\/jorgezanoni.com.br\/2019\/avahu-recebe-doacao-dos-dois-clubs-rotary-por-conta-de-live\/","title":{"rendered":"Avahu recebe doa\u00e7\u00e3o dos dois clubs Rotary por conta de Live"},"content":{"rendered":"<p style=\"text-align: justify;\">Na manh\u00e3 do dia 04 de agosto o Presidente da Avahu, Gelto Gevesier Nunes, alguns membros da Diretoria \u00a0e funcion\u00e1rios, receberam os Presidente do Rotary Clube Dracena e do Imperial, Ademilson Packer e Paulo S\u00e9rgio Teixeira, respectivamente, al\u00e9m das companheiras S\u00f4nia Gon\u00e7alves e Mariza Cristina Buzinaro Scioli, para a entrega da doa\u00e7\u00e3o dos resultados da promo\u00e7\u00e3o realizada em parceria com a nossa Associa\u00e7\u00e3o. Foram vendidos por\u00e7\u00f5es de canelones, com direito a \u201cLive de um cantor italiano\u201d.<\/p>\n<p style=\"text-align: justify;\">A\u00a0 promo\u00e7\u00e3o foi considerada um sucesso para a alegria de todos que participaram. Ademilson e Paulo falaram pelos clubes e Gelto pela entidade. Neste per\u00edodo de Pandemia, uma promo\u00e7\u00e3o como esta constituiu-se em uma grande ben\u00e7\u00e3o, uma vez que n\u00e3o estamos podendo realizar eventos presenciais.<\/p>\n<p style=\"text-align: justify;\">Os grandes eventos, considerados tradicionais pela Avahu, o Ch\u00e1 Beneficente, Jantar dos Namorados e Brech\u00f3, ficaram impossibilitados de realiza\u00e7\u00e3o em face a pandemia, o que poderia deixar o caixa em situa\u00e7\u00e3o favor\u00e1vel.<\/p>\n<p style=\"text-align: justify;\">A\u00a0 doa\u00e7\u00e3o portanto, chega em uma feliz hora.<\/p>\n<p style=\"text-align: justify;\">Sentimos a imensa gratid\u00e3o aos amigos rotarianos, destacando o foco no lema rot\u00e1rio: Dar de si sem pensar em si. Todos conheceram o trabalho da entidade que marcou a justa doa\u00e7\u00e3o.<\/p>\n<p><img loading=\"lazy\" decoding=\"async\" class=\"alignnone size-full wp-image-32509\" src=\"https:\/\/jorgezanoni.com.br\/2019\/wp-content\/uploads\/2020\/08\/ava.jpg\" alt=\"\" width=\"1280\" height=\"960\" srcset=\"https:\/\/jorgezanoni.com.br\/2019\/wp-content\/uploads\/2020\/08\/ava.jpg 1280w, https:\/\/jorgezanoni.com.br\/2019\/wp-content\/uploads\/2020\/08\/ava-300x225.jpg 300w, https:\/\/jorgezanoni.com.br\/2019\/wp-content\/uploads\/2020\/08\/ava-1024x768.jpg 1024w, https:\/\/jorgezanoni.com.br\/2019\/wp-content\/uploads\/2020\/08\/ava-768x576.jpg 768w, https:\/\/jorgezanoni.com.br\/2019\/wp-content\/uploads\/2020\/08\/ava-80x60.jpg 80w, https:\/\/jorgezanoni.com.br\/2019\/wp-content\/uploads\/2020\/08\/ava-265x198.jpg 265w, https:\/\/jorgezanoni.com.br\/2019\/wp-content\/uploads\/2020\/08\/ava-696x522.jpg 696w, https:\/\/jorgezanoni.com.br\/2019\/wp-content\/uploads\/2020\/08\/ava-1068x801.jpg 1068w, https:\/\/jorgezanoni.com.br\/2019\/wp-content\/uploads\/2020\/08\/ava-560x420.jpg 560w\" sizes=\"auto, (max-width: 1280px) 100vw, 1280px\" \/> <img loading=\"lazy\" decoding=\"async\" class=\"alignnone size-full wp-image-32510\" src=\"https:\/\/jorgezanoni.com.br\/2019\/wp-content\/uploads\/2020\/08\/ava1.jpg\" alt=\"\" width=\"1280\" height=\"960\" srcset=\"https:\/\/jorgezanoni.com.br\/2019\/wp-content\/uploads\/2020\/08\/ava1.jpg 1280w, https:\/\/jorgezanoni.com.br\/2019\/wp-content\/uploads\/2020\/08\/ava1-300x225.jpg 300w, https:\/\/jorgezanoni.com.br\/2019\/wp-content\/uploads\/2020\/08\/ava1-1024x768.jpg 1024w, https:\/\/jorgezanoni.com.br\/2019\/wp-content\/uploads\/2020\/08\/ava1-768x576.jpg 768w, https:\/\/jorgezanoni.com.br\/2019\/wp-content\/uploads\/2020\/08\/ava1-80x60.jpg 80w, https:\/\/jorgezanoni.com.br\/2019\/wp-content\/uploads\/2020\/08\/ava1-265x198.jpg 265w, https:\/\/jorgezanoni.com.br\/2019\/wp-content\/uploads\/2020\/08\/ava1-696x522.jpg 696w, https:\/\/jorgezanoni.com.br\/2019\/wp-content\/uploads\/2020\/08\/ava1-1068x801.jpg 1068w, https:\/\/jorgezanoni.com.br\/2019\/wp-content\/uploads\/2020\/08\/ava1-560x420.jpg 560w\" sizes=\"auto, (max-width: 1280px) 100vw, 1280px\" \/> <img loading=\"lazy\" decoding=\"async\" class=\"alignnone size-full wp-image-32511\" src=\"https:\/\/jorgezanoni.com.br\/2019\/wp-content\/uploads\/2020\/08\/ava2.jpg\" alt=\"\" width=\"1280\" height=\"960\" srcset=\"https:\/\/jorgezanoni.com.br\/2019\/wp-content\/uploads\/2020\/08\/ava2.jpg 1280w, https:\/\/jorgezanoni.com.br\/2019\/wp-content\/uploads\/2020\/08\/ava2-300x225.jpg 300w, https:\/\/jorgezanoni.com.br\/2019\/wp-content\/uploads\/2020\/08\/ava2-1024x768.jpg 1024w, https:\/\/jorgezanoni.com.br\/2019\/wp-content\/uploads\/2020\/08\/ava2-768x576.jpg 768w, https:\/\/jorgezanoni.com.br\/2019\/wp-content\/uploads\/2020\/08\/ava2-80x60.jpg 80w, https:\/\/jorgezanoni.com.br\/2019\/wp-content\/uploads\/2020\/08\/ava2-265x198.jpg 265w, https:\/\/jorgezanoni.com.br\/2019\/wp-content\/uploads\/2020\/08\/ava2-696x522.jpg 696w, https:\/\/jorgezanoni.com.br\/2019\/wp-content\/uploads\/2020\/08\/ava2-1068x801.jpg 1068w, https:\/\/jorgezanoni.com.br\/2019\/wp-content\/uploads\/2020\/08\/ava2-560x420.jpg 560w\" sizes=\"auto, (max-width: 1280px) 100vw, 1280px\" \/><\/p>\n<p>Fonte: Avahu<\/p>\n<p style=\"text-align: justify;\">\n","protected":false},"excerpt":{"rendered":"<p>Na manh\u00e3 do dia 04 de agosto o Presidente da Avahu, Gelto Gevesier Nunes, alguns membros da Diretoria \u00a0e funcion\u00e1rios, receberam os Presidente do Rotary Clube Dracena e do Imperial, Ademilson Packer e Paulo S\u00e9rgio Teixeira, respectivamente, al\u00e9m das companheiras S\u00f4nia Gon\u00e7alves e Mariza Cristina Buzinaro Scioli, para a entrega da doa\u00e7\u00e3o dos resultados da [&hellip;]<\/p>\n","protected":false},"author":1,"featured_media":32512,"comment_status":"closed","ping_status":"open","sticky":false,"template":"","format":"standard","meta":{"footnotes":""},"categories":[118],"tags":[],"class_list":["post-32508","post","type-post","status-publish","format-standard","has-post-thumbnail","hentry","category-religiaoesolidariedade"],"_links":{"self":[{"href":"https:\/\/jorgezanoni.com.br\/2019\/wp-json\/wp\/v2\/posts\/32508","targetHints":{"allow":["GET"]}}],"collection":[{"href":"https:\/\/jorgezanoni.com.br\/2019\/wp-json\/wp\/v2\/posts"}],"about":[{"href":"https:\/\/jorgezanoni.com.br\/2019\/wp-json\/wp\/v2\/types\/post"}],"author":[{"embeddable":true,"href":"https:\/\/jorgezanoni.com.br\/2019\/wp-json\/wp\/v2\/users\/1"}],"replies":[{"embeddable":true,"href":"https:\/\/jorgezanoni.com.br\/2019\/wp-json\/wp\/v2\/comments?post=32508"}],"version-history":[{"count":0,"href":"https:\/\/jorgezanoni.com.br\/2019\/wp-json\/wp\/v2\/posts\/32508\/revisions"}],"wp:featuredmedia":[{"embeddable":true,"href":"https:\/\/jorgezanoni.com.br\/2019\/wp-json\/wp\/v2\/media\/32512"}],"wp:attachment":[{"href":"https:\/\/jorgezanoni.com.br\/2019\/wp-json\/wp\/v2\/media?parent=32508"}],"wp:term":[{"taxonomy":"category","embeddable":true,"href":"https:\/\/jorgezanoni.com.br\/2019\/wp-json\/wp\/v2\/categories?post=32508"},{"taxonomy":"post_tag","embeddable":true,"href":"https:\/\/jorgezanoni.com.br\/2019\/wp-json\/wp\/v2\/tags?post=32508"}],"curies":[{"name":"wp","href":"https:\/\/api.w.org\/{rel}","templated":true}]}}