{"id":32501,"date":"2020-08-10T00:53:35","date_gmt":"2020-08-10T00:53:35","guid":{"rendered":"https:\/\/jorgezanoni.com.br\/2019\/?p=32501"},"modified":"2020-08-10T00:53:35","modified_gmt":"2020-08-10T00:53:35","slug":"fundec-realiza-aula-inaugural-de-empreendedorismo-para-alunos-da-unifadra-e-cep-ume","status":"publish","type":"post","link":"https:\/\/jorgezanoni.com.br\/2019\/fundec-realiza-aula-inaugural-de-empreendedorismo-para-alunos-da-unifadra-e-cep-ume\/","title":{"rendered":"Fundec realiza aula inaugural de Empreendedorismo para alunos da Unifadra e CEP\/UME"},"content":{"rendered":"<h3 dir=\"ltr\" style=\"text-align: justify;\"><strong>A disciplina de Empreendedorismo destaca indiv\u00edduo, mercado e plano de neg\u00f3cios.<\/strong><\/h3>\n<p dir=\"ltr\" style=\"text-align: justify;\">Visando a uma forma\u00e7\u00e3o de excel\u00eancia, a Fundec oferece gratuitamente para seus alunos da Unifadra e do CEP\/UME a disciplina extracurricular de Empreendedorismo, em parceria com o Sebrae. No dia 1\u00ba de agosto, a Fundec realizou, de forma on-line, a aula inaugural para os alunos, que contou com a participa\u00e7\u00e3o do diretor acad\u00eamico da Unifadra Prof. Dr. Enio Garbelini, da vice-diretora acad\u00eamica da Unifadra Profa. Ma. Daniela Mac\u00e1rio, e da diretora do CEP\/UME Profa. Julia Portari. Tamb\u00e9m participaram os docentes da disciplina Prof. Esp. Alexandre de Queiroz, Prof. Esp. Jos\u00e9 Marcos Tanganini, Prof. Me. Ronaldo M. Cust\u00f3dio e Prof. Me. Tiago de David.<\/p>\n<p>Segundo o professor Marcos Tanganini, o objetivo \u00e9 oferecer aos nossos alunos a capacita\u00e7\u00e3o para o est\u00edmulo do empreendedorismo em seus meios de conviv\u00eancia e comunidade. &#8220;Acreditamos que o empreendedorismo constitui uma excelente oportunidade de transforma\u00e7\u00e3o dos alunos enquanto pessoas, auxiliando na gera\u00e7\u00e3o de emprego e renda&#8221;, acrescentou Tanganini.<\/p>\n<p>O diretor acad\u00eamico da Unifadra Prof. Dr. Enio Garbelini ressaltou que &#8220;essa parceria com o Sebrae \u00e9 importante para qualificar ainda mais a forma\u00e7\u00e3o dos nossos alunos, preparando-os para o mercado de trabalho&#8221;.<\/p>\n<p dir=\"ltr\" style=\"text-align: justify;\">A diretora do CEP\/UME Profa. Julia Portari destacou que &#8220;essa \u00e9 uma disciplina muito importante para os alunos, pois o empreendedorismo \u00e9 considerado um elemento impulsionador do crescimento e desenvolvimento econ\u00f4mico e social&#8221;.<\/p>\n<p>A disciplina de Empreendedorismo \u00e9 composta de 3 m\u00f3dulos (Indiv\u00edduo, Mercado e Plano de Neg\u00f3cios), com carga hor\u00e1ria de 36 horas, e ser\u00e1 ministrada on-line. Mais informa\u00e7\u00f5es: <a href=\"http:\/\/www.fundec.edu.br\/empreendedorismo\" target=\"_blank\" rel=\"noopener noreferrer\">www.fundec.edu.br\/empreendedorismo<\/a> .<span id=\"gmail-docs-internal-guid-4a9b5777-7fff-9033-50fb-47554dc5ae46\"><\/span><\/p>\n<div class=\"gmail_signature\" dir=\"ltr\">\n<div dir=\"ltr\" style=\"text-align: justify;\"><b>Carolina Colnago<br \/>\nAssistente de Comunica\u00e7\u00e3o\u00a0<\/b><br \/>\n<b>Funda\u00e7\u00e3o Dracenense de Educa\u00e7\u00e3o e Cultura<\/b><\/div>\n<\/div>\n","protected":false},"excerpt":{"rendered":"<p>A disciplina de Empreendedorismo destaca indiv\u00edduo, mercado e plano de neg\u00f3cios. Visando a uma forma\u00e7\u00e3o de excel\u00eancia, a Fundec oferece gratuitamente para seus alunos da Unifadra e do CEP\/UME a disciplina extracurricular de Empreendedorismo, em parceria com o Sebrae. No dia 1\u00ba de agosto, a Fundec realizou, de forma on-line, a aula inaugural para os [&hellip;]<\/p>\n","protected":false},"author":1,"featured_media":32502,"comment_status":"closed","ping_status":"open","sticky":false,"template":"","format":"standard","meta":{"footnotes":""},"categories":[122],"tags":[],"class_list":["post-32501","post","type-post","status-publish","format-standard","has-post-thumbnail","hentry","category-saudeeducacaoeconcurso"],"_links":{"self":[{"href":"https:\/\/jorgezanoni.com.br\/2019\/wp-json\/wp\/v2\/posts\/32501","targetHints":{"allow":["GET"]}}],"collection":[{"href":"https:\/\/jorgezanoni.com.br\/2019\/wp-json\/wp\/v2\/posts"}],"about":[{"href":"https:\/\/jorgezanoni.com.br\/2019\/wp-json\/wp\/v2\/types\/post"}],"author":[{"embeddable":true,"href":"https:\/\/jorgezanoni.com.br\/2019\/wp-json\/wp\/v2\/users\/1"}],"replies":[{"embeddable":true,"href":"https:\/\/jorgezanoni.com.br\/2019\/wp-json\/wp\/v2\/comments?post=32501"}],"version-history":[{"count":0,"href":"https:\/\/jorgezanoni.com.br\/2019\/wp-json\/wp\/v2\/posts\/32501\/revisions"}],"wp:featuredmedia":[{"embeddable":true,"href":"https:\/\/jorgezanoni.com.br\/2019\/wp-json\/wp\/v2\/media\/32502"}],"wp:attachment":[{"href":"https:\/\/jorgezanoni.com.br\/2019\/wp-json\/wp\/v2\/media?parent=32501"}],"wp:term":[{"taxonomy":"category","embeddable":true,"href":"https:\/\/jorgezanoni.com.br\/2019\/wp-json\/wp\/v2\/categories?post=32501"},{"taxonomy":"post_tag","embeddable":true,"href":"https:\/\/jorgezanoni.com.br\/2019\/wp-json\/wp\/v2\/tags?post=32501"}],"curies":[{"name":"wp","href":"https:\/\/api.w.org\/{rel}","templated":true}]}}