{"id":32467,"date":"2020-08-09T14:43:07","date_gmt":"2020-08-09T14:43:07","guid":{"rendered":"https:\/\/jorgezanoni.com.br\/2019\/?p=32467"},"modified":"2020-08-09T16:02:01","modified_gmt":"2020-08-09T16:02:01","slug":"foco-pessoal-nossa-entrevistada-e-a-dra-angelica-mansano-garcia","status":"publish","type":"post","link":"https:\/\/jorgezanoni.com.br\/2019\/foco-pessoal-nossa-entrevistada-e-a-dra-angelica-mansano-garcia\/","title":{"rendered":"Foco Pessoal: Nossa entrevistada \u00e9 a Dra. Ang\u00e9lica Mansano Garcia"},"content":{"rendered":"<p><strong>Conhe\u00e7a um pouco da hist\u00f3ria dessa mineira radicada em Dracena que \u00e9 muito conceituada na profiss\u00e3o que escolheu. M\u00e9dica Pediatra.<\/strong><\/p>\n<p style=\"text-align: justify;\">Nome: Ang\u00e9lica Maria Lima Mansano Garcia<br \/>\nCasada com Dr. Lu\u00eds Carlos Mansano Garcia<br \/>\nCidade Natal: Itajub\u00e1, MG.<br \/>\nDois filhos, Dr. Adolfo Mansano (Nefrologista em Dracena) e Dr. Hugo Mansano (Anestesiologista em Erechim, RS).<br \/>\nTimes do cora\u00e7\u00e3o: \ud83e\udd14 (Me animo quando h\u00e1 campeonatos e algum time empolgado me contagia. Mesmo q seja o &#8220;Curintia!&#8221;&#8230;) \ud83d\ude01<br \/>\nSigno? Fui de Le\u00e3o, do Zod\u00edaco; hoje, do Le\u00e3o de Jud\u00e1! \ud83d\ude09<br \/>\nPerfume: Atualmente, &#8220;Eau my Gold&#8221;!<br \/>\nCidade fora do Brasil: Muitas, mas o Porto, PT me encanta!<br \/>\nPa\u00eds fora o Brasil: Portugal.<br \/>\nLocal agrad\u00e1vel em Dracena: onde me reuno com amigas.<br \/>\nMotivo de orgulho: Que meus filhos sejam encontrados na Verdade.<br \/>\nUma atriz: Meryl Streep<br \/>\nUma cantora: Barbra Streisand<br \/>\nUm cantor: Andrea Bocelli<br \/>\nRestaurante: &#8220;A Grelha&#8221;, em Espinho, PT.<br \/>\nPrato preferido: Bacalhau<br \/>\nSobremesa: Creme Brulee \/Leite Creme<br \/>\nBebida: um bom vinho tinto<br \/>\nUm livro: &#8220;Uma Na\u00e7\u00e3o sob a Ira de Deus&#8221;, Dr. David Martin Lloyd-Jones.<br \/>\nUm filme: &#8220;Seeds of Tamarindo&#8221;<br \/>\nCor: Verde<br \/>\nHobby: Fotografia<br \/>\nUm carro: VW Virtus\/Jetta.<br \/>\nUma personalidade: Bolsonaro, pela fibra, garra e luta.<br \/>\nUm homem bonito\/amigo: meu pai o foi.<br \/>\nUma mulher bonita\/amiga: a que revela franqueza e sinceridade no olhar.<br \/>\nUm homem elegante: Clodovil at\u00e9 que era!&#8230;<br \/>\nUma mulher elegante: Margareth Thatcher<br \/>\nUm pol\u00edtico: Atualmente o nosso presidente da Rep\u00fablica.<br \/>\nUm s\u00edmbolo sexual: nenhum.<br \/>\nO que \u00e9 chic: ser educado.<br \/>\nO que \u00e9 brega: cal\u00e7a boca de sino.<br \/>\nUma mania: \ud83e\udd37\u200d\u2640\ufe0f<br \/>\nCarro ou avi\u00e3o: depende pra onde eu for! (Dirigir \u00e9 \u00f3timo, e voar, maravilhoso!)<br \/>\nPraia ou campo: campo.<br \/>\nFobia: barata.<br \/>\nUm defeito: tantos que s\u00e3o imposs\u00edveis de dizer.<br \/>\nUma qualidade: gostar do que fa\u00e7o.<br \/>\nN\u00famero de sorte: nenhum.<br \/>\nCabeleireira: Sandra, Ro, Mirian, Silvia, Roseli&#8230;<br \/>\nUma alegria: quando todos est\u00e3o alegres!<br \/>\nUma tristeza: sofrimento e dificuldades alheias, em particular as dos mais pr\u00f3ximos.<br \/>\nSonho de consumo: Humn&#8230; Aquele Cartier que deixei de comprar&#8230;<br \/>\nUma saudade: Minas.<br \/>\nUm animal: cachorro.<br \/>\nUma supersti\u00e7\u00e3o: nenhuma.<br \/>\nMedo: barata.<br \/>\nMelhor hora do dia: o abrir da janela do quarto ao acordar!<br \/>\nUma lembran\u00e7a da inf\u00e2ncia: meninada na goiabeira da casa da Dona Alice de Mendon\u00e7a Chaves.<br \/>\nQuem levaria p uma ilha deserta: Certeza que n\u00e3o estaria sozinha: Ele iria comigo!<br \/>\nQuem deixaria l\u00e1 p sempre: a hist\u00f3ria \u00e9 seus fatos.<br \/>\nUma frase: &#8220;Pois desde a antiguidade n\u00e3o se ouviu, nem com os ouvidos se percebeu, nem com os olhos se viu um Deus al\u00e9m de ti que trabalhe para aquele que nele espera&#8221; (Isa\u00edas 64.4).<\/p>\n<p style=\"text-align: justify;\">Nasci numa fam\u00edlia de dez filhos, sendo eu a oitava da lista. A &#8220;menor&#8221; dos beb\u00eas tidos<br \/>\npela minha m\u00e3e. Eu est\u00e1 muito focada e enxergava ao longe, de modo que a Medicina<br \/>\nme veio ao cora\u00e7\u00e3o aos 4 ou 5 anos de idade. Nisto foquei at\u00e9 que recebi o &#8220;diploma&#8221; de<br \/>\nconclus\u00e3o do curso m\u00e9dico. Entrei para a Faculdade de Medicina no final do 3\u00b0 Colegial, ap\u00f3s um ano formid\u00e1vel de estudo. Muita organiza\u00e7\u00e3o, programa\u00e7\u00e3o e disciplina, com direito a descanso aos domingos. O dia come\u00e7ava \u00e0s 6 hs e terminava \u00e0s 23.30 hs, quando ap\u00f3s chegar do &#8220;cursinho junto do 3\u00b0 colegial&#8221;, fazia um lanche e ia pra cama. O curso em si foi cheio de percal\u00e7os, mas com a vantagem de ter sido feito na minha pr\u00f3pria cidade: mam\u00e3e n\u00e3o deixava &#8220;filhas sa\u00edrem da cidade p estudar&#8221;! Conheci meu marido na mesma faculdade e ap\u00f3s as devidas resid\u00eancias m\u00e9dicas ap\u00f3s o t\u00e9rmino do curso, vim com ele para esta terra, cheia de entusiasmo, ilus\u00f5es, projetos e sonhos. A vida com seus meandros da sua caminhada nos amadurecem, assim como os erros cometidos nos entristecem, embora nos ensinem. Aqui, tive meu segundo filho, o Hugo; Adolfo havia nascido em S\u00e3o Paulo, durante minha resid\u00eancia em Pediatria na Sta Casa de S\u00e3o Paulo. Em 1997, conheci Jesus, lendo a B\u00edblia. Dali em diante, nova cosmovis\u00e3o. Sa\u00ed um pouco de cena p fazer Teologia, no Instituto Presbiteriano Mackenzie, na capital. Entre P\u00f3s Gradua\u00e7\u00e3o e Mestrado passaram-se praticamente uma d\u00e9cada, 2001 a 2010. Nesse \u00ednterim fui convidada ao CAPS a lidar com drogadictos, permanecendo ali nestes \u00faltimos treze anos. Uma experi\u00eancia valiosa. Por esta raz\u00e3o, busquei ampliar conhecimento na \u00e1rea, e fui a Curitiba (2011-2012) para uma P\u00f3s em Psiquiatria e em 2013, uma em Sa\u00fade Mental na UNIFESP. Entretanto, voltei \u00e0 Pediatria e permaneci na minha \u00e1rea at\u00e9 o momento. Agrade\u00e7o a Deus ter me ajudado nesta caminhada; sempre amparando e me deixando ver as pedras por onde pisar. Lamento os erros que sem d\u00favida cometi, mas espero ter me desculpado da maneira correta, al\u00e9m dos que se magoaram comigo que me perdoem. Por aqui fiz muitos bons amigos, gente sincera<br \/>\ne de confian\u00e7a aos quais serei sempre grata. Nestes tempos chatos de quarentena e Covid desejo que as pessoas e a cidade se animem e continuem a enfrenta-la com coragem aguardando com esperan\u00e7a o que de bom ainda esteja por vir. Abra\u00e7os.<\/p>\n<p style=\"text-align: justify;\">O Site JZ agradece a m\u00e9dica pediatra Dra. Ang\u00e9lica, que gentilmente aceitou nosso convite para participar de nossa coluna \u201cFoco Pessoal\u201d e\u00a0 a parabeniza pelas conquistas e seriedade ao trato com seus pequenos clientes.<\/p>\n<p style=\"text-align: justify;\">Jorge Zanoni<\/p>\n","protected":false},"excerpt":{"rendered":"<p>Conhe\u00e7a um pouco da hist\u00f3ria dessa mineira radicada em Dracena que \u00e9 muito conceituada na profiss\u00e3o que escolheu. M\u00e9dica Pediatra. Nome: Ang\u00e9lica Maria Lima Mansano Garcia Casada com Dr. Lu\u00eds Carlos Mansano Garcia Cidade Natal: Itajub\u00e1, MG. Dois filhos, Dr. Adolfo Mansano (Nefrologista em Dracena) e Dr. Hugo Mansano (Anestesiologista em Erechim, RS). Times do [&hellip;]<\/p>\n","protected":false},"author":1,"featured_media":32478,"comment_status":"closed","ping_status":"open","sticky":false,"template":"","format":"standard","meta":{"footnotes":""},"categories":[125],"tags":[],"class_list":["post-32467","post","type-post","status-publish","format-standard","has-post-thumbnail","hentry","category-focopessoal"],"_links":{"self":[{"href":"https:\/\/jorgezanoni.com.br\/2019\/wp-json\/wp\/v2\/posts\/32467","targetHints":{"allow":["GET"]}}],"collection":[{"href":"https:\/\/jorgezanoni.com.br\/2019\/wp-json\/wp\/v2\/posts"}],"about":[{"href":"https:\/\/jorgezanoni.com.br\/2019\/wp-json\/wp\/v2\/types\/post"}],"author":[{"embeddable":true,"href":"https:\/\/jorgezanoni.com.br\/2019\/wp-json\/wp\/v2\/users\/1"}],"replies":[{"embeddable":true,"href":"https:\/\/jorgezanoni.com.br\/2019\/wp-json\/wp\/v2\/comments?post=32467"}],"version-history":[{"count":0,"href":"https:\/\/jorgezanoni.com.br\/2019\/wp-json\/wp\/v2\/posts\/32467\/revisions"}],"wp:featuredmedia":[{"embeddable":true,"href":"https:\/\/jorgezanoni.com.br\/2019\/wp-json\/wp\/v2\/media\/32478"}],"wp:attachment":[{"href":"https:\/\/jorgezanoni.com.br\/2019\/wp-json\/wp\/v2\/media?parent=32467"}],"wp:term":[{"taxonomy":"category","embeddable":true,"href":"https:\/\/jorgezanoni.com.br\/2019\/wp-json\/wp\/v2\/categories?post=32467"},{"taxonomy":"post_tag","embeddable":true,"href":"https:\/\/jorgezanoni.com.br\/2019\/wp-json\/wp\/v2\/tags?post=32467"}],"curies":[{"name":"wp","href":"https:\/\/api.w.org\/{rel}","templated":true}]}}