{"id":32463,"date":"2020-08-09T13:49:04","date_gmt":"2020-08-09T13:49:04","guid":{"rendered":"https:\/\/jorgezanoni.com.br\/2019\/?p=32463"},"modified":"2020-08-09T13:49:04","modified_gmt":"2020-08-09T13:49:04","slug":"deputado-bragato-solicita-respiradores-para-dracena","status":"publish","type":"post","link":"https:\/\/jorgezanoni.com.br\/2019\/deputado-bragato-solicita-respiradores-para-dracena\/","title":{"rendered":"Deputado Bragato solicita respiradores para Dracena"},"content":{"rendered":"<p style=\"text-align: justify;\">Na ter\u00e7a-feira, 04\/08 o deputado Mauro Bragato enviou um of\u00edcio ao secret\u00e1rio estadual de Sa\u00fade, Jean Gorinchteyn, solicitando o envio de 10 equipamentos de respira\u00e7\u00e3o, contendo ventiladores pulmonares, monitores card\u00edacos, bombas de infus\u00e3o e acess\u00f3rios para suporte de leitos UTI Covid.<br \/>\nO deputado atende um pedido feito pelo provedor da Santa Casa de Dracena, Celso Xavier Santin.<br \/>\nBragato est\u00e1 sempre atento \u00e0s necessidades da sa\u00fade da regi\u00e3o, no intuito de fortalecer o sistema hospitalar para avan\u00e7ar de fase no Plano S\u00e3o Paulo.<\/p>\n<p><img loading=\"lazy\" decoding=\"async\" class=\"alignnone size-full wp-image-32464\" src=\"https:\/\/jorgezanoni.com.br\/2019\/wp-content\/uploads\/2020\/08\/braga.jpg\" alt=\"\" width=\"884\" height=\"1280\" srcset=\"https:\/\/jorgezanoni.com.br\/2019\/wp-content\/uploads\/2020\/08\/braga.jpg 884w, https:\/\/jorgezanoni.com.br\/2019\/wp-content\/uploads\/2020\/08\/braga-207x300.jpg 207w, https:\/\/jorgezanoni.com.br\/2019\/wp-content\/uploads\/2020\/08\/braga-707x1024.jpg 707w, https:\/\/jorgezanoni.com.br\/2019\/wp-content\/uploads\/2020\/08\/braga-768x1112.jpg 768w, https:\/\/jorgezanoni.com.br\/2019\/wp-content\/uploads\/2020\/08\/braga-696x1008.jpg 696w, https:\/\/jorgezanoni.com.br\/2019\/wp-content\/uploads\/2020\/08\/braga-290x420.jpg 290w\" sizes=\"auto, (max-width: 884px) 100vw, 884px\" \/><\/p>\n<p>Fonte: Assessoria Dep. Mauro Bragato<\/p>\n<p>Imagem Ilustrativa<\/p>\n<p>&nbsp;<\/p>\n","protected":false},"excerpt":{"rendered":"<p>Na ter\u00e7a-feira, 04\/08 o deputado Mauro Bragato enviou um of\u00edcio ao secret\u00e1rio estadual de Sa\u00fade, Jean Gorinchteyn, solicitando o envio de 10 equipamentos de respira\u00e7\u00e3o, contendo ventiladores pulmonares, monitores card\u00edacos, bombas de infus\u00e3o e acess\u00f3rios para suporte de leitos UTI Covid. O deputado atende um pedido feito pelo provedor da Santa Casa de Dracena, Celso [&hellip;]<\/p>\n","protected":false},"author":1,"featured_media":32465,"comment_status":"closed","ping_status":"open","sticky":false,"template":"","format":"standard","meta":{"footnotes":""},"categories":[116],"tags":[],"class_list":["post-32463","post","type-post","status-publish","format-standard","has-post-thumbnail","hentry","category-politicaeeconomia"],"_links":{"self":[{"href":"https:\/\/jorgezanoni.com.br\/2019\/wp-json\/wp\/v2\/posts\/32463","targetHints":{"allow":["GET"]}}],"collection":[{"href":"https:\/\/jorgezanoni.com.br\/2019\/wp-json\/wp\/v2\/posts"}],"about":[{"href":"https:\/\/jorgezanoni.com.br\/2019\/wp-json\/wp\/v2\/types\/post"}],"author":[{"embeddable":true,"href":"https:\/\/jorgezanoni.com.br\/2019\/wp-json\/wp\/v2\/users\/1"}],"replies":[{"embeddable":true,"href":"https:\/\/jorgezanoni.com.br\/2019\/wp-json\/wp\/v2\/comments?post=32463"}],"version-history":[{"count":0,"href":"https:\/\/jorgezanoni.com.br\/2019\/wp-json\/wp\/v2\/posts\/32463\/revisions"}],"wp:featuredmedia":[{"embeddable":true,"href":"https:\/\/jorgezanoni.com.br\/2019\/wp-json\/wp\/v2\/media\/32465"}],"wp:attachment":[{"href":"https:\/\/jorgezanoni.com.br\/2019\/wp-json\/wp\/v2\/media?parent=32463"}],"wp:term":[{"taxonomy":"category","embeddable":true,"href":"https:\/\/jorgezanoni.com.br\/2019\/wp-json\/wp\/v2\/categories?post=32463"},{"taxonomy":"post_tag","embeddable":true,"href":"https:\/\/jorgezanoni.com.br\/2019\/wp-json\/wp\/v2\/tags?post=32463"}],"curies":[{"name":"wp","href":"https:\/\/api.w.org\/{rel}","templated":true}]}}