{"id":3246,"date":"2019-08-09T00:33:55","date_gmt":"2019-08-09T00:33:55","guid":{"rendered":"https:\/\/jorgezanoni.com.br\/2019\/?p=3246"},"modified":"2019-08-09T12:31:04","modified_gmt":"2019-08-09T12:31:04","slug":"fas-dos-beatles-celebram-os-50-anos-da-iconica-foto-em-abbey-road-e-repetem-passos-da-banda","status":"publish","type":"post","link":"https:\/\/jorgezanoni.com.br\/2019\/fas-dos-beatles-celebram-os-50-anos-da-iconica-foto-em-abbey-road-e-repetem-passos-da-banda\/","title":{"rendered":"F\u00e3s dos Beatles celebram os 50 anos da ic\u00f4nica foto em Abbey Road e repetem passos da banda"},"content":{"rendered":"<h2 class=\"content-head__subtitle\" style=\"text-align: justify;\"><strong>Imagem feita na faixa de pedestres foi clicada por Iain Macmillan em 1969 e se tornou capa do disco do grupo. Local virou ponto tur\u00edstico desde lan\u00e7amento do \u00e1lbum.<\/strong><\/h2>\n<div class=\"mc-column content-text active-extra-styles \" style=\"text-align: justify;\" data-block-type=\"unstyled\" data-block-weight=\"46\" data-block-id=\"2\">\n<p class=\"content-text__container \" data-track-category=\"Link no Texto\" data-track-links=\"\">F\u00e3s dos Beatles e bandas cover do grupo se reuniram nesta quinta-feira (8) na Abbey Road para celebrar os 50 anos da ic\u00f4nica foto de John Lennon, Paul McCartney, George Harrison e Ringo Starr cruzando a faixa de pedestres da famosa avenida de Londres.<\/p>\n<\/div>\n<div class=\"wall protected-content\">\n<div class=\"mc-column content-text active-extra-styles \" style=\"text-align: justify;\" data-block-type=\"unstyled\" data-block-weight=\"34\" data-block-id=\"3\">\n<p class=\"content-text__container \" data-track-category=\"Link no Texto\" data-track-links=\"\">A rua ficou lotada e dezenas de pessoas reproduziam a travessia que se tornou capa do \u00e1lbum \u201cAbbey Road\u201d. A imagem foi clicada em 1969 pelo fot\u00f3grafo e amigo dos cantores Iain Macmillan.<\/p>\n<\/div>\n<div class=\"mc-column content-text active-extra-styles \" data-block-type=\"unstyled\" data-block-weight=\"20\" data-block-id=\"4\">\n<p class=\"content-text__container \" style=\"text-align: justify;\" data-track-category=\"Link no Texto\" data-track-links=\"\">Desde o lan\u00e7amento do trabalho, em setembro daquele ano, a faixa de pedestres onde ocorreu o registro virou atra\u00e7\u00e3o tur\u00edstica.<\/p>\n<p data-track-category=\"Link no Texto\" data-track-links=\"\"><img loading=\"lazy\" decoding=\"async\" class=\"alignnone size-full wp-image-3247\" src=\"https:\/\/jorgezanoni.com.br\/2019\/wp-content\/uploads\/2019\/08\/fas.jpg\" alt=\"\" width=\"1600\" height=\"1058\" srcset=\"https:\/\/jorgezanoni.com.br\/2019\/wp-content\/uploads\/2019\/08\/fas.jpg 1600w, https:\/\/jorgezanoni.com.br\/2019\/wp-content\/uploads\/2019\/08\/fas-300x198.jpg 300w, https:\/\/jorgezanoni.com.br\/2019\/wp-content\/uploads\/2019\/08\/fas-768x508.jpg 768w, https:\/\/jorgezanoni.com.br\/2019\/wp-content\/uploads\/2019\/08\/fas-1024x677.jpg 1024w, https:\/\/jorgezanoni.com.br\/2019\/wp-content\/uploads\/2019\/08\/fas-696x460.jpg 696w, https:\/\/jorgezanoni.com.br\/2019\/wp-content\/uploads\/2019\/08\/fas-1068x706.jpg 1068w, https:\/\/jorgezanoni.com.br\/2019\/wp-content\/uploads\/2019\/08\/fas-635x420.jpg 635w\" sizes=\"auto, (max-width: 1600px) 100vw, 1600px\" \/><\/p>\n<p style=\"text-align: justify;\" data-track-category=\"Link no Texto\" data-track-links=\"\">F\u00e3s dos Beatles celebram os 50 anos da ic\u00f4nica foto em Abbey Road \u2014 Foto: REUTERS\/Henry Nicholls<\/p>\n<div class=\"mc-column content-text active-extra-styles \" data-block-type=\"unstyled\" data-block-weight=\"52\" data-block-id=\"7\">\n<p class=\"content-text__container \" style=\"text-align: justify;\" data-track-category=\"Link no Texto\" data-track-links=\"\">A rua Abbey fica entre os bairros de Kilburn e St. John\u2019s Wood, e a origem do seu nome se perdeu na mem\u00f3ria. O livro \u201cOld and new London\u201d (\u201cAntiga e nova Londres\u201d), de 1878, diz que o nome provavelmente vem de uma capela instalada no centro da vila de Kilburn.<\/p>\n<\/div>\n<div class=\"mc-column content-text active-extra-styles \" data-block-type=\"unstyled\" data-block-weight=\"45\" data-block-id=\"8\">\n<p class=\"content-text__container \" style=\"text-align: justify;\" data-track-category=\"Link no Texto\" data-track-links=\"\">A vila foi incorporada \u00e0 cidade \u00e0 medida em que Londres cresceu no sentido noroeste, mas o nome da rua se manteve. Al\u00e9m dos est\u00fadios, ela d\u00e1 nome ao banco Abbey, que foi fundado em uma igreja batista tamb\u00e9m em Abbey Road, no s\u00e9culo XIX.<\/p>\n<p data-track-category=\"Link no Texto\" data-track-links=\"\"><img loading=\"lazy\" decoding=\"async\" class=\"alignnone size-full wp-image-3248\" src=\"https:\/\/jorgezanoni.com.br\/2019\/wp-content\/uploads\/2019\/08\/fas1.jpg\" alt=\"\" width=\"1600\" height=\"1060\" srcset=\"https:\/\/jorgezanoni.com.br\/2019\/wp-content\/uploads\/2019\/08\/fas1.jpg 1600w, https:\/\/jorgezanoni.com.br\/2019\/wp-content\/uploads\/2019\/08\/fas1-300x199.jpg 300w, https:\/\/jorgezanoni.com.br\/2019\/wp-content\/uploads\/2019\/08\/fas1-768x509.jpg 768w, https:\/\/jorgezanoni.com.br\/2019\/wp-content\/uploads\/2019\/08\/fas1-1024x678.jpg 1024w, https:\/\/jorgezanoni.com.br\/2019\/wp-content\/uploads\/2019\/08\/fas1-696x461.jpg 696w, https:\/\/jorgezanoni.com.br\/2019\/wp-content\/uploads\/2019\/08\/fas1-1068x708.jpg 1068w, https:\/\/jorgezanoni.com.br\/2019\/wp-content\/uploads\/2019\/08\/fas1-634x420.jpg 634w\" sizes=\"auto, (max-width: 1600px) 100vw, 1600px\" \/><\/p>\n<p style=\"text-align: justify;\" data-track-category=\"Link no Texto\" data-track-links=\"\">F\u00e3s dos Beatles celebram os 50 anos da ic\u00f4nica foto em Abbey Road \u2014 Foto: REUTERS\/Henry Nicholls<\/p>\n<p data-track-category=\"Link no Texto\" data-track-links=\"\"><img loading=\"lazy\" decoding=\"async\" class=\"alignnone size-full wp-image-3249\" src=\"https:\/\/jorgezanoni.com.br\/2019\/wp-content\/uploads\/2019\/08\/fas2.jpg\" alt=\"\" width=\"1600\" height=\"1092\" srcset=\"https:\/\/jorgezanoni.com.br\/2019\/wp-content\/uploads\/2019\/08\/fas2.jpg 1600w, https:\/\/jorgezanoni.com.br\/2019\/wp-content\/uploads\/2019\/08\/fas2-300x205.jpg 300w, https:\/\/jorgezanoni.com.br\/2019\/wp-content\/uploads\/2019\/08\/fas2-768x524.jpg 768w, https:\/\/jorgezanoni.com.br\/2019\/wp-content\/uploads\/2019\/08\/fas2-1024x699.jpg 1024w, https:\/\/jorgezanoni.com.br\/2019\/wp-content\/uploads\/2019\/08\/fas2-218x150.jpg 218w, https:\/\/jorgezanoni.com.br\/2019\/wp-content\/uploads\/2019\/08\/fas2-696x475.jpg 696w, https:\/\/jorgezanoni.com.br\/2019\/wp-content\/uploads\/2019\/08\/fas2-1068x729.jpg 1068w, https:\/\/jorgezanoni.com.br\/2019\/wp-content\/uploads\/2019\/08\/fas2-615x420.jpg 615w\" sizes=\"auto, (max-width: 1600px) 100vw, 1600px\" \/><\/p>\n<p style=\"text-align: justify;\" data-track-category=\"Link no Texto\" data-track-links=\"\">F\u00e3s dos Beatles celebram os 50 anos da ic\u00f4nica foto em Abbey Road \u2014 Foto: REUTERS\/Henry Nicholls<\/p>\n<p data-track-category=\"Link no Texto\" data-track-links=\"\"><img loading=\"lazy\" decoding=\"async\" class=\"alignnone size-full wp-image-3250\" src=\"https:\/\/jorgezanoni.com.br\/2019\/wp-content\/uploads\/2019\/08\/fas3.jpg\" alt=\"\" width=\"1600\" height=\"1024\" srcset=\"https:\/\/jorgezanoni.com.br\/2019\/wp-content\/uploads\/2019\/08\/fas3.jpg 1600w, https:\/\/jorgezanoni.com.br\/2019\/wp-content\/uploads\/2019\/08\/fas3-300x192.jpg 300w, https:\/\/jorgezanoni.com.br\/2019\/wp-content\/uploads\/2019\/08\/fas3-768x492.jpg 768w, https:\/\/jorgezanoni.com.br\/2019\/wp-content\/uploads\/2019\/08\/fas3-1024x655.jpg 1024w, https:\/\/jorgezanoni.com.br\/2019\/wp-content\/uploads\/2019\/08\/fas3-696x445.jpg 696w, https:\/\/jorgezanoni.com.br\/2019\/wp-content\/uploads\/2019\/08\/fas3-1068x684.jpg 1068w, https:\/\/jorgezanoni.com.br\/2019\/wp-content\/uploads\/2019\/08\/fas3-656x420.jpg 656w\" sizes=\"auto, (max-width: 1600px) 100vw, 1600px\" \/><\/p>\n<article>\n<div class=\"wall protected-content\">\n<div data-track-category=\"multicontent\" data-track-action=\"ultimo chunk conteudo\" data-track-noninteraction=\"false\" data-track-scroll=\"view\">\n<div class=\"row medium-uncollapsed content-media content-photo\" data-block-type=\"backstage-photo\" data-block-id=\"13\">\n<div class=\"column medium-22 large-20 medium-centered content-media__container\">\n<p class=\"content-media__description \" style=\"text-align: justify;\">F\u00e3s dos Beatles celebram os 50 anos da ic\u00f4nica foto em Abbey Road \u2014 Foto: REUTERS\/Henry Nicholls<\/p>\n<\/div>\n<\/div>\n<\/div>\n<\/div>\n<\/article>\n<div class=\"mc-column entities\" style=\"text-align: justify;\">Fonte: https:\/\/g1.globo.com\/pop-arte\/musica\/noticia\/2019\/08\/08\/fas-dos-beatles-celebram-os-50-anos-da-iconica-foto-em-abbey-road-e-repetem-passos-da-banda.ghtml<\/div>\n<\/div>\n<p style=\"text-align: justify;\" data-track-category=\"Link no Texto\" data-track-links=\"\">\n<\/div>\n<\/div>\n","protected":false},"excerpt":{"rendered":"<p>Imagem feita na faixa de pedestres foi clicada por Iain Macmillan em 1969 e se tornou capa do disco do grupo. Local virou ponto tur\u00edstico desde lan\u00e7amento do \u00e1lbum. F\u00e3s dos Beatles e bandas cover do grupo se reuniram nesta quinta-feira (8) na Abbey Road para celebrar os 50 anos da ic\u00f4nica foto de John [&hellip;]<\/p>\n","protected":false},"author":1,"featured_media":3251,"comment_status":"closed","ping_status":"open","sticky":false,"template":"","format":"standard","meta":{"footnotes":""},"categories":[183,110],"tags":[],"class_list":["post-3246","post","type-post","status-publish","format-standard","has-post-thumbnail","hentry","category-musicaeturismo","category-noticiasdestaque"],"_links":{"self":[{"href":"https:\/\/jorgezanoni.com.br\/2019\/wp-json\/wp\/v2\/posts\/3246","targetHints":{"allow":["GET"]}}],"collection":[{"href":"https:\/\/jorgezanoni.com.br\/2019\/wp-json\/wp\/v2\/posts"}],"about":[{"href":"https:\/\/jorgezanoni.com.br\/2019\/wp-json\/wp\/v2\/types\/post"}],"author":[{"embeddable":true,"href":"https:\/\/jorgezanoni.com.br\/2019\/wp-json\/wp\/v2\/users\/1"}],"replies":[{"embeddable":true,"href":"https:\/\/jorgezanoni.com.br\/2019\/wp-json\/wp\/v2\/comments?post=3246"}],"version-history":[{"count":0,"href":"https:\/\/jorgezanoni.com.br\/2019\/wp-json\/wp\/v2\/posts\/3246\/revisions"}],"wp:featuredmedia":[{"embeddable":true,"href":"https:\/\/jorgezanoni.com.br\/2019\/wp-json\/wp\/v2\/media\/3251"}],"wp:attachment":[{"href":"https:\/\/jorgezanoni.com.br\/2019\/wp-json\/wp\/v2\/media?parent=3246"}],"wp:term":[{"taxonomy":"category","embeddable":true,"href":"https:\/\/jorgezanoni.com.br\/2019\/wp-json\/wp\/v2\/categories?post=3246"},{"taxonomy":"post_tag","embeddable":true,"href":"https:\/\/jorgezanoni.com.br\/2019\/wp-json\/wp\/v2\/tags?post=3246"}],"curies":[{"name":"wp","href":"https:\/\/api.w.org\/{rel}","templated":true}]}}