{"id":32449,"date":"2020-08-09T12:41:49","date_gmt":"2020-08-09T12:41:49","guid":{"rendered":"https:\/\/jorgezanoni.com.br\/2019\/?p=32449"},"modified":"2020-08-09T12:42:33","modified_gmt":"2020-08-09T12:42:33","slug":"morre-laurindo-ribeiro-da-silva-loro","status":"publish","type":"post","link":"https:\/\/jorgezanoni.com.br\/2019\/morre-laurindo-ribeiro-da-silva-loro\/","title":{"rendered":"Morre Laurindo Ribeiro da Silva (L\u00f4ro)"},"content":{"rendered":"<p style=\"text-align: justify;\">Faleceu na noite de ontem, o conhecido Laurindo Ribeiro da Silva (L\u00f4ro), aos 69 anos. Foi funcion\u00e1rio dos Correios.<\/p>\n<p style=\"text-align: justify;\">Era morador antigo de Dracena, deixa os filhos Rodrigo e Renato, irm\u00e3os e demais familiares. Era irm\u00e3o do Durval falecido h\u00e1 20 dias.<\/p>\n<p style=\"text-align: justify;\">Ser Corpo est\u00e1 sendo velado na Sala 02 do Memorial Vida Prev e o Sepultamento ocorre \u00e0s 10:00 Horas deste domingo (9)<\/p>\n<p style=\"text-align: justify;\"><img loading=\"lazy\" decoding=\"async\" class=\"alignnone size-full wp-image-32450\" src=\"https:\/\/jorgezanoni.com.br\/2019\/wp-content\/uploads\/2020\/08\/Loro1.jpg\" alt=\"\" width=\"1280\" height=\"797\" srcset=\"https:\/\/jorgezanoni.com.br\/2019\/wp-content\/uploads\/2020\/08\/Loro1.jpg 1280w, https:\/\/jorgezanoni.com.br\/2019\/wp-content\/uploads\/2020\/08\/Loro1-300x187.jpg 300w, https:\/\/jorgezanoni.com.br\/2019\/wp-content\/uploads\/2020\/08\/Loro1-1024x638.jpg 1024w, https:\/\/jorgezanoni.com.br\/2019\/wp-content\/uploads\/2020\/08\/Loro1-768x478.jpg 768w, https:\/\/jorgezanoni.com.br\/2019\/wp-content\/uploads\/2020\/08\/Loro1-696x433.jpg 696w, https:\/\/jorgezanoni.com.br\/2019\/wp-content\/uploads\/2020\/08\/Loro1-1068x665.jpg 1068w, https:\/\/jorgezanoni.com.br\/2019\/wp-content\/uploads\/2020\/08\/Loro1-675x420.jpg 675w\" sizes=\"auto, (max-width: 1280px) 100vw, 1280px\" \/><\/p>\n<p style=\"text-align: justify;\">O <strong>Site Jorge Zanoni<\/strong> se solidariza com a familia enlutada pela perda de um amigo de longo data e roga a Deus que receba o &#8220;L\u00f4ro&#8221; de bra\u00e7os abertos.<\/p>\n<p style=\"text-align: justify;\">Jorge Zanoni<\/p>\n","protected":false},"excerpt":{"rendered":"<p>Faleceu na noite de ontem, o conhecido Laurindo Ribeiro da Silva (L\u00f4ro), aos 69 anos. Foi funcion\u00e1rio dos Correios. Era morador antigo de Dracena, deixa os filhos Rodrigo e Renato, irm\u00e3os e demais familiares. Era irm\u00e3o do Durval falecido h\u00e1 20 dias. Ser Corpo est\u00e1 sendo velado na Sala 02 do Memorial Vida Prev e [&hellip;]<\/p>\n","protected":false},"author":1,"featured_media":32451,"comment_status":"closed","ping_status":"open","sticky":false,"template":"","format":"standard","meta":{"footnotes":""},"categories":[178,110],"tags":[],"class_list":["post-32449","post","type-post","status-publish","format-standard","has-post-thumbnail","hentry","category-notadefalecimento","category-noticiasdestaque"],"_links":{"self":[{"href":"https:\/\/jorgezanoni.com.br\/2019\/wp-json\/wp\/v2\/posts\/32449","targetHints":{"allow":["GET"]}}],"collection":[{"href":"https:\/\/jorgezanoni.com.br\/2019\/wp-json\/wp\/v2\/posts"}],"about":[{"href":"https:\/\/jorgezanoni.com.br\/2019\/wp-json\/wp\/v2\/types\/post"}],"author":[{"embeddable":true,"href":"https:\/\/jorgezanoni.com.br\/2019\/wp-json\/wp\/v2\/users\/1"}],"replies":[{"embeddable":true,"href":"https:\/\/jorgezanoni.com.br\/2019\/wp-json\/wp\/v2\/comments?post=32449"}],"version-history":[{"count":0,"href":"https:\/\/jorgezanoni.com.br\/2019\/wp-json\/wp\/v2\/posts\/32449\/revisions"}],"wp:featuredmedia":[{"embeddable":true,"href":"https:\/\/jorgezanoni.com.br\/2019\/wp-json\/wp\/v2\/media\/32451"}],"wp:attachment":[{"href":"https:\/\/jorgezanoni.com.br\/2019\/wp-json\/wp\/v2\/media?parent=32449"}],"wp:term":[{"taxonomy":"category","embeddable":true,"href":"https:\/\/jorgezanoni.com.br\/2019\/wp-json\/wp\/v2\/categories?post=32449"},{"taxonomy":"post_tag","embeddable":true,"href":"https:\/\/jorgezanoni.com.br\/2019\/wp-json\/wp\/v2\/tags?post=32449"}],"curies":[{"name":"wp","href":"https:\/\/api.w.org\/{rel}","templated":true}]}}