{"id":3243,"date":"2019-08-09T00:03:17","date_gmt":"2019-08-09T00:03:17","guid":{"rendered":"https:\/\/jorgezanoni.com.br\/2019\/?p=3243"},"modified":"2019-08-09T00:03:30","modified_gmt":"2019-08-09T00:03:30","slug":"confira-o-plantao-policial-das-ultimas-horas-08-08-19","status":"publish","type":"post","link":"https:\/\/jorgezanoni.com.br\/2019\/confira-o-plantao-policial-das-ultimas-horas-08-08-19\/","title":{"rendered":"Confira o Plant\u00e3o Policial das \u00faltimas horas 08\/08\/19"},"content":{"rendered":"<p style=\"text-align: justify;\"><strong>MULHER FORAGIDA DA JUSTI\u00c7A \u00c9 LOCALIZADA E PRESA PELA POL\u00cdCIA MILITAR EM JUNQUEIR\u00d3POLIS\/SP. <\/strong><\/p>\n<p style=\"text-align: justify;\">Procurada da Justi\u00e7a &#8211; Recapturada.<\/p>\n<p style=\"text-align: justify;\">Data: 06AGO19\u00e0s 17h28min.<\/p>\n<p style=\"text-align: justify;\">Endere\u00e7o: Av. Sete de Setembro(Recinto da Aceruva) centro\u2013 Junqueir\u00f3polis\/SP.<\/p>\n<p style=\"text-align: justify;\">Procurada: L.F.S. (38 anos)<\/p>\n<p style=\"text-align: justify;\">Na tarde desta ter\u00e7a feira (06), por volta das 17h28min, os Policiais Militares de Junqueir\u00f3polis, foram acionados via Copom e informados de que uma mulher (L.F.S. de 38 anos), foragida da Justi\u00e7a e monitorada por tornozeleira eletr\u00f4nica, estaria no interior do Recinto da Aceruva. Os policiais realizaram dilig\u00eancias no local, logrando \u00eaxito na localiza\u00e7\u00e3o da mesma, que ap\u00f3s ser abordada foi conduzida a delegacia e ap\u00f3s a apresenta\u00e7\u00e3o da mesma, foi encaminhada a Penitenci\u00e1ria Feminina de Tupi Paulista, permanecendo a disposi\u00e7\u00e3o da Justi\u00e7a.<\/p>\n<p style=\"text-align: justify;\"><strong>POL\u00cdCIA MILITAR PRENDE HOMEM POR TR\u00c1FICO DE DROGAS EM FL\u00d3RIDA PAULISTA\/SP.<\/strong><\/p>\n<p style=\"text-align: justify;\">Tr\u00e1fico de drogas &#8211; Flagrante.<\/p>\n<p style=\"text-align: justify;\">Data: 06AGO19\u00e0s23h32min.<\/p>\n<p style=\"text-align: justify;\">Endere\u00e7o: Av. Independ\u00eancia\u2013 Vila Monteiro &#8211; Fl\u00f3rida Paulista\/SP.<\/p>\n<p style=\"text-align: justify;\">Autor: A.B. (37 anos)<\/p>\n<p style=\"text-align: justify;\">Indiciada 01: M.M.S. (24 anos)<\/p>\n<p style=\"text-align: justify;\">Indiciado 02B.V.D. (28 anos)<\/p>\n<p style=\"text-align: justify;\">Indiciado 03: S.S.G. (31 anos)<\/p>\n<p style=\"text-align: justify;\">Objetos apreendidos: 0,049 kg de crack; 0,020 kg de maconha e R$70,00 em notas diversas.<\/p>\n<p style=\"text-align: justify;\">Na noite desta ter\u00e7a feira (06), por volta das 23h32min, os Policiais Militares de Fl\u00f3rida Paulista\/SP, ap\u00f3s receberem informa\u00e7\u00f5es dizendo que um ve\u00edculo Corsa com placas de Fl\u00f3rida Paulista havia comprado entorpecentes na cidade de Adamantina e sa\u00eddo sentido a cidade de Fl\u00f3rida Paulista. Com essas informa\u00e7\u00f5es foi iniciado patrulhamento e logrado \u00eaxito em localizar o referido ve\u00edculo, que foi abordado e realizado buscas pessoais nos 04 ocupantes, sendo que foi encontrado uma por\u00e7\u00e3o de maconha com S.S.G. de 31 anose uma por\u00e7\u00e3o de maconha com B.V.D. de 28 anos. J\u00e1 com a passageira M.M.S. de 24 anos, nada de il\u00edcito foi encontrado, por\u00e9m a mesma declarou que havia consumido crack e que tinha comprado de um homem, informando o nome e endere\u00e7o do mesmo. Com apoio do canil, os policiais foram at\u00e9 o local informado, onde foi localizado uma certa quantia de crack. Diante dos fatos, todos foram conduzidos e apresentados na delegacia, onde o autor A.B. permaneceu preso e os indiciados M.M.S., B.V.D. e S.S.G., ap\u00f3s serem ouvidos foram liberados para responder em liberdade<\/p>\n<p style=\"text-align: justify;\"><strong>HOMEM \u00c9 PRESO PELA POL\u00cdCIA MILITAR POR TR\u00c1FICO DE DROGAS. <\/strong><\/p>\n<p style=\"text-align: justify;\">Tr\u00e1fico de drogas &#8211; Flagrante.<\/p>\n<p style=\"text-align: justify;\">Data: 07AGO19\u00e0s 16h30min.<\/p>\n<p style=\"text-align: justify;\">Endere\u00e7o: Rod. Comandante Jo\u00e3o Ribeiro de Barros Km 644 &#8211; Dracena\/SP.<\/p>\n<p style=\"text-align: justify;\">Indiciado: T.D.M<\/p>\n<p style=\"text-align: justify;\">No dia 07\/08 por volta das 16h30min durante patrulhamento de Forca T\u00e1tica, T.D.M foi abordado e durante busca pessoal foi localizado dinheiro e 16 por\u00e7\u00f5es de crack.<\/p>\n<p style=\"text-align: justify;\">Dada voz de pris\u00e3o em flagrante por tr\u00e1fico de drogas, permanecendo \u00e0 disposi\u00e7\u00e3o da Justi\u00e7a.<\/p>\n<p style=\"text-align: justify;\">Fonte: Com. Social Pol\u00edcia Militar 25\u00ba BPM\/I<\/p>\n","protected":false},"excerpt":{"rendered":"<p>MULHER FORAGIDA DA JUSTI\u00c7A \u00c9 LOCALIZADA E PRESA PELA POL\u00cdCIA MILITAR EM JUNQUEIR\u00d3POLIS\/SP. Procurada da Justi\u00e7a &#8211; Recapturada. Data: 06AGO19\u00e0s 17h28min. Endere\u00e7o: Av. Sete de Setembro(Recinto da Aceruva) centro\u2013 Junqueir\u00f3polis\/SP. Procurada: L.F.S. (38 anos) Na tarde desta ter\u00e7a feira (06), por volta das 17h28min, os Policiais Militares de Junqueir\u00f3polis, foram acionados via Copom e informados [&hellip;]<\/p>\n","protected":false},"author":1,"featured_media":3244,"comment_status":"closed","ping_status":"open","sticky":false,"template":"","format":"standard","meta":{"footnotes":""},"categories":[110,2],"tags":[],"class_list":["post-3243","post","type-post","status-publish","format-standard","has-post-thumbnail","hentry","category-noticiasdestaque","category-policial"],"_links":{"self":[{"href":"https:\/\/jorgezanoni.com.br\/2019\/wp-json\/wp\/v2\/posts\/3243","targetHints":{"allow":["GET"]}}],"collection":[{"href":"https:\/\/jorgezanoni.com.br\/2019\/wp-json\/wp\/v2\/posts"}],"about":[{"href":"https:\/\/jorgezanoni.com.br\/2019\/wp-json\/wp\/v2\/types\/post"}],"author":[{"embeddable":true,"href":"https:\/\/jorgezanoni.com.br\/2019\/wp-json\/wp\/v2\/users\/1"}],"replies":[{"embeddable":true,"href":"https:\/\/jorgezanoni.com.br\/2019\/wp-json\/wp\/v2\/comments?post=3243"}],"version-history":[{"count":0,"href":"https:\/\/jorgezanoni.com.br\/2019\/wp-json\/wp\/v2\/posts\/3243\/revisions"}],"wp:featuredmedia":[{"embeddable":true,"href":"https:\/\/jorgezanoni.com.br\/2019\/wp-json\/wp\/v2\/media\/3244"}],"wp:attachment":[{"href":"https:\/\/jorgezanoni.com.br\/2019\/wp-json\/wp\/v2\/media?parent=3243"}],"wp:term":[{"taxonomy":"category","embeddable":true,"href":"https:\/\/jorgezanoni.com.br\/2019\/wp-json\/wp\/v2\/categories?post=3243"},{"taxonomy":"post_tag","embeddable":true,"href":"https:\/\/jorgezanoni.com.br\/2019\/wp-json\/wp\/v2\/tags?post=3243"}],"curies":[{"name":"wp","href":"https:\/\/api.w.org\/{rel}","templated":true}]}}