{"id":3228,"date":"2019-08-08T23:15:25","date_gmt":"2019-08-08T23:15:25","guid":{"rendered":"https:\/\/jorgezanoni.com.br\/2019\/?p=3228"},"modified":"2019-08-08T23:15:25","modified_gmt":"2019-08-08T23:15:25","slug":"tecnico-em-estetica-cep-ume-tratamento-facial-com-peeling-tem-grande-procura-no-mercado","status":"publish","type":"post","link":"https:\/\/jorgezanoni.com.br\/2019\/tecnico-em-estetica-cep-ume-tratamento-facial-com-peeling-tem-grande-procura-no-mercado\/","title":{"rendered":"T\u00e9cnico em Est\u00e9tica CEP\/UME: tratamento facial com peeling tem grande procura no mercado"},"content":{"rendered":"<p style=\"font-weight: 400; text-align: justify;\">O peeling \u00e9 um tratamento que remove as camadas mortas da pele, estimulando a renova\u00e7\u00e3o celular, \u00e9 o tratamento est\u00e9tico mais procurado no Brasil. O curso T\u00e9cnico em Est\u00e9tica do CEP\/UME oferece o que h\u00e1 de mais moderno e atual na \u00e1rea. A Profa. Esp. Francis Mon\u00e7\u00e3o trabalhou a teoria e a pr\u00e1tica com os alunos para tratamentos faciais.<br \/>\nFrancis destacou que o peeling \u00e9 um dos procedimentos preferidos dos profissionais da est\u00e9tica por oferecer resultados positivos, r\u00e1pidos e seguros. \u201cApesar de haver diferentes tipos de peeling, com intensidades diferentes, o inverno \u00e9 melhor \u00e9poca para o procedimento devido a menor exposi\u00e7\u00e3o solar\u201d, comentou a professora.<br \/>\nA professora apresentou um tratamento inovador, seguro e eficaz para hipercromias da pele, inclusive as manchas recidivas, durante a aula desta semana. \u201cSua rica formula\u00e7\u00e3o age de forma inteligente na revers\u00e3o do processo de hiperpigmenta\u00e7\u00e3o, prevenindo o retorno das manchas e clareando a pele de forma global. Promove ainda uma intensa renova\u00e7\u00e3o celular, auxiliando no processo de rejuvenescimento\u201d, explicou.<br \/>\nPara os profissionais que queiram entender melho sobre peeling e trabalhar com seguran\u00e7a, sabendo qual efeito ele proporciona na pele, quais os tipos e novidades no mercado, e outros tratamentos est\u00e9ticos, o CEP\/UME oferece habilita\u00e7\u00f5es para atuar na \u00e1rea. Venha se regulamentar na \u00e1rea da sa\u00fade e beleza com curso T\u00e9cnico em Est\u00e9tica do CEP\/UME. Mais informa\u00e7\u00f5es sobre o curso\u00a0<a href=\"http:\/\/www.fundec.edu.br\/tecnico\">www.fundec.edu.br\/tecnico<\/a>\u00a0ou pelo telefone (18) 3821-9004.<\/p>\n<p><img loading=\"lazy\" decoding=\"async\" class=\"alignnone size-full wp-image-3229\" src=\"https:\/\/jorgezanoni.com.br\/2019\/wp-content\/uploads\/2019\/08\/trata1.jpg\" alt=\"\" width=\"180\" height=\"240\" \/><\/p>\n<p style=\"font-weight: 400; text-align: justify;\"><strong>Carolina Colnago<\/strong><\/p>\n<p style=\"font-weight: 400; text-align: justify;\">Assessora de Comunica\u00e7\u00e3o da Fundec &#8211; Jornalista<\/p>\n<p style=\"font-weight: 400; text-align: justify;\">Foto001:\u00a0Alunos do curso T\u00e9cnico em Est\u00e9tica durante aula pr\u00e1tica.<\/p>\n<p style=\"font-weight: 400; text-align: justify;\">Foto002: Prof. Esp. Francis Mon\u00e7\u00e3o em aula com os alunos do curso T\u00e9cnico em Est\u00e9tica.<\/p>\n","protected":false},"excerpt":{"rendered":"<p>O peeling \u00e9 um tratamento que remove as camadas mortas da pele, estimulando a renova\u00e7\u00e3o celular, \u00e9 o tratamento est\u00e9tico mais procurado no Brasil. O curso T\u00e9cnico em Est\u00e9tica do CEP\/UME oferece o que h\u00e1 de mais moderno e atual na \u00e1rea. A Profa. Esp. Francis Mon\u00e7\u00e3o trabalhou a teoria e a pr\u00e1tica com os [&hellip;]<\/p>\n","protected":false},"author":1,"featured_media":3230,"comment_status":"closed","ping_status":"open","sticky":false,"template":"","format":"standard","meta":{"footnotes":""},"categories":[110],"tags":[],"class_list":["post-3228","post","type-post","status-publish","format-standard","has-post-thumbnail","hentry","category-noticiasdestaque"],"_links":{"self":[{"href":"https:\/\/jorgezanoni.com.br\/2019\/wp-json\/wp\/v2\/posts\/3228","targetHints":{"allow":["GET"]}}],"collection":[{"href":"https:\/\/jorgezanoni.com.br\/2019\/wp-json\/wp\/v2\/posts"}],"about":[{"href":"https:\/\/jorgezanoni.com.br\/2019\/wp-json\/wp\/v2\/types\/post"}],"author":[{"embeddable":true,"href":"https:\/\/jorgezanoni.com.br\/2019\/wp-json\/wp\/v2\/users\/1"}],"replies":[{"embeddable":true,"href":"https:\/\/jorgezanoni.com.br\/2019\/wp-json\/wp\/v2\/comments?post=3228"}],"version-history":[{"count":0,"href":"https:\/\/jorgezanoni.com.br\/2019\/wp-json\/wp\/v2\/posts\/3228\/revisions"}],"wp:featuredmedia":[{"embeddable":true,"href":"https:\/\/jorgezanoni.com.br\/2019\/wp-json\/wp\/v2\/media\/3230"}],"wp:attachment":[{"href":"https:\/\/jorgezanoni.com.br\/2019\/wp-json\/wp\/v2\/media?parent=3228"}],"wp:term":[{"taxonomy":"category","embeddable":true,"href":"https:\/\/jorgezanoni.com.br\/2019\/wp-json\/wp\/v2\/categories?post=3228"},{"taxonomy":"post_tag","embeddable":true,"href":"https:\/\/jorgezanoni.com.br\/2019\/wp-json\/wp\/v2\/tags?post=3228"}],"curies":[{"name":"wp","href":"https:\/\/api.w.org\/{rel}","templated":true}]}}