{"id":32241,"date":"2020-08-08T21:28:11","date_gmt":"2020-08-08T21:28:11","guid":{"rendered":"https:\/\/jorgezanoni.com.br\/2019\/?p=32241"},"modified":"2020-08-09T13:41:42","modified_gmt":"2020-08-09T13:41:42","slug":"homenagem-do-site-jorge-zanoni-aos-pais-pelo-seu-dia","status":"publish","type":"post","link":"https:\/\/jorgezanoni.com.br\/2019\/homenagem-do-site-jorge-zanoni-aos-pais-pelo-seu-dia\/","title":{"rendered":"Homenagem do SITE JORGE ZANONI aos pais pelo seu dia"},"content":{"rendered":"<p>ROBERTO CARLOS E MICHEL TEL\u00d3 CANTAM EM HOMENAGEM A TODOS OS PAIS AMIGOS DO <strong>SITE JORGE ZANONI.<\/strong><\/p>\n<div style=\"width: 368px;\" class=\"wp-video\"><video class=\"wp-video-shortcode\" id=\"video-32241-1\" width=\"368\" height=\"208\" preload=\"metadata\" controls=\"controls\"><source type=\"video\/mp4\" src=\"https:\/\/jorgezanoni.com.br\/2019\/wp-content\/uploads\/2020\/08\/WhatsApp-Video-2020-08-08-at-20.09.29.mp4?_=1\" \/><a href=\"https:\/\/jorgezanoni.com.br\/2019\/wp-content\/uploads\/2020\/08\/WhatsApp-Video-2020-08-08-at-20.09.29.mp4\">https:\/\/jorgezanoni.com.br\/2019\/wp-content\/uploads\/2020\/08\/WhatsApp-Video-2020-08-08-at-20.09.29.mp4<\/a><\/video><\/div>\n<p style=\"text-align: justify;\">A vida nunca foi f\u00e1cil para o meu pai. Ele sempre precisou batalhar muito para conquistar o que tem hoje. Ele sempre precisou lutar para dar \u00e0 fam\u00edlia tudo aquilo que ele n\u00e3o teve na inf\u00e2ncia. E mesmo diante de tantos problemas, ele nunca desistiu; meu pai persistiu e continuou caminhando em busca de seus sonhos e pelos sonhos e futuro dos filhos. Meu pai n\u00e3o \u00e9 apenas um guerreiro, ele \u00e9 um vencedor. Feliz dia dos pais para todos os pais batalhadores desse pa\u00eds.<\/p>\n<p style=\"text-align: justify;\">CONFIRA AS FOTOS QUE VOC\u00ca ENVIOU DO SEU PAI, ESTE \u00c9 UM PRESENTE DO <strong>SITE JORGE ZANONI<\/strong> PARA VOC\u00ca.<\/p>\n<p><img loading=\"lazy\" decoding=\"async\" class=\"alignnone size-full wp-image-32447\" src=\"https:\/\/jorgezanoni.com.br\/2019\/wp-content\/uploads\/2020\/08\/Renata-Voltani-e-Ademar-Voltani.jpg\" alt=\"\" width=\"965\" height=\"1078\" srcset=\"https:\/\/jorgezanoni.com.br\/2019\/wp-content\/uploads\/2020\/08\/Renata-Voltani-e-Ademar-Voltani.jpg 965w, https:\/\/jorgezanoni.com.br\/2019\/wp-content\/uploads\/2020\/08\/Renata-Voltani-e-Ademar-Voltani-269x300.jpg 269w, https:\/\/jorgezanoni.com.br\/2019\/wp-content\/uploads\/2020\/08\/Renata-Voltani-e-Ademar-Voltani-917x1024.jpg 917w, https:\/\/jorgezanoni.com.br\/2019\/wp-content\/uploads\/2020\/08\/Renata-Voltani-e-Ademar-Voltani-768x858.jpg 768w, https:\/\/jorgezanoni.com.br\/2019\/wp-content\/uploads\/2020\/08\/Renata-Voltani-e-Ademar-Voltani-696x778.jpg 696w, https:\/\/jorgezanoni.com.br\/2019\/wp-content\/uploads\/2020\/08\/Renata-Voltani-e-Ademar-Voltani-376x420.jpg 376w\" sizes=\"auto, (max-width: 965px) 100vw, 965px\" \/>Pai Ademar Voltani com a filha Renata Voltani<\/p>\n<p><img loading=\"lazy\" decoding=\"async\" class=\"alignnone size-full wp-image-32242\" src=\"https:\/\/jorgezanoni.com.br\/2019\/wp-content\/uploads\/2020\/08\/Airton-Kague-e-os-filhos.jpg\" alt=\"\" width=\"960\" height=\"720\" srcset=\"https:\/\/jorgezanoni.com.br\/2019\/wp-content\/uploads\/2020\/08\/Airton-Kague-e-os-filhos.jpg 960w, https:\/\/jorgezanoni.com.br\/2019\/wp-content\/uploads\/2020\/08\/Airton-Kague-e-os-filhos-300x225.jpg 300w, https:\/\/jorgezanoni.com.br\/2019\/wp-content\/uploads\/2020\/08\/Airton-Kague-e-os-filhos-768x576.jpg 768w, https:\/\/jorgezanoni.com.br\/2019\/wp-content\/uploads\/2020\/08\/Airton-Kague-e-os-filhos-80x60.jpg 80w, https:\/\/jorgezanoni.com.br\/2019\/wp-content\/uploads\/2020\/08\/Airton-Kague-e-os-filhos-265x198.jpg 265w, https:\/\/jorgezanoni.com.br\/2019\/wp-content\/uploads\/2020\/08\/Airton-Kague-e-os-filhos-696x522.jpg 696w, https:\/\/jorgezanoni.com.br\/2019\/wp-content\/uploads\/2020\/08\/Airton-Kague-e-os-filhos-560x420.jpg 560w\" sizes=\"auto, (max-width: 960px) 100vw, 960px\" \/>Pai Airton Kague com os filhos<\/p>\n<p><img loading=\"lazy\" decoding=\"async\" class=\"alignnone size-full wp-image-32243\" src=\"https:\/\/jorgezanoni.com.br\/2019\/wp-content\/uploads\/2020\/08\/Ad\u00e3o-julio-de-Ara\u00fajo.jpg\" alt=\"\" width=\"640\" height=\"1123\" srcset=\"https:\/\/jorgezanoni.com.br\/2019\/wp-content\/uploads\/2020\/08\/Ad\u00e3o-julio-de-Ara\u00fajo.jpg 640w, https:\/\/jorgezanoni.com.br\/2019\/wp-content\/uploads\/2020\/08\/Ad\u00e3o-julio-de-Ara\u00fajo-171x300.jpg 171w, https:\/\/jorgezanoni.com.br\/2019\/wp-content\/uploads\/2020\/08\/Ad\u00e3o-julio-de-Ara\u00fajo-584x1024.jpg 584w, https:\/\/jorgezanoni.com.br\/2019\/wp-content\/uploads\/2020\/08\/Ad\u00e3o-julio-de-Ara\u00fajo-239x420.jpg 239w\" sizes=\"auto, (max-width: 640px) 100vw, 640px\" \/>Pai Ad\u00e3o Julio Ara\u00fajo<\/p>\n<p><img loading=\"lazy\" decoding=\"async\" class=\"alignnone size-full wp-image-32244\" src=\"https:\/\/jorgezanoni.com.br\/2019\/wp-content\/uploads\/2020\/08\/Alan-meu-pai-Aldemir-e-meu-irm\u00e3o-Alaor.jpg\" alt=\"\" width=\"581\" height=\"1032\" srcset=\"https:\/\/jorgezanoni.com.br\/2019\/wp-content\/uploads\/2020\/08\/Alan-meu-pai-Aldemir-e-meu-irm\u00e3o-Alaor.jpg 581w, https:\/\/jorgezanoni.com.br\/2019\/wp-content\/uploads\/2020\/08\/Alan-meu-pai-Aldemir-e-meu-irm\u00e3o-Alaor-169x300.jpg 169w, https:\/\/jorgezanoni.com.br\/2019\/wp-content\/uploads\/2020\/08\/Alan-meu-pai-Aldemir-e-meu-irm\u00e3o-Alaor-576x1024.jpg 576w, https:\/\/jorgezanoni.com.br\/2019\/wp-content\/uploads\/2020\/08\/Alan-meu-pai-Aldemir-e-meu-irm\u00e3o-Alaor-236x420.jpg 236w\" sizes=\"auto, (max-width: 581px) 100vw, 581px\" \/>Pai Aldemir com os filhos Alan e Alaor<\/p>\n<p><img loading=\"lazy\" decoding=\"async\" class=\"alignnone size-full wp-image-32245\" src=\"https:\/\/jorgezanoni.com.br\/2019\/wp-content\/uploads\/2020\/08\/ALCEU-GARCIA-HERNANDES.jpg\" alt=\"\" width=\"576\" height=\"768\" srcset=\"https:\/\/jorgezanoni.com.br\/2019\/wp-content\/uploads\/2020\/08\/ALCEU-GARCIA-HERNANDES.jpg 576w, https:\/\/jorgezanoni.com.br\/2019\/wp-content\/uploads\/2020\/08\/ALCEU-GARCIA-HERNANDES-225x300.jpg 225w, https:\/\/jorgezanoni.com.br\/2019\/wp-content\/uploads\/2020\/08\/ALCEU-GARCIA-HERNANDES-315x420.jpg 315w\" sizes=\"auto, (max-width: 576px) 100vw, 576px\" \/>Pai Alceu Garcia Hernandes<\/p>\n<p><img loading=\"lazy\" decoding=\"async\" class=\"alignnone size-full wp-image-32246\" src=\"https:\/\/jorgezanoni.com.br\/2019\/wp-content\/uploads\/2020\/08\/Alexandre-cordeiro-com-as-filhas-Elo\u00e1-e-Gabriela-super-paiz\u00e3o.jpg\" alt=\"\" width=\"616\" height=\"753\" srcset=\"https:\/\/jorgezanoni.com.br\/2019\/wp-content\/uploads\/2020\/08\/Alexandre-cordeiro-com-as-filhas-Elo\u00e1-e-Gabriela-super-paiz\u00e3o.jpg 616w, https:\/\/jorgezanoni.com.br\/2019\/wp-content\/uploads\/2020\/08\/Alexandre-cordeiro-com-as-filhas-Elo\u00e1-e-Gabriela-super-paiz\u00e3o-245x300.jpg 245w, https:\/\/jorgezanoni.com.br\/2019\/wp-content\/uploads\/2020\/08\/Alexandre-cordeiro-com-as-filhas-Elo\u00e1-e-Gabriela-super-paiz\u00e3o-344x420.jpg 344w\" sizes=\"auto, (max-width: 616px) 100vw, 616px\" \/>Pai Alexandre Cordeiro com as filhas Elo\u00e1 e Gabriela<\/p>\n<p><img loading=\"lazy\" decoding=\"async\" class=\"alignnone size-full wp-image-32247\" src=\"https:\/\/jorgezanoni.com.br\/2019\/wp-content\/uploads\/2020\/08\/Alfredo-V\u00f4-e-Antonio.jpg\" alt=\"\" width=\"581\" height=\"1032\" srcset=\"https:\/\/jorgezanoni.com.br\/2019\/wp-content\/uploads\/2020\/08\/Alfredo-V\u00f4-e-Antonio.jpg 581w, https:\/\/jorgezanoni.com.br\/2019\/wp-content\/uploads\/2020\/08\/Alfredo-V\u00f4-e-Antonio-169x300.jpg 169w, https:\/\/jorgezanoni.com.br\/2019\/wp-content\/uploads\/2020\/08\/Alfredo-V\u00f4-e-Antonio-576x1024.jpg 576w, https:\/\/jorgezanoni.com.br\/2019\/wp-content\/uploads\/2020\/08\/Alfredo-V\u00f4-e-Antonio-236x420.jpg 236w\" sizes=\"auto, (max-width: 581px) 100vw, 581px\" \/>Pai e Av\u00f4 Alfredo e Neto Antonio<\/p>\n<p><img loading=\"lazy\" decoding=\"async\" class=\"alignnone size-full wp-image-32248\" src=\"https:\/\/jorgezanoni.com.br\/2019\/wp-content\/uploads\/2020\/08\/Alice-e-Renaldo.jpg\" alt=\"\" width=\"1280\" height=\"958\" srcset=\"https:\/\/jorgezanoni.com.br\/2019\/wp-content\/uploads\/2020\/08\/Alice-e-Renaldo.jpg 1280w, https:\/\/jorgezanoni.com.br\/2019\/wp-content\/uploads\/2020\/08\/Alice-e-Renaldo-300x225.jpg 300w, https:\/\/jorgezanoni.com.br\/2019\/wp-content\/uploads\/2020\/08\/Alice-e-Renaldo-1024x766.jpg 1024w, https:\/\/jorgezanoni.com.br\/2019\/wp-content\/uploads\/2020\/08\/Alice-e-Renaldo-768x575.jpg 768w, https:\/\/jorgezanoni.com.br\/2019\/wp-content\/uploads\/2020\/08\/Alice-e-Renaldo-80x60.jpg 80w, https:\/\/jorgezanoni.com.br\/2019\/wp-content\/uploads\/2020\/08\/Alice-e-Renaldo-265x198.jpg 265w, https:\/\/jorgezanoni.com.br\/2019\/wp-content\/uploads\/2020\/08\/Alice-e-Renaldo-696x521.jpg 696w, https:\/\/jorgezanoni.com.br\/2019\/wp-content\/uploads\/2020\/08\/Alice-e-Renaldo-1068x799.jpg 1068w, https:\/\/jorgezanoni.com.br\/2019\/wp-content\/uploads\/2020\/08\/Alice-e-Renaldo-561x420.jpg 561w\" sizes=\"auto, (max-width: 1280px) 100vw, 1280px\" \/>Pai Reinaldo e a filha Alice<\/p>\n<p><img loading=\"lazy\" decoding=\"async\" class=\"alignnone size-full wp-image-32249\" src=\"https:\/\/jorgezanoni.com.br\/2019\/wp-content\/uploads\/2020\/08\/Anderson-com-seu-filho-Pedro-Henrique.jpg\" alt=\"\" width=\"960\" height=\"1280\" srcset=\"https:\/\/jorgezanoni.com.br\/2019\/wp-content\/uploads\/2020\/08\/Anderson-com-seu-filho-Pedro-Henrique.jpg 960w, https:\/\/jorgezanoni.com.br\/2019\/wp-content\/uploads\/2020\/08\/Anderson-com-seu-filho-Pedro-Henrique-225x300.jpg 225w, https:\/\/jorgezanoni.com.br\/2019\/wp-content\/uploads\/2020\/08\/Anderson-com-seu-filho-Pedro-Henrique-768x1024.jpg 768w, https:\/\/jorgezanoni.com.br\/2019\/wp-content\/uploads\/2020\/08\/Anderson-com-seu-filho-Pedro-Henrique-696x928.jpg 696w, https:\/\/jorgezanoni.com.br\/2019\/wp-content\/uploads\/2020\/08\/Anderson-com-seu-filho-Pedro-Henrique-315x420.jpg 315w\" sizes=\"auto, (max-width: 960px) 100vw, 960px\" \/>Pai Anderson com o filho Pedro Pedro Henrique<\/p>\n<p><img loading=\"lazy\" decoding=\"async\" class=\"alignnone size-full wp-image-32250\" src=\"https:\/\/jorgezanoni.com.br\/2019\/wp-content\/uploads\/2020\/08\/Ant\u00f4nio-Aparecido-.-E-eu-Ana-Paula-Tib\u00e9rio.jpg\" alt=\"\" width=\"800\" height=\"1280\" srcset=\"https:\/\/jorgezanoni.com.br\/2019\/wp-content\/uploads\/2020\/08\/Ant\u00f4nio-Aparecido-.-E-eu-Ana-Paula-Tib\u00e9rio.jpg 800w, https:\/\/jorgezanoni.com.br\/2019\/wp-content\/uploads\/2020\/08\/Ant\u00f4nio-Aparecido-.-E-eu-Ana-Paula-Tib\u00e9rio-188x300.jpg 188w, https:\/\/jorgezanoni.com.br\/2019\/wp-content\/uploads\/2020\/08\/Ant\u00f4nio-Aparecido-.-E-eu-Ana-Paula-Tib\u00e9rio-640x1024.jpg 640w, https:\/\/jorgezanoni.com.br\/2019\/wp-content\/uploads\/2020\/08\/Ant\u00f4nio-Aparecido-.-E-eu-Ana-Paula-Tib\u00e9rio-768x1229.jpg 768w, https:\/\/jorgezanoni.com.br\/2019\/wp-content\/uploads\/2020\/08\/Ant\u00f4nio-Aparecido-.-E-eu-Ana-Paula-Tib\u00e9rio-696x1114.jpg 696w, https:\/\/jorgezanoni.com.br\/2019\/wp-content\/uploads\/2020\/08\/Ant\u00f4nio-Aparecido-.-E-eu-Ana-Paula-Tib\u00e9rio-263x420.jpg 263w\" sizes=\"auto, (max-width: 800px) 100vw, 800px\" \/>Pai Antonio Aparecido e a filha Ana Paula Tib\u00e9rio<\/p>\n<p><img loading=\"lazy\" decoding=\"async\" class=\"alignnone size-full wp-image-32251\" src=\"https:\/\/jorgezanoni.com.br\/2019\/wp-content\/uploads\/2020\/08\/Ant\u00f4nio-Aparecido-Ten\u00f3rio-de-Melo.jpg\" alt=\"\" width=\"720\" height=\"720\" srcset=\"https:\/\/jorgezanoni.com.br\/2019\/wp-content\/uploads\/2020\/08\/Ant\u00f4nio-Aparecido-Ten\u00f3rio-de-Melo.jpg 720w, https:\/\/jorgezanoni.com.br\/2019\/wp-content\/uploads\/2020\/08\/Ant\u00f4nio-Aparecido-Ten\u00f3rio-de-Melo-300x300.jpg 300w, https:\/\/jorgezanoni.com.br\/2019\/wp-content\/uploads\/2020\/08\/Ant\u00f4nio-Aparecido-Ten\u00f3rio-de-Melo-150x150.jpg 150w, https:\/\/jorgezanoni.com.br\/2019\/wp-content\/uploads\/2020\/08\/Ant\u00f4nio-Aparecido-Ten\u00f3rio-de-Melo-696x696.jpg 696w, https:\/\/jorgezanoni.com.br\/2019\/wp-content\/uploads\/2020\/08\/Ant\u00f4nio-Aparecido-Ten\u00f3rio-de-Melo-420x420.jpg 420w\" sizes=\"auto, (max-width: 720px) 100vw, 720px\" \/>Pai Antonio Aparecido Ten\u00f3rio de Melo<\/p>\n<p><img loading=\"lazy\" decoding=\"async\" class=\"alignnone size-full wp-image-32252\" src=\"https:\/\/jorgezanoni.com.br\/2019\/wp-content\/uploads\/2020\/08\/Antonio-Bataglia.jpg\" alt=\"\" width=\"557\" height=\"557\" srcset=\"https:\/\/jorgezanoni.com.br\/2019\/wp-content\/uploads\/2020\/08\/Antonio-Bataglia.jpg 557w, https:\/\/jorgezanoni.com.br\/2019\/wp-content\/uploads\/2020\/08\/Antonio-Bataglia-300x300.jpg 300w, https:\/\/jorgezanoni.com.br\/2019\/wp-content\/uploads\/2020\/08\/Antonio-Bataglia-150x150.jpg 150w, https:\/\/jorgezanoni.com.br\/2019\/wp-content\/uploads\/2020\/08\/Antonio-Bataglia-420x420.jpg 420w\" sizes=\"auto, (max-width: 557px) 100vw, 557px\" \/>Pai Antonio Bataglia<\/p>\n<p><img loading=\"lazy\" decoding=\"async\" class=\"alignnone size-full wp-image-32253\" src=\"https:\/\/jorgezanoni.com.br\/2019\/wp-content\/uploads\/2020\/08\/Aparecida-meu-pai-Afonso-Moreira-Cardoso.jpg\" alt=\"\" width=\"720\" height=\"1280\" srcset=\"https:\/\/jorgezanoni.com.br\/2019\/wp-content\/uploads\/2020\/08\/Aparecida-meu-pai-Afonso-Moreira-Cardoso.jpg 720w, https:\/\/jorgezanoni.com.br\/2019\/wp-content\/uploads\/2020\/08\/Aparecida-meu-pai-Afonso-Moreira-Cardoso-169x300.jpg 169w, https:\/\/jorgezanoni.com.br\/2019\/wp-content\/uploads\/2020\/08\/Aparecida-meu-pai-Afonso-Moreira-Cardoso-576x1024.jpg 576w, https:\/\/jorgezanoni.com.br\/2019\/wp-content\/uploads\/2020\/08\/Aparecida-meu-pai-Afonso-Moreira-Cardoso-696x1237.jpg 696w, https:\/\/jorgezanoni.com.br\/2019\/wp-content\/uploads\/2020\/08\/Aparecida-meu-pai-Afonso-Moreira-Cardoso-236x420.jpg 236w\" sizes=\"auto, (max-width: 720px) 100vw, 720px\" \/>Pai Afonso Moreira Cardoso e a filha Aparecida<\/p>\n<p><img loading=\"lazy\" decoding=\"async\" class=\"alignnone size-full wp-image-32254\" src=\"https:\/\/jorgezanoni.com.br\/2019\/wp-content\/uploads\/2020\/08\/Betinho-Davis-com-os-filhos-Jo\u00e3o-Miguel-e-Ana-Laura.jpg\" alt=\"\" width=\"539\" height=\"540\" srcset=\"https:\/\/jorgezanoni.com.br\/2019\/wp-content\/uploads\/2020\/08\/Betinho-Davis-com-os-filhos-Jo\u00e3o-Miguel-e-Ana-Laura.jpg 539w, https:\/\/jorgezanoni.com.br\/2019\/wp-content\/uploads\/2020\/08\/Betinho-Davis-com-os-filhos-Jo\u00e3o-Miguel-e-Ana-Laura-300x300.jpg 300w, https:\/\/jorgezanoni.com.br\/2019\/wp-content\/uploads\/2020\/08\/Betinho-Davis-com-os-filhos-Jo\u00e3o-Miguel-e-Ana-Laura-150x150.jpg 150w, https:\/\/jorgezanoni.com.br\/2019\/wp-content\/uploads\/2020\/08\/Betinho-Davis-com-os-filhos-Jo\u00e3o-Miguel-e-Ana-Laura-419x420.jpg 419w\" sizes=\"auto, (max-width: 539px) 100vw, 539px\" \/>Pai Betinho Davis com os filhos Jo\u00e3o Miguel e Ana Laura<\/p>\n<p><img loading=\"lazy\" decoding=\"async\" class=\"alignnone size-full wp-image-32255\" src=\"https:\/\/jorgezanoni.com.br\/2019\/wp-content\/uploads\/2020\/08\/Bolinha-meu-sogro.jpg\" alt=\"\" width=\"780\" height=\"1040\" srcset=\"https:\/\/jorgezanoni.com.br\/2019\/wp-content\/uploads\/2020\/08\/Bolinha-meu-sogro.jpg 780w, https:\/\/jorgezanoni.com.br\/2019\/wp-content\/uploads\/2020\/08\/Bolinha-meu-sogro-225x300.jpg 225w, https:\/\/jorgezanoni.com.br\/2019\/wp-content\/uploads\/2020\/08\/Bolinha-meu-sogro-768x1024.jpg 768w, https:\/\/jorgezanoni.com.br\/2019\/wp-content\/uploads\/2020\/08\/Bolinha-meu-sogro-696x928.jpg 696w, https:\/\/jorgezanoni.com.br\/2019\/wp-content\/uploads\/2020\/08\/Bolinha-meu-sogro-315x420.jpg 315w\" sizes=\"auto, (max-width: 780px) 100vw, 780px\" \/>Pai Bolinha<\/p>\n<p><img loading=\"lazy\" decoding=\"async\" class=\"alignnone size-full wp-image-32256\" src=\"https:\/\/jorgezanoni.com.br\/2019\/wp-content\/uploads\/2020\/08\/C\u00edcero-Munhoz-com-suas-filhas-edmara-elusmara-.esposa-genro-.neto_.jpg\" alt=\"\" width=\"1080\" height=\"720\" srcset=\"https:\/\/jorgezanoni.com.br\/2019\/wp-content\/uploads\/2020\/08\/C\u00edcero-Munhoz-com-suas-filhas-edmara-elusmara-.esposa-genro-.neto_.jpg 1080w, https:\/\/jorgezanoni.com.br\/2019\/wp-content\/uploads\/2020\/08\/C\u00edcero-Munhoz-com-suas-filhas-edmara-elusmara-.esposa-genro-.neto_-300x200.jpg 300w, https:\/\/jorgezanoni.com.br\/2019\/wp-content\/uploads\/2020\/08\/C\u00edcero-Munhoz-com-suas-filhas-edmara-elusmara-.esposa-genro-.neto_-1024x683.jpg 1024w, https:\/\/jorgezanoni.com.br\/2019\/wp-content\/uploads\/2020\/08\/C\u00edcero-Munhoz-com-suas-filhas-edmara-elusmara-.esposa-genro-.neto_-768x512.jpg 768w, https:\/\/jorgezanoni.com.br\/2019\/wp-content\/uploads\/2020\/08\/C\u00edcero-Munhoz-com-suas-filhas-edmara-elusmara-.esposa-genro-.neto_-696x464.jpg 696w, https:\/\/jorgezanoni.com.br\/2019\/wp-content\/uploads\/2020\/08\/C\u00edcero-Munhoz-com-suas-filhas-edmara-elusmara-.esposa-genro-.neto_-1068x712.jpg 1068w, https:\/\/jorgezanoni.com.br\/2019\/wp-content\/uploads\/2020\/08\/C\u00edcero-Munhoz-com-suas-filhas-edmara-elusmara-.esposa-genro-.neto_-630x420.jpg 630w\" sizes=\"auto, (max-width: 1080px) 100vw, 1080px\" \/>Cicero Munhos com as filhas Edmara e Elusmara, esposa, genro e neto<\/p>\n<p><img loading=\"lazy\" decoding=\"async\" class=\"alignnone size-full wp-image-32257\" src=\"https:\/\/jorgezanoni.com.br\/2019\/wp-content\/uploads\/2020\/08\/Cida-Melchiades-e-pai-Miranda.jpg\" alt=\"\" width=\"622\" height=\"1280\" srcset=\"https:\/\/jorgezanoni.com.br\/2019\/wp-content\/uploads\/2020\/08\/Cida-Melchiades-e-pai-Miranda.jpg 622w, https:\/\/jorgezanoni.com.br\/2019\/wp-content\/uploads\/2020\/08\/Cida-Melchiades-e-pai-Miranda-146x300.jpg 146w, https:\/\/jorgezanoni.com.br\/2019\/wp-content\/uploads\/2020\/08\/Cida-Melchiades-e-pai-Miranda-498x1024.jpg 498w, https:\/\/jorgezanoni.com.br\/2019\/wp-content\/uploads\/2020\/08\/Cida-Melchiades-e-pai-Miranda-204x420.jpg 204w\" sizes=\"auto, (max-width: 622px) 100vw, 622px\" \/>Pai Miranda com a filha Cida Melchiades<\/p>\n<p><img loading=\"lazy\" decoding=\"async\" class=\"alignnone size-full wp-image-32258\" src=\"https:\/\/jorgezanoni.com.br\/2019\/wp-content\/uploads\/2020\/08\/Cida-meus-filhos-Eduardo-e-Vin\u00edcius-pai-Anderson-Paulo-Machado.jpg\" alt=\"\" width=\"720\" height=\"1280\" srcset=\"https:\/\/jorgezanoni.com.br\/2019\/wp-content\/uploads\/2020\/08\/Cida-meus-filhos-Eduardo-e-Vin\u00edcius-pai-Anderson-Paulo-Machado.jpg 720w, https:\/\/jorgezanoni.com.br\/2019\/wp-content\/uploads\/2020\/08\/Cida-meus-filhos-Eduardo-e-Vin\u00edcius-pai-Anderson-Paulo-Machado-169x300.jpg 169w, https:\/\/jorgezanoni.com.br\/2019\/wp-content\/uploads\/2020\/08\/Cida-meus-filhos-Eduardo-e-Vin\u00edcius-pai-Anderson-Paulo-Machado-576x1024.jpg 576w, https:\/\/jorgezanoni.com.br\/2019\/wp-content\/uploads\/2020\/08\/Cida-meus-filhos-Eduardo-e-Vin\u00edcius-pai-Anderson-Paulo-Machado-696x1237.jpg 696w, https:\/\/jorgezanoni.com.br\/2019\/wp-content\/uploads\/2020\/08\/Cida-meus-filhos-Eduardo-e-Vin\u00edcius-pai-Anderson-Paulo-Machado-236x420.jpg 236w\" sizes=\"auto, (max-width: 720px) 100vw, 720px\" \/>Pai Anderson Paulo Machado com os filhos Eduardo, vinicius e a esposa<\/p>\n<p>&nbsp;<\/p>\n<p><img loading=\"lazy\" decoding=\"async\" class=\"alignnone size-full wp-image-32259\" src=\"https:\/\/jorgezanoni.com.br\/2019\/wp-content\/uploads\/2020\/08\/Claudemir-Gregolim-segundo-pai-o-padrinho-rogerio-kato-e-naalia-gregolim.jpg\" alt=\"\" width=\"1280\" height=\"1280\" srcset=\"https:\/\/jorgezanoni.com.br\/2019\/wp-content\/uploads\/2020\/08\/Claudemir-Gregolim-segundo-pai-o-padrinho-rogerio-kato-e-naalia-gregolim.jpg 1280w, https:\/\/jorgezanoni.com.br\/2019\/wp-content\/uploads\/2020\/08\/Claudemir-Gregolim-segundo-pai-o-padrinho-rogerio-kato-e-naalia-gregolim-300x300.jpg 300w, https:\/\/jorgezanoni.com.br\/2019\/wp-content\/uploads\/2020\/08\/Claudemir-Gregolim-segundo-pai-o-padrinho-rogerio-kato-e-naalia-gregolim-1024x1024.jpg 1024w, https:\/\/jorgezanoni.com.br\/2019\/wp-content\/uploads\/2020\/08\/Claudemir-Gregolim-segundo-pai-o-padrinho-rogerio-kato-e-naalia-gregolim-150x150.jpg 150w, https:\/\/jorgezanoni.com.br\/2019\/wp-content\/uploads\/2020\/08\/Claudemir-Gregolim-segundo-pai-o-padrinho-rogerio-kato-e-naalia-gregolim-768x768.jpg 768w, https:\/\/jorgezanoni.com.br\/2019\/wp-content\/uploads\/2020\/08\/Claudemir-Gregolim-segundo-pai-o-padrinho-rogerio-kato-e-naalia-gregolim-696x696.jpg 696w, https:\/\/jorgezanoni.com.br\/2019\/wp-content\/uploads\/2020\/08\/Claudemir-Gregolim-segundo-pai-o-padrinho-rogerio-kato-e-naalia-gregolim-1068x1068.jpg 1068w, https:\/\/jorgezanoni.com.br\/2019\/wp-content\/uploads\/2020\/08\/Claudemir-Gregolim-segundo-pai-o-padrinho-rogerio-kato-e-naalia-gregolim-420x420.jpg 420w\" sizes=\"auto, (max-width: 1280px) 100vw, 1280px\" \/><\/p>\n<p><img loading=\"lazy\" decoding=\"async\" class=\"alignnone size-full wp-image-32260\" src=\"https:\/\/jorgezanoni.com.br\/2019\/wp-content\/uploads\/2020\/08\/Cristiane-e-pai-joaquim.jpg\" alt=\"\" width=\"720\" height=\"720\" srcset=\"https:\/\/jorgezanoni.com.br\/2019\/wp-content\/uploads\/2020\/08\/Cristiane-e-pai-joaquim.jpg 720w, https:\/\/jorgezanoni.com.br\/2019\/wp-content\/uploads\/2020\/08\/Cristiane-e-pai-joaquim-300x300.jpg 300w, https:\/\/jorgezanoni.com.br\/2019\/wp-content\/uploads\/2020\/08\/Cristiane-e-pai-joaquim-150x150.jpg 150w, https:\/\/jorgezanoni.com.br\/2019\/wp-content\/uploads\/2020\/08\/Cristiane-e-pai-joaquim-696x696.jpg 696w, https:\/\/jorgezanoni.com.br\/2019\/wp-content\/uploads\/2020\/08\/Cristiane-e-pai-joaquim-420x420.jpg 420w\" sizes=\"auto, (max-width: 720px) 100vw, 720px\" \/>Pai Joaquim e a filha Cristiane<\/p>\n<p><img loading=\"lazy\" decoding=\"async\" class=\"alignnone size-full wp-image-32261\" src=\"https:\/\/jorgezanoni.com.br\/2019\/wp-content\/uploads\/2020\/08\/Cristiano-com-os-filhos-Anthony-Gabriel-e-Lorenzo-Patrick.jpg\" alt=\"\" width=\"960\" height=\"1280\" srcset=\"https:\/\/jorgezanoni.com.br\/2019\/wp-content\/uploads\/2020\/08\/Cristiano-com-os-filhos-Anthony-Gabriel-e-Lorenzo-Patrick.jpg 960w, https:\/\/jorgezanoni.com.br\/2019\/wp-content\/uploads\/2020\/08\/Cristiano-com-os-filhos-Anthony-Gabriel-e-Lorenzo-Patrick-225x300.jpg 225w, https:\/\/jorgezanoni.com.br\/2019\/wp-content\/uploads\/2020\/08\/Cristiano-com-os-filhos-Anthony-Gabriel-e-Lorenzo-Patrick-768x1024.jpg 768w, https:\/\/jorgezanoni.com.br\/2019\/wp-content\/uploads\/2020\/08\/Cristiano-com-os-filhos-Anthony-Gabriel-e-Lorenzo-Patrick-696x928.jpg 696w, https:\/\/jorgezanoni.com.br\/2019\/wp-content\/uploads\/2020\/08\/Cristiano-com-os-filhos-Anthony-Gabriel-e-Lorenzo-Patrick-315x420.jpg 315w\" sizes=\"auto, (max-width: 960px) 100vw, 960px\" \/>Pai Cristiano com os filhos Anthony Gabriel e Lorenzo Patrick<\/p>\n<p><img loading=\"lazy\" decoding=\"async\" class=\"alignnone size-full wp-image-32262\" src=\"https:\/\/jorgezanoni.com.br\/2019\/wp-content\/uploads\/2020\/08\/Daia-Souza-Pai-Daniel-Gomes-m\u00e3e-Rose-Gome.jpg\" alt=\"\" width=\"774\" height=\"876\" srcset=\"https:\/\/jorgezanoni.com.br\/2019\/wp-content\/uploads\/2020\/08\/Daia-Souza-Pai-Daniel-Gomes-m\u00e3e-Rose-Gome.jpg 774w, https:\/\/jorgezanoni.com.br\/2019\/wp-content\/uploads\/2020\/08\/Daia-Souza-Pai-Daniel-Gomes-m\u00e3e-Rose-Gome-265x300.jpg 265w, https:\/\/jorgezanoni.com.br\/2019\/wp-content\/uploads\/2020\/08\/Daia-Souza-Pai-Daniel-Gomes-m\u00e3e-Rose-Gome-768x869.jpg 768w, https:\/\/jorgezanoni.com.br\/2019\/wp-content\/uploads\/2020\/08\/Daia-Souza-Pai-Daniel-Gomes-m\u00e3e-Rose-Gome-696x788.jpg 696w, https:\/\/jorgezanoni.com.br\/2019\/wp-content\/uploads\/2020\/08\/Daia-Souza-Pai-Daniel-Gomes-m\u00e3e-Rose-Gome-371x420.jpg 371w\" sizes=\"auto, (max-width: 774px) 100vw, 774px\" \/>Pai Daniel Gomes com a filha Daia Souza e esposa e a m\u00e3e Rose Gomes<\/p>\n<p><img loading=\"lazy\" decoding=\"async\" class=\"alignnone size-full wp-image-32263\" src=\"https:\/\/jorgezanoni.com.br\/2019\/wp-content\/uploads\/2020\/08\/Daiana-filla-Natanael-pai-Ana-esposa.jpg\" alt=\"\" width=\"960\" height=\"1280\" srcset=\"https:\/\/jorgezanoni.com.br\/2019\/wp-content\/uploads\/2020\/08\/Daiana-filla-Natanael-pai-Ana-esposa.jpg 960w, https:\/\/jorgezanoni.com.br\/2019\/wp-content\/uploads\/2020\/08\/Daiana-filla-Natanael-pai-Ana-esposa-225x300.jpg 225w, https:\/\/jorgezanoni.com.br\/2019\/wp-content\/uploads\/2020\/08\/Daiana-filla-Natanael-pai-Ana-esposa-768x1024.jpg 768w, https:\/\/jorgezanoni.com.br\/2019\/wp-content\/uploads\/2020\/08\/Daiana-filla-Natanael-pai-Ana-esposa-696x928.jpg 696w, https:\/\/jorgezanoni.com.br\/2019\/wp-content\/uploads\/2020\/08\/Daiana-filla-Natanael-pai-Ana-esposa-315x420.jpg 315w\" sizes=\"auto, (max-width: 960px) 100vw, 960px\" \/>Pai Natanael, filha Daiana e esposa Ana<\/p>\n<p><img loading=\"lazy\" decoding=\"async\" class=\"alignnone size-full wp-image-32264\" src=\"https:\/\/jorgezanoni.com.br\/2019\/wp-content\/uploads\/2020\/08\/Daniel-Alencar-Ricardo-Alencar-e-o-Pai-Elias-Alencar.jpg\" alt=\"\" width=\"720\" height=\"540\" srcset=\"https:\/\/jorgezanoni.com.br\/2019\/wp-content\/uploads\/2020\/08\/Daniel-Alencar-Ricardo-Alencar-e-o-Pai-Elias-Alencar.jpg 720w, https:\/\/jorgezanoni.com.br\/2019\/wp-content\/uploads\/2020\/08\/Daniel-Alencar-Ricardo-Alencar-e-o-Pai-Elias-Alencar-300x225.jpg 300w, https:\/\/jorgezanoni.com.br\/2019\/wp-content\/uploads\/2020\/08\/Daniel-Alencar-Ricardo-Alencar-e-o-Pai-Elias-Alencar-80x60.jpg 80w, https:\/\/jorgezanoni.com.br\/2019\/wp-content\/uploads\/2020\/08\/Daniel-Alencar-Ricardo-Alencar-e-o-Pai-Elias-Alencar-265x198.jpg 265w, https:\/\/jorgezanoni.com.br\/2019\/wp-content\/uploads\/2020\/08\/Daniel-Alencar-Ricardo-Alencar-e-o-Pai-Elias-Alencar-696x522.jpg 696w, https:\/\/jorgezanoni.com.br\/2019\/wp-content\/uploads\/2020\/08\/Daniel-Alencar-Ricardo-Alencar-e-o-Pai-Elias-Alencar-560x420.jpg 560w\" sizes=\"auto, (max-width: 720px) 100vw, 720px\" \/>Pai Elias Alencar com os filhos Daniel Alencar e Ricardo Alencar<\/p>\n<p><img loading=\"lazy\" decoding=\"async\" class=\"alignnone size-full wp-image-32265\" src=\"https:\/\/jorgezanoni.com.br\/2019\/wp-content\/uploads\/2020\/08\/Danilo-e-carol-papai-do-isaque.jpg\" alt=\"\" width=\"646\" height=\"1148\" srcset=\"https:\/\/jorgezanoni.com.br\/2019\/wp-content\/uploads\/2020\/08\/Danilo-e-carol-papai-do-isaque.jpg 646w, https:\/\/jorgezanoni.com.br\/2019\/wp-content\/uploads\/2020\/08\/Danilo-e-carol-papai-do-isaque-169x300.jpg 169w, https:\/\/jorgezanoni.com.br\/2019\/wp-content\/uploads\/2020\/08\/Danilo-e-carol-papai-do-isaque-576x1024.jpg 576w, https:\/\/jorgezanoni.com.br\/2019\/wp-content\/uploads\/2020\/08\/Danilo-e-carol-papai-do-isaque-236x420.jpg 236w\" sizes=\"auto, (max-width: 646px) 100vw, 646px\" \/>Pai Pai do Isaque, Danilo e Carol<\/p>\n<p><img loading=\"lazy\" decoding=\"async\" class=\"alignnone size-full wp-image-32266\" src=\"https:\/\/jorgezanoni.com.br\/2019\/wp-content\/uploads\/2020\/08\/D\u00e9bora-Jo\u00e3o-Miguel-Juliano-e-Jeisiel.-Papai-Juliano.jpg\" alt=\"\" width=\"960\" height=\"960\" srcset=\"https:\/\/jorgezanoni.com.br\/2019\/wp-content\/uploads\/2020\/08\/D\u00e9bora-Jo\u00e3o-Miguel-Juliano-e-Jeisiel.-Papai-Juliano.jpg 960w, https:\/\/jorgezanoni.com.br\/2019\/wp-content\/uploads\/2020\/08\/D\u00e9bora-Jo\u00e3o-Miguel-Juliano-e-Jeisiel.-Papai-Juliano-300x300.jpg 300w, https:\/\/jorgezanoni.com.br\/2019\/wp-content\/uploads\/2020\/08\/D\u00e9bora-Jo\u00e3o-Miguel-Juliano-e-Jeisiel.-Papai-Juliano-150x150.jpg 150w, https:\/\/jorgezanoni.com.br\/2019\/wp-content\/uploads\/2020\/08\/D\u00e9bora-Jo\u00e3o-Miguel-Juliano-e-Jeisiel.-Papai-Juliano-768x768.jpg 768w, https:\/\/jorgezanoni.com.br\/2019\/wp-content\/uploads\/2020\/08\/D\u00e9bora-Jo\u00e3o-Miguel-Juliano-e-Jeisiel.-Papai-Juliano-696x696.jpg 696w, https:\/\/jorgezanoni.com.br\/2019\/wp-content\/uploads\/2020\/08\/D\u00e9bora-Jo\u00e3o-Miguel-Juliano-e-Jeisiel.-Papai-Juliano-420x420.jpg 420w\" sizes=\"auto, (max-width: 960px) 100vw, 960px\" \/>Papai Juliano, D\u00e9bora, Jo\u00e3o Miguel, e Jeisiel<\/p>\n<p><img loading=\"lazy\" decoding=\"async\" class=\"alignnone size-full wp-image-32267\" src=\"https:\/\/jorgezanoni.com.br\/2019\/wp-content\/uploads\/2020\/08\/Dentro-do-carro-minha-mae-Diva-e-fora-eu-Sandra-com-meu-querido-pai-Odair-que-a-15-anos-foi-morar-com-Deus..-Saudades.jpg\" alt=\"\" width=\"960\" height=\"1280\" srcset=\"https:\/\/jorgezanoni.com.br\/2019\/wp-content\/uploads\/2020\/08\/Dentro-do-carro-minha-mae-Diva-e-fora-eu-Sandra-com-meu-querido-pai-Odair-que-a-15-anos-foi-morar-com-Deus..-Saudades.jpg 960w, https:\/\/jorgezanoni.com.br\/2019\/wp-content\/uploads\/2020\/08\/Dentro-do-carro-minha-mae-Diva-e-fora-eu-Sandra-com-meu-querido-pai-Odair-que-a-15-anos-foi-morar-com-Deus..-Saudades-225x300.jpg 225w, https:\/\/jorgezanoni.com.br\/2019\/wp-content\/uploads\/2020\/08\/Dentro-do-carro-minha-mae-Diva-e-fora-eu-Sandra-com-meu-querido-pai-Odair-que-a-15-anos-foi-morar-com-Deus..-Saudades-768x1024.jpg 768w, https:\/\/jorgezanoni.com.br\/2019\/wp-content\/uploads\/2020\/08\/Dentro-do-carro-minha-mae-Diva-e-fora-eu-Sandra-com-meu-querido-pai-Odair-que-a-15-anos-foi-morar-com-Deus..-Saudades-696x928.jpg 696w, https:\/\/jorgezanoni.com.br\/2019\/wp-content\/uploads\/2020\/08\/Dentro-do-carro-minha-mae-Diva-e-fora-eu-Sandra-com-meu-querido-pai-Odair-que-a-15-anos-foi-morar-com-Deus..-Saudades-315x420.jpg 315w\" sizes=\"auto, (max-width: 960px) 100vw, 960px\" \/>Pai Odair (im mem\u00f3ria) esposa Diva e a filha Sandra<\/p>\n<p>P<img loading=\"lazy\" decoding=\"async\" class=\"alignnone size-full wp-image-32268\" src=\"https:\/\/jorgezanoni.com.br\/2019\/wp-content\/uploads\/2020\/08\/Do-meu-pai-n\u00e3o-tenho.-Mas-tenho-do-Jaime-e-seus-filhos-Jo\u00e3o-Rafael-Aguiar-Franco-e-Jaine-Franco-J\u00fanior.jpg\" alt=\"\" width=\"960\" height=\"1280\" srcset=\"https:\/\/jorgezanoni.com.br\/2019\/wp-content\/uploads\/2020\/08\/Do-meu-pai-n\u00e3o-tenho.-Mas-tenho-do-Jaime-e-seus-filhos-Jo\u00e3o-Rafael-Aguiar-Franco-e-Jaine-Franco-J\u00fanior.jpg 960w, https:\/\/jorgezanoni.com.br\/2019\/wp-content\/uploads\/2020\/08\/Do-meu-pai-n\u00e3o-tenho.-Mas-tenho-do-Jaime-e-seus-filhos-Jo\u00e3o-Rafael-Aguiar-Franco-e-Jaine-Franco-J\u00fanior-225x300.jpg 225w, https:\/\/jorgezanoni.com.br\/2019\/wp-content\/uploads\/2020\/08\/Do-meu-pai-n\u00e3o-tenho.-Mas-tenho-do-Jaime-e-seus-filhos-Jo\u00e3o-Rafael-Aguiar-Franco-e-Jaine-Franco-J\u00fanior-768x1024.jpg 768w, https:\/\/jorgezanoni.com.br\/2019\/wp-content\/uploads\/2020\/08\/Do-meu-pai-n\u00e3o-tenho.-Mas-tenho-do-Jaime-e-seus-filhos-Jo\u00e3o-Rafael-Aguiar-Franco-e-Jaine-Franco-J\u00fanior-696x928.jpg 696w, https:\/\/jorgezanoni.com.br\/2019\/wp-content\/uploads\/2020\/08\/Do-meu-pai-n\u00e3o-tenho.-Mas-tenho-do-Jaime-e-seus-filhos-Jo\u00e3o-Rafael-Aguiar-Franco-e-Jaine-Franco-J\u00fanior-315x420.jpg 315w\" sizes=\"auto, (max-width: 960px) 100vw, 960px\" \/>Pai Jaime Franco (in mem\u00f3ria) com os filhos Jo\u00e3o Rafael Aguiar Franco e Jaime Franco Junior<\/p>\n<p><img loading=\"lazy\" decoding=\"async\" class=\"alignnone size-full wp-image-32269\" src=\"https:\/\/jorgezanoni.com.br\/2019\/wp-content\/uploads\/2020\/08\/Drica-e-pai.jpg\" alt=\"\" width=\"382\" height=\"544\" srcset=\"https:\/\/jorgezanoni.com.br\/2019\/wp-content\/uploads\/2020\/08\/Drica-e-pai.jpg 382w, https:\/\/jorgezanoni.com.br\/2019\/wp-content\/uploads\/2020\/08\/Drica-e-pai-211x300.jpg 211w, https:\/\/jorgezanoni.com.br\/2019\/wp-content\/uploads\/2020\/08\/Drica-e-pai-295x420.jpg 295w\" sizes=\"auto, (max-width: 382px) 100vw, 382px\" \/>Pai Lourival GB e a filha Drica<\/p>\n<p><img loading=\"lazy\" decoding=\"async\" class=\"alignnone size-full wp-image-32270\" src=\"https:\/\/jorgezanoni.com.br\/2019\/wp-content\/uploads\/2020\/08\/Eduardo-Brogin-Rufato-pai-com-Davi-Puga-Rufato-filho.jpg\" alt=\"\" width=\"552\" height=\"690\" srcset=\"https:\/\/jorgezanoni.com.br\/2019\/wp-content\/uploads\/2020\/08\/Eduardo-Brogin-Rufato-pai-com-Davi-Puga-Rufato-filho.jpg 552w, https:\/\/jorgezanoni.com.br\/2019\/wp-content\/uploads\/2020\/08\/Eduardo-Brogin-Rufato-pai-com-Davi-Puga-Rufato-filho-240x300.jpg 240w, https:\/\/jorgezanoni.com.br\/2019\/wp-content\/uploads\/2020\/08\/Eduardo-Brogin-Rufato-pai-com-Davi-Puga-Rufato-filho-336x420.jpg 336w\" sizes=\"auto, (max-width: 552px) 100vw, 552px\" \/>Pai Eduardo Brgin Rufato e o filho Davi Puga Rufato<\/p>\n<p><img loading=\"lazy\" decoding=\"async\" class=\"alignnone size-full wp-image-32271\" src=\"https:\/\/jorgezanoni.com.br\/2019\/wp-content\/uploads\/2020\/08\/Elaine-e-Domingos-Gimenez.jpg\" alt=\"\" width=\"212\" height=\"376\" srcset=\"https:\/\/jorgezanoni.com.br\/2019\/wp-content\/uploads\/2020\/08\/Elaine-e-Domingos-Gimenez.jpg 212w, https:\/\/jorgezanoni.com.br\/2019\/wp-content\/uploads\/2020\/08\/Elaine-e-Domingos-Gimenez-169x300.jpg 169w\" sizes=\"auto, (max-width: 212px) 100vw, 212px\" \/>Pai Domingos Gimenez e a filha Elaine<\/p>\n<p><img loading=\"lazy\" decoding=\"async\" class=\"alignnone size-full wp-image-32272\" src=\"https:\/\/jorgezanoni.com.br\/2019\/wp-content\/uploads\/2020\/08\/\u00c9lciopai-e-Vin\u00edcius.jpg\" alt=\"\" width=\"1280\" height=\"959\" srcset=\"https:\/\/jorgezanoni.com.br\/2019\/wp-content\/uploads\/2020\/08\/\u00c9lciopai-e-Vin\u00edcius.jpg 1280w, https:\/\/jorgezanoni.com.br\/2019\/wp-content\/uploads\/2020\/08\/\u00c9lciopai-e-Vin\u00edcius-300x225.jpg 300w, https:\/\/jorgezanoni.com.br\/2019\/wp-content\/uploads\/2020\/08\/\u00c9lciopai-e-Vin\u00edcius-1024x767.jpg 1024w, https:\/\/jorgezanoni.com.br\/2019\/wp-content\/uploads\/2020\/08\/\u00c9lciopai-e-Vin\u00edcius-768x575.jpg 768w, https:\/\/jorgezanoni.com.br\/2019\/wp-content\/uploads\/2020\/08\/\u00c9lciopai-e-Vin\u00edcius-80x60.jpg 80w, https:\/\/jorgezanoni.com.br\/2019\/wp-content\/uploads\/2020\/08\/\u00c9lciopai-e-Vin\u00edcius-265x198.jpg 265w, https:\/\/jorgezanoni.com.br\/2019\/wp-content\/uploads\/2020\/08\/\u00c9lciopai-e-Vin\u00edcius-696x521.jpg 696w, https:\/\/jorgezanoni.com.br\/2019\/wp-content\/uploads\/2020\/08\/\u00c9lciopai-e-Vin\u00edcius-1068x800.jpg 1068w, https:\/\/jorgezanoni.com.br\/2019\/wp-content\/uploads\/2020\/08\/\u00c9lciopai-e-Vin\u00edcius-561x420.jpg 561w\" sizes=\"auto, (max-width: 1280px) 100vw, 1280px\" \/>Pai Elcio com o filho Vinicius<\/p>\n<p><img loading=\"lazy\" decoding=\"async\" class=\"alignnone size-full wp-image-32273\" src=\"https:\/\/jorgezanoni.com.br\/2019\/wp-content\/uploads\/2020\/08\/Eu-Odair-Matheus-Na-foto-com-minha-vovo-Diva-e-meu-papai-Reginaldo.jpg\" alt=\"\" width=\"507\" height=\"922\" srcset=\"https:\/\/jorgezanoni.com.br\/2019\/wp-content\/uploads\/2020\/08\/Eu-Odair-Matheus-Na-foto-com-minha-vovo-Diva-e-meu-papai-Reginaldo.jpg 507w, https:\/\/jorgezanoni.com.br\/2019\/wp-content\/uploads\/2020\/08\/Eu-Odair-Matheus-Na-foto-com-minha-vovo-Diva-e-meu-papai-Reginaldo-165x300.jpg 165w, https:\/\/jorgezanoni.com.br\/2019\/wp-content\/uploads\/2020\/08\/Eu-Odair-Matheus-Na-foto-com-minha-vovo-Diva-e-meu-papai-Reginaldo-231x420.jpg 231w\" sizes=\"auto, (max-width: 507px) 100vw, 507px\" \/>Papai Reginaldo, Vov\u00f3 Diva e o filho e neto Odair Matheus<\/p>\n<p><img loading=\"lazy\" decoding=\"async\" class=\"alignnone size-full wp-image-32274\" src=\"https:\/\/jorgezanoni.com.br\/2019\/wp-content\/uploads\/2020\/08\/Fernando-com-nosso-filho-Fernandinho.jpg\" alt=\"\" width=\"921\" height=\"1032\" srcset=\"https:\/\/jorgezanoni.com.br\/2019\/wp-content\/uploads\/2020\/08\/Fernando-com-nosso-filho-Fernandinho.jpg 921w, https:\/\/jorgezanoni.com.br\/2019\/wp-content\/uploads\/2020\/08\/Fernando-com-nosso-filho-Fernandinho-268x300.jpg 268w, https:\/\/jorgezanoni.com.br\/2019\/wp-content\/uploads\/2020\/08\/Fernando-com-nosso-filho-Fernandinho-914x1024.jpg 914w, https:\/\/jorgezanoni.com.br\/2019\/wp-content\/uploads\/2020\/08\/Fernando-com-nosso-filho-Fernandinho-768x861.jpg 768w, https:\/\/jorgezanoni.com.br\/2019\/wp-content\/uploads\/2020\/08\/Fernando-com-nosso-filho-Fernandinho-696x780.jpg 696w, https:\/\/jorgezanoni.com.br\/2019\/wp-content\/uploads\/2020\/08\/Fernando-com-nosso-filho-Fernandinho-375x420.jpg 375w\" sizes=\"auto, (max-width: 921px) 100vw, 921px\" \/>Pai Fernando com o filho Fernandinho<\/p>\n<p><img loading=\"lazy\" decoding=\"async\" class=\"alignnone size-full wp-image-32275\" src=\"https:\/\/jorgezanoni.com.br\/2019\/wp-content\/uploads\/2020\/08\/Fernando-pai-da-Lara-e-do-Fernandinho.jpg\" alt=\"\" width=\"780\" height=\"1040\" srcset=\"https:\/\/jorgezanoni.com.br\/2019\/wp-content\/uploads\/2020\/08\/Fernando-pai-da-Lara-e-do-Fernandinho.jpg 780w, https:\/\/jorgezanoni.com.br\/2019\/wp-content\/uploads\/2020\/08\/Fernando-pai-da-Lara-e-do-Fernandinho-225x300.jpg 225w, https:\/\/jorgezanoni.com.br\/2019\/wp-content\/uploads\/2020\/08\/Fernando-pai-da-Lara-e-do-Fernandinho-768x1024.jpg 768w, https:\/\/jorgezanoni.com.br\/2019\/wp-content\/uploads\/2020\/08\/Fernando-pai-da-Lara-e-do-Fernandinho-696x928.jpg 696w, https:\/\/jorgezanoni.com.br\/2019\/wp-content\/uploads\/2020\/08\/Fernando-pai-da-Lara-e-do-Fernandinho-315x420.jpg 315w\" sizes=\"auto, (max-width: 780px) 100vw, 780px\" \/>Pai Fernando da filha Laura e Fernandinho<\/p>\n<p><img loading=\"lazy\" decoding=\"async\" class=\"alignnone size-full wp-image-32276\" src=\"https:\/\/jorgezanoni.com.br\/2019\/wp-content\/uploads\/2020\/08\/Filhas-kelmey-k\u00e9len-e-Pamela-Pai-Jo\u00e3o-Paro-in-memoria.jpg\" alt=\"\" width=\"720\" height=\"864\" srcset=\"https:\/\/jorgezanoni.com.br\/2019\/wp-content\/uploads\/2020\/08\/Filhas-kelmey-k\u00e9len-e-Pamela-Pai-Jo\u00e3o-Paro-in-memoria.jpg 720w, https:\/\/jorgezanoni.com.br\/2019\/wp-content\/uploads\/2020\/08\/Filhas-kelmey-k\u00e9len-e-Pamela-Pai-Jo\u00e3o-Paro-in-memoria-250x300.jpg 250w, https:\/\/jorgezanoni.com.br\/2019\/wp-content\/uploads\/2020\/08\/Filhas-kelmey-k\u00e9len-e-Pamela-Pai-Jo\u00e3o-Paro-in-memoria-696x835.jpg 696w, https:\/\/jorgezanoni.com.br\/2019\/wp-content\/uploads\/2020\/08\/Filhas-kelmey-k\u00e9len-e-Pamela-Pai-Jo\u00e3o-Paro-in-memoria-350x420.jpg 350w\" sizes=\"auto, (max-width: 720px) 100vw, 720px\" \/><\/p>\n<p>Pai Jo\u00e3o Paro (in mem\u00f3ria) com as filhas kelmey, k\u00e9len e Pamela<\/p>\n<p><img loading=\"lazy\" decoding=\"async\" class=\"alignnone size-full wp-image-32277\" src=\"https:\/\/jorgezanoni.com.br\/2019\/wp-content\/uploads\/2020\/08\/kelmey-k\u00e9len-e-Pamela.jpg\" alt=\"\" width=\"960\" height=\"1280\" srcset=\"https:\/\/jorgezanoni.com.br\/2019\/wp-content\/uploads\/2020\/08\/kelmey-k\u00e9len-e-Pamela.jpg 960w, https:\/\/jorgezanoni.com.br\/2019\/wp-content\/uploads\/2020\/08\/kelmey-k\u00e9len-e-Pamela-225x300.jpg 225w, https:\/\/jorgezanoni.com.br\/2019\/wp-content\/uploads\/2020\/08\/kelmey-k\u00e9len-e-Pamela-768x1024.jpg 768w, https:\/\/jorgezanoni.com.br\/2019\/wp-content\/uploads\/2020\/08\/kelmey-k\u00e9len-e-Pamela-696x928.jpg 696w, https:\/\/jorgezanoni.com.br\/2019\/wp-content\/uploads\/2020\/08\/kelmey-k\u00e9len-e-Pamela-315x420.jpg 315w\" sizes=\"auto, (max-width: 960px) 100vw, 960px\" \/><\/p>\n<p><img loading=\"lazy\" decoding=\"async\" class=\"alignnone size-full wp-image-32278\" src=\"https:\/\/jorgezanoni.com.br\/2019\/wp-content\/uploads\/2020\/08\/FRANCISCO-ALVES-PEREIRA..jpg\" alt=\"\" width=\"515\" height=\"725\" srcset=\"https:\/\/jorgezanoni.com.br\/2019\/wp-content\/uploads\/2020\/08\/FRANCISCO-ALVES-PEREIRA..jpg 515w, https:\/\/jorgezanoni.com.br\/2019\/wp-content\/uploads\/2020\/08\/FRANCISCO-ALVES-PEREIRA.-213x300.jpg 213w, https:\/\/jorgezanoni.com.br\/2019\/wp-content\/uploads\/2020\/08\/FRANCISCO-ALVES-PEREIRA.-298x420.jpg 298w\" sizes=\"auto, (max-width: 515px) 100vw, 515px\" \/>Pai Francisco Alves Pereira<\/p>\n<p><img loading=\"lazy\" decoding=\"async\" class=\"alignnone size-full wp-image-32279\" src=\"https:\/\/jorgezanoni.com.br\/2019\/wp-content\/uploads\/2020\/08\/Gl\u00f3ria-filhas-Roberta-Renata-e-Camila.jpg\" alt=\"\" width=\"720\" height=\"480\" srcset=\"https:\/\/jorgezanoni.com.br\/2019\/wp-content\/uploads\/2020\/08\/Gl\u00f3ria-filhas-Roberta-Renata-e-Camila.jpg 720w, https:\/\/jorgezanoni.com.br\/2019\/wp-content\/uploads\/2020\/08\/Gl\u00f3ria-filhas-Roberta-Renata-e-Camila-300x200.jpg 300w, https:\/\/jorgezanoni.com.br\/2019\/wp-content\/uploads\/2020\/08\/Gl\u00f3ria-filhas-Roberta-Renata-e-Camila-696x464.jpg 696w, https:\/\/jorgezanoni.com.br\/2019\/wp-content\/uploads\/2020\/08\/Gl\u00f3ria-filhas-Roberta-Renata-e-Camila-630x420.jpg 630w\" sizes=\"auto, (max-width: 720px) 100vw, 720px\" \/>Pai\/m\u00e3e Gl\u00f3ria com as filhas Roberta, Renata e Camila<\/p>\n<p><img loading=\"lazy\" decoding=\"async\" class=\"alignnone size-full wp-image-32280\" src=\"https:\/\/jorgezanoni.com.br\/2019\/wp-content\/uploads\/2020\/08\/Helo-Matheus-e-meu-pai-Fabiano-Matheus.jpg\" alt=\"\" width=\"369\" height=\"369\" srcset=\"https:\/\/jorgezanoni.com.br\/2019\/wp-content\/uploads\/2020\/08\/Helo-Matheus-e-meu-pai-Fabiano-Matheus.jpg 369w, https:\/\/jorgezanoni.com.br\/2019\/wp-content\/uploads\/2020\/08\/Helo-Matheus-e-meu-pai-Fabiano-Matheus-300x300.jpg 300w, https:\/\/jorgezanoni.com.br\/2019\/wp-content\/uploads\/2020\/08\/Helo-Matheus-e-meu-pai-Fabiano-Matheus-150x150.jpg 150w\" sizes=\"auto, (max-width: 369px) 100vw, 369px\" \/>Pai Fabiano Matheus com a filha Helo Matheus<\/p>\n<p><img loading=\"lazy\" decoding=\"async\" class=\"alignnone size-full wp-image-32281\" src=\"https:\/\/jorgezanoni.com.br\/2019\/wp-content\/uploads\/2020\/08\/Henrique-Matheus-m\u00e3e-Helo-Matheus-Maria-Eduarda-.com-o-pai-Emerson-Lopes.jpg\" alt=\"\" width=\"540\" height=\"960\" srcset=\"https:\/\/jorgezanoni.com.br\/2019\/wp-content\/uploads\/2020\/08\/Henrique-Matheus-m\u00e3e-Helo-Matheus-Maria-Eduarda-.com-o-pai-Emerson-Lopes.jpg 540w, https:\/\/jorgezanoni.com.br\/2019\/wp-content\/uploads\/2020\/08\/Henrique-Matheus-m\u00e3e-Helo-Matheus-Maria-Eduarda-.com-o-pai-Emerson-Lopes-169x300.jpg 169w, https:\/\/jorgezanoni.com.br\/2019\/wp-content\/uploads\/2020\/08\/Henrique-Matheus-m\u00e3e-Helo-Matheus-Maria-Eduarda-.com-o-pai-Emerson-Lopes-236x420.jpg 236w\" sizes=\"auto, (max-width: 540px) 100vw, 540px\" \/><\/p>\n<p>Emerson Lopes com a esposa Helo Matheus e filhos Henrique Matheus e Maria Eduarda<\/p>\n<p><img loading=\"lazy\" decoding=\"async\" class=\"alignnone size-full wp-image-32282\" src=\"https:\/\/jorgezanoni.com.br\/2019\/wp-content\/uploads\/2020\/08\/ieda-pai-Jamil-Rhuan-Bianca-e-Karen.jpg\" alt=\"\" width=\"1280\" height=\"719\" srcset=\"https:\/\/jorgezanoni.com.br\/2019\/wp-content\/uploads\/2020\/08\/ieda-pai-Jamil-Rhuan-Bianca-e-Karen.jpg 1280w, https:\/\/jorgezanoni.com.br\/2019\/wp-content\/uploads\/2020\/08\/ieda-pai-Jamil-Rhuan-Bianca-e-Karen-300x169.jpg 300w, https:\/\/jorgezanoni.com.br\/2019\/wp-content\/uploads\/2020\/08\/ieda-pai-Jamil-Rhuan-Bianca-e-Karen-1024x575.jpg 1024w, https:\/\/jorgezanoni.com.br\/2019\/wp-content\/uploads\/2020\/08\/ieda-pai-Jamil-Rhuan-Bianca-e-Karen-768x431.jpg 768w, https:\/\/jorgezanoni.com.br\/2019\/wp-content\/uploads\/2020\/08\/ieda-pai-Jamil-Rhuan-Bianca-e-Karen-696x391.jpg 696w, https:\/\/jorgezanoni.com.br\/2019\/wp-content\/uploads\/2020\/08\/ieda-pai-Jamil-Rhuan-Bianca-e-Karen-1068x600.jpg 1068w, https:\/\/jorgezanoni.com.br\/2019\/wp-content\/uploads\/2020\/08\/ieda-pai-Jamil-Rhuan-Bianca-e-Karen-748x420.jpg 748w\" sizes=\"auto, (max-width: 1280px) 100vw, 1280px\" \/>Pai Jamil com Ieda, Rhuan, Bianca e Karen<\/p>\n<p><img loading=\"lazy\" decoding=\"async\" class=\"alignnone size-full wp-image-32283\" src=\"https:\/\/jorgezanoni.com.br\/2019\/wp-content\/uploads\/2020\/08\/Inaia-MacedoJonas-Macedo-Ions-Macedo-e-o-pai-Inacio-Macedo.jpg\" alt=\"\" width=\"720\" height=\"960\" srcset=\"https:\/\/jorgezanoni.com.br\/2019\/wp-content\/uploads\/2020\/08\/Inaia-MacedoJonas-Macedo-Ions-Macedo-e-o-pai-Inacio-Macedo.jpg 720w, https:\/\/jorgezanoni.com.br\/2019\/wp-content\/uploads\/2020\/08\/Inaia-MacedoJonas-Macedo-Ions-Macedo-e-o-pai-Inacio-Macedo-225x300.jpg 225w, https:\/\/jorgezanoni.com.br\/2019\/wp-content\/uploads\/2020\/08\/Inaia-MacedoJonas-Macedo-Ions-Macedo-e-o-pai-Inacio-Macedo-696x928.jpg 696w, https:\/\/jorgezanoni.com.br\/2019\/wp-content\/uploads\/2020\/08\/Inaia-MacedoJonas-Macedo-Ions-Macedo-e-o-pai-Inacio-Macedo-315x420.jpg 315w\" sizes=\"auto, (max-width: 720px) 100vw, 720px\" \/>Pai Inacio Macedo com Inaia Macedo, Jonas Macedo e Ions Macedo<\/p>\n<p><img loading=\"lazy\" decoding=\"async\" class=\"alignnone size-full wp-image-32284\" src=\"https:\/\/jorgezanoni.com.br\/2019\/wp-content\/uploads\/2020\/08\/In\u00eas-Graff-esposso-Leandro-Raimundo-e-os-filhos-Rhuan-Carlos-Raphael-Fernando-e-Raphaella-Giovanna.jpg\" alt=\"\" width=\"606\" height=\"1280\" srcset=\"https:\/\/jorgezanoni.com.br\/2019\/wp-content\/uploads\/2020\/08\/In\u00eas-Graff-esposso-Leandro-Raimundo-e-os-filhos-Rhuan-Carlos-Raphael-Fernando-e-Raphaella-Giovanna.jpg 606w, https:\/\/jorgezanoni.com.br\/2019\/wp-content\/uploads\/2020\/08\/In\u00eas-Graff-esposso-Leandro-Raimundo-e-os-filhos-Rhuan-Carlos-Raphael-Fernando-e-Raphaella-Giovanna-142x300.jpg 142w, https:\/\/jorgezanoni.com.br\/2019\/wp-content\/uploads\/2020\/08\/In\u00eas-Graff-esposso-Leandro-Raimundo-e-os-filhos-Rhuan-Carlos-Raphael-Fernando-e-Raphaella-Giovanna-485x1024.jpg 485w, https:\/\/jorgezanoni.com.br\/2019\/wp-content\/uploads\/2020\/08\/In\u00eas-Graff-esposso-Leandro-Raimundo-e-os-filhos-Rhuan-Carlos-Raphael-Fernando-e-Raphaella-Giovanna-199x420.jpg 199w\" sizes=\"auto, (max-width: 606px) 100vw, 606px\" \/>Pai Leandro Raimundo com a esposa In\u00eas Graff e os filhos Rhuan Carlos, Raphael Fernando e Raphaella Giovanna<\/p>\n<p><img loading=\"lazy\" decoding=\"async\" class=\"alignnone size-full wp-image-32285\" src=\"https:\/\/jorgezanoni.com.br\/2019\/wp-content\/uploads\/2020\/08\/Isabela-com-o-pai-Cirso-Gon\u00e7alves.jpg\" alt=\"\" width=\"864\" height=\"1152\" srcset=\"https:\/\/jorgezanoni.com.br\/2019\/wp-content\/uploads\/2020\/08\/Isabela-com-o-pai-Cirso-Gon\u00e7alves.jpg 864w, https:\/\/jorgezanoni.com.br\/2019\/wp-content\/uploads\/2020\/08\/Isabela-com-o-pai-Cirso-Gon\u00e7alves-225x300.jpg 225w, https:\/\/jorgezanoni.com.br\/2019\/wp-content\/uploads\/2020\/08\/Isabela-com-o-pai-Cirso-Gon\u00e7alves-768x1024.jpg 768w, https:\/\/jorgezanoni.com.br\/2019\/wp-content\/uploads\/2020\/08\/Isabela-com-o-pai-Cirso-Gon\u00e7alves-696x928.jpg 696w, https:\/\/jorgezanoni.com.br\/2019\/wp-content\/uploads\/2020\/08\/Isabela-com-o-pai-Cirso-Gon\u00e7alves-315x420.jpg 315w\" sizes=\"auto, (max-width: 864px) 100vw, 864px\" \/>Pai Cirso Gon\u00e7alves com a filha Isabela<\/p>\n<p><img loading=\"lazy\" decoding=\"async\" class=\"alignnone size-full wp-image-32287\" src=\"https:\/\/jorgezanoni.com.br\/2019\/wp-content\/uploads\/2020\/08\/JamilIedakaremBiancaRhuan..jpg\" alt=\"\" width=\"1280\" height=\"720\" srcset=\"https:\/\/jorgezanoni.com.br\/2019\/wp-content\/uploads\/2020\/08\/JamilIedakaremBiancaRhuan..jpg 1280w, https:\/\/jorgezanoni.com.br\/2019\/wp-content\/uploads\/2020\/08\/JamilIedakaremBiancaRhuan.-300x169.jpg 300w, https:\/\/jorgezanoni.com.br\/2019\/wp-content\/uploads\/2020\/08\/JamilIedakaremBiancaRhuan.-1024x576.jpg 1024w, https:\/\/jorgezanoni.com.br\/2019\/wp-content\/uploads\/2020\/08\/JamilIedakaremBiancaRhuan.-768x432.jpg 768w, https:\/\/jorgezanoni.com.br\/2019\/wp-content\/uploads\/2020\/08\/JamilIedakaremBiancaRhuan.-696x392.jpg 696w, https:\/\/jorgezanoni.com.br\/2019\/wp-content\/uploads\/2020\/08\/JamilIedakaremBiancaRhuan.-1068x601.jpg 1068w, https:\/\/jorgezanoni.com.br\/2019\/wp-content\/uploads\/2020\/08\/JamilIedakaremBiancaRhuan.-747x420.jpg 747w\" sizes=\"auto, (max-width: 1280px) 100vw, 1280px\" \/>Pai Jamil com Ieda, karem, Bianca e Rhuan<\/p>\n<p><img loading=\"lazy\" decoding=\"async\" class=\"alignnone size-full wp-image-32288\" src=\"https:\/\/jorgezanoni.com.br\/2019\/wp-content\/uploads\/2020\/08\/Joana-ortega-e-minha-irm\u00e3-Ana-Cristina-com-meu-pai-Jo\u00e3o-Ortega.jpg\" alt=\"\" width=\"540\" height=\"1170\" srcset=\"https:\/\/jorgezanoni.com.br\/2019\/wp-content\/uploads\/2020\/08\/Joana-ortega-e-minha-irm\u00e3-Ana-Cristina-com-meu-pai-Jo\u00e3o-Ortega.jpg 540w, https:\/\/jorgezanoni.com.br\/2019\/wp-content\/uploads\/2020\/08\/Joana-ortega-e-minha-irm\u00e3-Ana-Cristina-com-meu-pai-Jo\u00e3o-Ortega-138x300.jpg 138w, https:\/\/jorgezanoni.com.br\/2019\/wp-content\/uploads\/2020\/08\/Joana-ortega-e-minha-irm\u00e3-Ana-Cristina-com-meu-pai-Jo\u00e3o-Ortega-473x1024.jpg 473w, https:\/\/jorgezanoni.com.br\/2019\/wp-content\/uploads\/2020\/08\/Joana-ortega-e-minha-irm\u00e3-Ana-Cristina-com-meu-pai-Jo\u00e3o-Ortega-194x420.jpg 194w\" sizes=\"auto, (max-width: 540px) 100vw, 540px\" \/>Pai Jo\u00e3o Ortega com as filhas Joana Ortega e Ana Cristina<\/p>\n<p><img loading=\"lazy\" decoding=\"async\" class=\"alignnone size-full wp-image-32289\" src=\"https:\/\/jorgezanoni.com.br\/2019\/wp-content\/uploads\/2020\/08\/Jo\u00e3o-Barboza-de-Santana-junior-e-Jo\u00e3o-Barboza-de-Santana.jpg\" alt=\"\" width=\"1599\" height=\"899\" srcset=\"https:\/\/jorgezanoni.com.br\/2019\/wp-content\/uploads\/2020\/08\/Jo\u00e3o-Barboza-de-Santana-junior-e-Jo\u00e3o-Barboza-de-Santana.jpg 1599w, https:\/\/jorgezanoni.com.br\/2019\/wp-content\/uploads\/2020\/08\/Jo\u00e3o-Barboza-de-Santana-junior-e-Jo\u00e3o-Barboza-de-Santana-300x169.jpg 300w, https:\/\/jorgezanoni.com.br\/2019\/wp-content\/uploads\/2020\/08\/Jo\u00e3o-Barboza-de-Santana-junior-e-Jo\u00e3o-Barboza-de-Santana-1024x576.jpg 1024w, https:\/\/jorgezanoni.com.br\/2019\/wp-content\/uploads\/2020\/08\/Jo\u00e3o-Barboza-de-Santana-junior-e-Jo\u00e3o-Barboza-de-Santana-768x432.jpg 768w, https:\/\/jorgezanoni.com.br\/2019\/wp-content\/uploads\/2020\/08\/Jo\u00e3o-Barboza-de-Santana-junior-e-Jo\u00e3o-Barboza-de-Santana-1536x864.jpg 1536w, https:\/\/jorgezanoni.com.br\/2019\/wp-content\/uploads\/2020\/08\/Jo\u00e3o-Barboza-de-Santana-junior-e-Jo\u00e3o-Barboza-de-Santana-696x391.jpg 696w, https:\/\/jorgezanoni.com.br\/2019\/wp-content\/uploads\/2020\/08\/Jo\u00e3o-Barboza-de-Santana-junior-e-Jo\u00e3o-Barboza-de-Santana-1068x600.jpg 1068w, https:\/\/jorgezanoni.com.br\/2019\/wp-content\/uploads\/2020\/08\/Jo\u00e3o-Barboza-de-Santana-junior-e-Jo\u00e3o-Barboza-de-Santana-747x420.jpg 747w\" sizes=\"auto, (max-width: 1599px) 100vw, 1599px\" \/>Pai Jo\u00e3o Barboza de Santana e o filho\u00a0 Jo\u00e3o Barboza de Santana Junior<\/p>\n<p><img loading=\"lazy\" decoding=\"async\" class=\"alignnone size-full wp-image-32290\" src=\"https:\/\/jorgezanoni.com.br\/2019\/wp-content\/uploads\/2020\/08\/Joaquim-Soares-e-a-filha-Gloria-Soares.jpg\" alt=\"\" width=\"473\" height=\"409\" srcset=\"https:\/\/jorgezanoni.com.br\/2019\/wp-content\/uploads\/2020\/08\/Joaquim-Soares-e-a-filha-Gloria-Soares.jpg 473w, https:\/\/jorgezanoni.com.br\/2019\/wp-content\/uploads\/2020\/08\/Joaquim-Soares-e-a-filha-Gloria-Soares-300x259.jpg 300w\" sizes=\"auto, (max-width: 473px) 100vw, 473px\" \/>Pai Joaquim Soares com a filha Gloria Soares<\/p>\n<p><img loading=\"lazy\" decoding=\"async\" class=\"alignnone size-full wp-image-32291\" src=\"https:\/\/jorgezanoni.com.br\/2019\/wp-content\/uploads\/2020\/08\/Jorge-boa-noite-meu-Irm\u00e3o-.Ivan-C\u00e9lia-Ivana-e-Ivo.jpg\" alt=\"\" width=\"1080\" height=\"752\" srcset=\"https:\/\/jorgezanoni.com.br\/2019\/wp-content\/uploads\/2020\/08\/Jorge-boa-noite-meu-Irm\u00e3o-.Ivan-C\u00e9lia-Ivana-e-Ivo.jpg 1080w, https:\/\/jorgezanoni.com.br\/2019\/wp-content\/uploads\/2020\/08\/Jorge-boa-noite-meu-Irm\u00e3o-.Ivan-C\u00e9lia-Ivana-e-Ivo-300x209.jpg 300w, https:\/\/jorgezanoni.com.br\/2019\/wp-content\/uploads\/2020\/08\/Jorge-boa-noite-meu-Irm\u00e3o-.Ivan-C\u00e9lia-Ivana-e-Ivo-1024x713.jpg 1024w, https:\/\/jorgezanoni.com.br\/2019\/wp-content\/uploads\/2020\/08\/Jorge-boa-noite-meu-Irm\u00e3o-.Ivan-C\u00e9lia-Ivana-e-Ivo-768x535.jpg 768w, https:\/\/jorgezanoni.com.br\/2019\/wp-content\/uploads\/2020\/08\/Jorge-boa-noite-meu-Irm\u00e3o-.Ivan-C\u00e9lia-Ivana-e-Ivo-100x70.jpg 100w, https:\/\/jorgezanoni.com.br\/2019\/wp-content\/uploads\/2020\/08\/Jorge-boa-noite-meu-Irm\u00e3o-.Ivan-C\u00e9lia-Ivana-e-Ivo-696x485.jpg 696w, https:\/\/jorgezanoni.com.br\/2019\/wp-content\/uploads\/2020\/08\/Jorge-boa-noite-meu-Irm\u00e3o-.Ivan-C\u00e9lia-Ivana-e-Ivo-1068x744.jpg 1068w, https:\/\/jorgezanoni.com.br\/2019\/wp-content\/uploads\/2020\/08\/Jorge-boa-noite-meu-Irm\u00e3o-.Ivan-C\u00e9lia-Ivana-e-Ivo-603x420.jpg 603w\" sizes=\"auto, (max-width: 1080px) 100vw, 1080px\" \/>Pai Ivan Borges com a esposa Celia e os filhos Ivana e Ivo<\/p>\n<p><img loading=\"lazy\" decoding=\"async\" class=\"alignnone size-full wp-image-32292\" src=\"https:\/\/jorgezanoni.com.br\/2019\/wp-content\/uploads\/2020\/08\/Jos\u00e9-Cancian-e-filha-Priscila.jpg\" alt=\"\" width=\"720\" height=\"540\" srcset=\"https:\/\/jorgezanoni.com.br\/2019\/wp-content\/uploads\/2020\/08\/Jos\u00e9-Cancian-e-filha-Priscila.jpg 720w, https:\/\/jorgezanoni.com.br\/2019\/wp-content\/uploads\/2020\/08\/Jos\u00e9-Cancian-e-filha-Priscila-300x225.jpg 300w, https:\/\/jorgezanoni.com.br\/2019\/wp-content\/uploads\/2020\/08\/Jos\u00e9-Cancian-e-filha-Priscila-80x60.jpg 80w, https:\/\/jorgezanoni.com.br\/2019\/wp-content\/uploads\/2020\/08\/Jos\u00e9-Cancian-e-filha-Priscila-265x198.jpg 265w, https:\/\/jorgezanoni.com.br\/2019\/wp-content\/uploads\/2020\/08\/Jos\u00e9-Cancian-e-filha-Priscila-696x522.jpg 696w, https:\/\/jorgezanoni.com.br\/2019\/wp-content\/uploads\/2020\/08\/Jos\u00e9-Cancian-e-filha-Priscila-560x420.jpg 560w\" sizes=\"auto, (max-width: 720px) 100vw, 720px\" \/>Pai Jos\u00e9 Cancian com a filha Priscila<\/p>\n<p><img loading=\"lazy\" decoding=\"async\" class=\"alignnone size-full wp-image-32293\" src=\"https:\/\/jorgezanoni.com.br\/2019\/wp-content\/uploads\/2020\/08\/Jos\u00e9-Rodrigo-Mauricio-e-a-filha-Brenda-da-Silva-Mauricio-melhor.jpg\" alt=\"\" width=\"795\" height=\"1280\" srcset=\"https:\/\/jorgezanoni.com.br\/2019\/wp-content\/uploads\/2020\/08\/Jos\u00e9-Rodrigo-Mauricio-e-a-filha-Brenda-da-Silva-Mauricio-melhor.jpg 795w, https:\/\/jorgezanoni.com.br\/2019\/wp-content\/uploads\/2020\/08\/Jos\u00e9-Rodrigo-Mauricio-e-a-filha-Brenda-da-Silva-Mauricio-melhor-186x300.jpg 186w, https:\/\/jorgezanoni.com.br\/2019\/wp-content\/uploads\/2020\/08\/Jos\u00e9-Rodrigo-Mauricio-e-a-filha-Brenda-da-Silva-Mauricio-melhor-636x1024.jpg 636w, https:\/\/jorgezanoni.com.br\/2019\/wp-content\/uploads\/2020\/08\/Jos\u00e9-Rodrigo-Mauricio-e-a-filha-Brenda-da-Silva-Mauricio-melhor-768x1237.jpg 768w, https:\/\/jorgezanoni.com.br\/2019\/wp-content\/uploads\/2020\/08\/Jos\u00e9-Rodrigo-Mauricio-e-a-filha-Brenda-da-Silva-Mauricio-melhor-696x1121.jpg 696w, https:\/\/jorgezanoni.com.br\/2019\/wp-content\/uploads\/2020\/08\/Jos\u00e9-Rodrigo-Mauricio-e-a-filha-Brenda-da-Silva-Mauricio-melhor-261x420.jpg 261w\" sizes=\"auto, (max-width: 795px) 100vw, 795px\" \/>Pai Jos\u00e9 Rodrigo Mauricio e a filha Brenda da Silva<\/p>\n<p><img loading=\"lazy\" decoding=\"async\" class=\"alignnone size-full wp-image-32294\" src=\"https:\/\/jorgezanoni.com.br\/2019\/wp-content\/uploads\/2020\/08\/Jos\u00e9-Viana-da-Silva.jpg\" alt=\"\" width=\"540\" height=\"1080\" srcset=\"https:\/\/jorgezanoni.com.br\/2019\/wp-content\/uploads\/2020\/08\/Jos\u00e9-Viana-da-Silva.jpg 540w, https:\/\/jorgezanoni.com.br\/2019\/wp-content\/uploads\/2020\/08\/Jos\u00e9-Viana-da-Silva-150x300.jpg 150w, https:\/\/jorgezanoni.com.br\/2019\/wp-content\/uploads\/2020\/08\/Jos\u00e9-Viana-da-Silva-512x1024.jpg 512w, https:\/\/jorgezanoni.com.br\/2019\/wp-content\/uploads\/2020\/08\/Jos\u00e9-Viana-da-Silva-210x420.jpg 210w\" sizes=\"auto, (max-width: 540px) 100vw, 540px\" \/>Pai Jos\u00e9 Viana da Silva<\/p>\n<p><img loading=\"lazy\" decoding=\"async\" class=\"alignnone size-full wp-image-32295\" src=\"https:\/\/jorgezanoni.com.br\/2019\/wp-content\/uploads\/2020\/08\/La\u00e9rcio-Novello-filhas-Joiane-Danieli-e-Juliane-neta-Mariane-e-esposa-Sueli.jpg\" alt=\"\" width=\"1080\" height=\"1027\" srcset=\"https:\/\/jorgezanoni.com.br\/2019\/wp-content\/uploads\/2020\/08\/La\u00e9rcio-Novello-filhas-Joiane-Danieli-e-Juliane-neta-Mariane-e-esposa-Sueli.jpg 1080w, https:\/\/jorgezanoni.com.br\/2019\/wp-content\/uploads\/2020\/08\/La\u00e9rcio-Novello-filhas-Joiane-Danieli-e-Juliane-neta-Mariane-e-esposa-Sueli-300x285.jpg 300w, https:\/\/jorgezanoni.com.br\/2019\/wp-content\/uploads\/2020\/08\/La\u00e9rcio-Novello-filhas-Joiane-Danieli-e-Juliane-neta-Mariane-e-esposa-Sueli-1024x974.jpg 1024w, https:\/\/jorgezanoni.com.br\/2019\/wp-content\/uploads\/2020\/08\/La\u00e9rcio-Novello-filhas-Joiane-Danieli-e-Juliane-neta-Mariane-e-esposa-Sueli-768x730.jpg 768w, https:\/\/jorgezanoni.com.br\/2019\/wp-content\/uploads\/2020\/08\/La\u00e9rcio-Novello-filhas-Joiane-Danieli-e-Juliane-neta-Mariane-e-esposa-Sueli-696x662.jpg 696w, https:\/\/jorgezanoni.com.br\/2019\/wp-content\/uploads\/2020\/08\/La\u00e9rcio-Novello-filhas-Joiane-Danieli-e-Juliane-neta-Mariane-e-esposa-Sueli-1068x1016.jpg 1068w, https:\/\/jorgezanoni.com.br\/2019\/wp-content\/uploads\/2020\/08\/La\u00e9rcio-Novello-filhas-Joiane-Danieli-e-Juliane-neta-Mariane-e-esposa-Sueli-442x420.jpg 442w\" sizes=\"auto, (max-width: 1080px) 100vw, 1080px\" \/>La\u00e9rcio Novello na foto com a esposa Sueli, filhas Joiane Danieli e Juliane e neta Mariane<\/p>\n<p><img loading=\"lazy\" decoding=\"async\" class=\"alignnone size-full wp-image-32296\" src=\"https:\/\/jorgezanoni.com.br\/2019\/wp-content\/uploads\/2020\/08\/Larissa-Scarabelli-Arcas-pai-M\u00e1rcio-Roberto-Arcas.jpg\" alt=\"\" width=\"426\" height=\"545\" srcset=\"https:\/\/jorgezanoni.com.br\/2019\/wp-content\/uploads\/2020\/08\/Larissa-Scarabelli-Arcas-pai-M\u00e1rcio-Roberto-Arcas.jpg 426w, https:\/\/jorgezanoni.com.br\/2019\/wp-content\/uploads\/2020\/08\/Larissa-Scarabelli-Arcas-pai-M\u00e1rcio-Roberto-Arcas-234x300.jpg 234w, https:\/\/jorgezanoni.com.br\/2019\/wp-content\/uploads\/2020\/08\/Larissa-Scarabelli-Arcas-pai-M\u00e1rcio-Roberto-Arcas-328x420.jpg 328w\" sizes=\"auto, (max-width: 426px) 100vw, 426px\" \/> Pai Roberto Arcas com a filha Larissa Scarabelli Arcas<\/p>\n<p><img loading=\"lazy\" decoding=\"async\" class=\"alignnone size-full wp-image-32297\" src=\"https:\/\/jorgezanoni.com.br\/2019\/wp-content\/uploads\/2020\/08\/Lourival-GB.jpg\" alt=\"\" width=\"720\" height=\"1280\" srcset=\"https:\/\/jorgezanoni.com.br\/2019\/wp-content\/uploads\/2020\/08\/Lourival-GB.jpg 720w, https:\/\/jorgezanoni.com.br\/2019\/wp-content\/uploads\/2020\/08\/Lourival-GB-169x300.jpg 169w, https:\/\/jorgezanoni.com.br\/2019\/wp-content\/uploads\/2020\/08\/Lourival-GB-576x1024.jpg 576w, https:\/\/jorgezanoni.com.br\/2019\/wp-content\/uploads\/2020\/08\/Lourival-GB-696x1237.jpg 696w, https:\/\/jorgezanoni.com.br\/2019\/wp-content\/uploads\/2020\/08\/Lourival-GB-236x420.jpg 236w\" sizes=\"auto, (max-width: 720px) 100vw, 720px\" \/>Pai Lourival GB<\/p>\n<p><img loading=\"lazy\" decoding=\"async\" class=\"alignnone size-full wp-image-32298\" src=\"https:\/\/jorgezanoni.com.br\/2019\/wp-content\/uploads\/2020\/08\/Luiz-Ant\u00f4nio-jacon-meu-Filho-Luiz-Paulo-e-minha-neta-Luiza.jpg\" alt=\"\" width=\"960\" height=\"1280\" srcset=\"https:\/\/jorgezanoni.com.br\/2019\/wp-content\/uploads\/2020\/08\/Luiz-Ant\u00f4nio-jacon-meu-Filho-Luiz-Paulo-e-minha-neta-Luiza.jpg 960w, https:\/\/jorgezanoni.com.br\/2019\/wp-content\/uploads\/2020\/08\/Luiz-Ant\u00f4nio-jacon-meu-Filho-Luiz-Paulo-e-minha-neta-Luiza-225x300.jpg 225w, https:\/\/jorgezanoni.com.br\/2019\/wp-content\/uploads\/2020\/08\/Luiz-Ant\u00f4nio-jacon-meu-Filho-Luiz-Paulo-e-minha-neta-Luiza-768x1024.jpg 768w, https:\/\/jorgezanoni.com.br\/2019\/wp-content\/uploads\/2020\/08\/Luiz-Ant\u00f4nio-jacon-meu-Filho-Luiz-Paulo-e-minha-neta-Luiza-696x928.jpg 696w, https:\/\/jorgezanoni.com.br\/2019\/wp-content\/uploads\/2020\/08\/Luiz-Ant\u00f4nio-jacon-meu-Filho-Luiz-Paulo-e-minha-neta-Luiza-315x420.jpg 315w\" sizes=\"auto, (max-width: 960px) 100vw, 960px\" \/>Pai Luiz Ant\u00f4nio Jacon, Filho Luiz Paulo e neta Luiza<\/p>\n<p><img loading=\"lazy\" decoding=\"async\" class=\"alignnone size-full wp-image-32299\" src=\"https:\/\/jorgezanoni.com.br\/2019\/wp-content\/uploads\/2020\/08\/M\u00e3e-pai-a-filha-Jaqueline-e-o-filho-Luiz-Henrique.jpg\" alt=\"\" width=\"577\" height=\"498\" srcset=\"https:\/\/jorgezanoni.com.br\/2019\/wp-content\/uploads\/2020\/08\/M\u00e3e-pai-a-filha-Jaqueline-e-o-filho-Luiz-Henrique.jpg 577w, https:\/\/jorgezanoni.com.br\/2019\/wp-content\/uploads\/2020\/08\/M\u00e3e-pai-a-filha-Jaqueline-e-o-filho-Luiz-Henrique-300x259.jpg 300w, https:\/\/jorgezanoni.com.br\/2019\/wp-content\/uploads\/2020\/08\/M\u00e3e-pai-a-filha-Jaqueline-e-o-filho-Luiz-Henrique-534x462.jpg 534w, https:\/\/jorgezanoni.com.br\/2019\/wp-content\/uploads\/2020\/08\/M\u00e3e-pai-a-filha-Jaqueline-e-o-filho-Luiz-Henrique-487x420.jpg 487w\" sizes=\"auto, (max-width: 577px) 100vw, 577px\" \/>Pai Luiz Fernandes, esposa e os filhos Jaqueline e Luiz Henrique<\/p>\n<p><img loading=\"lazy\" decoding=\"async\" class=\"alignnone size-full wp-image-32300\" src=\"https:\/\/jorgezanoni.com.br\/2019\/wp-content\/uploads\/2020\/08\/M\u00e3e-Joana-filha-Jaqueline-e-pai-Luiz-Fernandes.jpg\" alt=\"\" width=\"774\" height=\"1032\" srcset=\"https:\/\/jorgezanoni.com.br\/2019\/wp-content\/uploads\/2020\/08\/M\u00e3e-Joana-filha-Jaqueline-e-pai-Luiz-Fernandes.jpg 774w, https:\/\/jorgezanoni.com.br\/2019\/wp-content\/uploads\/2020\/08\/M\u00e3e-Joana-filha-Jaqueline-e-pai-Luiz-Fernandes-225x300.jpg 225w, https:\/\/jorgezanoni.com.br\/2019\/wp-content\/uploads\/2020\/08\/M\u00e3e-Joana-filha-Jaqueline-e-pai-Luiz-Fernandes-768x1024.jpg 768w, https:\/\/jorgezanoni.com.br\/2019\/wp-content\/uploads\/2020\/08\/M\u00e3e-Joana-filha-Jaqueline-e-pai-Luiz-Fernandes-696x928.jpg 696w, https:\/\/jorgezanoni.com.br\/2019\/wp-content\/uploads\/2020\/08\/M\u00e3e-Joana-filha-Jaqueline-e-pai-Luiz-Fernandes-315x420.jpg 315w\" sizes=\"auto, (max-width: 774px) 100vw, 774px\" \/>Pai Luiz Fernandes, esposa Joana e filha Jaqueline<\/p>\n<p><img loading=\"lazy\" decoding=\"async\" class=\"alignnone size-full wp-image-32301\" src=\"https:\/\/jorgezanoni.com.br\/2019\/wp-content\/uploads\/2020\/08\/Manoel-Ant\u00f4nio-Martins-mas-todos-conheciam-como-Neguinho.jpg\" alt=\"\" width=\"718\" height=\"752\" srcset=\"https:\/\/jorgezanoni.com.br\/2019\/wp-content\/uploads\/2020\/08\/Manoel-Ant\u00f4nio-Martins-mas-todos-conheciam-como-Neguinho.jpg 718w, https:\/\/jorgezanoni.com.br\/2019\/wp-content\/uploads\/2020\/08\/Manoel-Ant\u00f4nio-Martins-mas-todos-conheciam-como-Neguinho-286x300.jpg 286w, https:\/\/jorgezanoni.com.br\/2019\/wp-content\/uploads\/2020\/08\/Manoel-Ant\u00f4nio-Martins-mas-todos-conheciam-como-Neguinho-696x729.jpg 696w, https:\/\/jorgezanoni.com.br\/2019\/wp-content\/uploads\/2020\/08\/Manoel-Ant\u00f4nio-Martins-mas-todos-conheciam-como-Neguinho-401x420.jpg 401w\" sizes=\"auto, (max-width: 718px) 100vw, 718px\" \/>Pai Manoel Ant\u00f4nio Martins (Neguinho)<\/p>\n<p><img loading=\"lazy\" decoding=\"async\" class=\"alignnone size-full wp-image-32302\" src=\"https:\/\/jorgezanoni.com.br\/2019\/wp-content\/uploads\/2020\/08\/Mauro-Falc\u00e3o-com-o-filho-Santiago-Falc\u00e3o.jpg\" alt=\"\" width=\"640\" height=\"667\" srcset=\"https:\/\/jorgezanoni.com.br\/2019\/wp-content\/uploads\/2020\/08\/Mauro-Falc\u00e3o-com-o-filho-Santiago-Falc\u00e3o.jpg 640w, https:\/\/jorgezanoni.com.br\/2019\/wp-content\/uploads\/2020\/08\/Mauro-Falc\u00e3o-com-o-filho-Santiago-Falc\u00e3o-288x300.jpg 288w, https:\/\/jorgezanoni.com.br\/2019\/wp-content\/uploads\/2020\/08\/Mauro-Falc\u00e3o-com-o-filho-Santiago-Falc\u00e3o-403x420.jpg 403w\" sizes=\"auto, (max-width: 640px) 100vw, 640px\" \/>Pai Mauro Falc\u00e3o com o filho Santiago Falc\u00e3o<\/p>\n<p><img loading=\"lazy\" decoding=\"async\" class=\"alignnone size-full wp-image-32305\" src=\"https:\/\/jorgezanoni.com.br\/2019\/wp-content\/uploads\/2020\/08\/Meu-nome-Daiane-e-minha-m\u00e3e-Sonia.-1.jpg\" alt=\"\" width=\"720\" height=\"960\" srcset=\"https:\/\/jorgezanoni.com.br\/2019\/wp-content\/uploads\/2020\/08\/Meu-nome-Daiane-e-minha-m\u00e3e-Sonia.-1.jpg 720w, https:\/\/jorgezanoni.com.br\/2019\/wp-content\/uploads\/2020\/08\/Meu-nome-Daiane-e-minha-m\u00e3e-Sonia.-1-225x300.jpg 225w, https:\/\/jorgezanoni.com.br\/2019\/wp-content\/uploads\/2020\/08\/Meu-nome-Daiane-e-minha-m\u00e3e-Sonia.-1-696x928.jpg 696w, https:\/\/jorgezanoni.com.br\/2019\/wp-content\/uploads\/2020\/08\/Meu-nome-Daiane-e-minha-m\u00e3e-Sonia.-1-315x420.jpg 315w\" sizes=\"auto, (max-width: 720px) 100vw, 720px\" \/>Pai\/M\u00e3e\u00a0Sonia e a filha Daiane<\/p>\n<p><img loading=\"lazy\" decoding=\"async\" class=\"alignnone size-full wp-image-32304\" src=\"https:\/\/jorgezanoni.com.br\/2019\/wp-content\/uploads\/2020\/08\/Meu-Pai-Jair-e-eu-Kelly-Zanchin.jpg\" alt=\"\" width=\"720\" height=\"1119\" srcset=\"https:\/\/jorgezanoni.com.br\/2019\/wp-content\/uploads\/2020\/08\/Meu-Pai-Jair-e-eu-Kelly-Zanchin.jpg 720w, https:\/\/jorgezanoni.com.br\/2019\/wp-content\/uploads\/2020\/08\/Meu-Pai-Jair-e-eu-Kelly-Zanchin-193x300.jpg 193w, https:\/\/jorgezanoni.com.br\/2019\/wp-content\/uploads\/2020\/08\/Meu-Pai-Jair-e-eu-Kelly-Zanchin-659x1024.jpg 659w, https:\/\/jorgezanoni.com.br\/2019\/wp-content\/uploads\/2020\/08\/Meu-Pai-Jair-e-eu-Kelly-Zanchin-696x1082.jpg 696w, https:\/\/jorgezanoni.com.br\/2019\/wp-content\/uploads\/2020\/08\/Meu-Pai-Jair-e-eu-Kelly-Zanchin-270x420.jpg 270w\" sizes=\"auto, (max-width: 720px) 100vw, 720px\" \/>Pai Jair e a filha\u00a0 Kelly Zanchin<\/p>\n<p><img loading=\"lazy\" decoding=\"async\" class=\"alignnone size-full wp-image-32306\" src=\"https:\/\/jorgezanoni.com.br\/2019\/wp-content\/uploads\/2020\/08\/Meu-pai-Jorge-e-suas-filhas-Cristiane-e-josemari.jpg\" alt=\"\" width=\"960\" height=\"1280\" srcset=\"https:\/\/jorgezanoni.com.br\/2019\/wp-content\/uploads\/2020\/08\/Meu-pai-Jorge-e-suas-filhas-Cristiane-e-josemari.jpg 960w, https:\/\/jorgezanoni.com.br\/2019\/wp-content\/uploads\/2020\/08\/Meu-pai-Jorge-e-suas-filhas-Cristiane-e-josemari-225x300.jpg 225w, https:\/\/jorgezanoni.com.br\/2019\/wp-content\/uploads\/2020\/08\/Meu-pai-Jorge-e-suas-filhas-Cristiane-e-josemari-768x1024.jpg 768w, https:\/\/jorgezanoni.com.br\/2019\/wp-content\/uploads\/2020\/08\/Meu-pai-Jorge-e-suas-filhas-Cristiane-e-josemari-696x928.jpg 696w, https:\/\/jorgezanoni.com.br\/2019\/wp-content\/uploads\/2020\/08\/Meu-pai-Jorge-e-suas-filhas-Cristiane-e-josemari-315x420.jpg 315w\" sizes=\"auto, (max-width: 960px) 100vw, 960px\" \/>Pai Jorge com as filhas Cristiane e Josemari<\/p>\n<p><img loading=\"lazy\" decoding=\"async\" class=\"alignnone size-full wp-image-32307\" src=\"https:\/\/jorgezanoni.com.br\/2019\/wp-content\/uploads\/2020\/08\/Meu-pai-na-esquerda-Marcos-eu-no-meio-Renan-e-minha-m\u00e3e-na-direita-Adriana.jpg\" alt=\"\" width=\"553\" height=\"822\" srcset=\"https:\/\/jorgezanoni.com.br\/2019\/wp-content\/uploads\/2020\/08\/Meu-pai-na-esquerda-Marcos-eu-no-meio-Renan-e-minha-m\u00e3e-na-direita-Adriana.jpg 553w, https:\/\/jorgezanoni.com.br\/2019\/wp-content\/uploads\/2020\/08\/Meu-pai-na-esquerda-Marcos-eu-no-meio-Renan-e-minha-m\u00e3e-na-direita-Adriana-202x300.jpg 202w, https:\/\/jorgezanoni.com.br\/2019\/wp-content\/uploads\/2020\/08\/Meu-pai-na-esquerda-Marcos-eu-no-meio-Renan-e-minha-m\u00e3e-na-direita-Adriana-283x420.jpg 283w\" sizes=\"auto, (max-width: 553px) 100vw, 553px\" \/> Pai Marcos e esposa Adriana com o filho Renan<\/p>\n<p><img loading=\"lazy\" decoding=\"async\" class=\"alignnone size-full wp-image-32308\" src=\"https:\/\/jorgezanoni.com.br\/2019\/wp-content\/uploads\/2020\/08\/Meu-pai-Waldemir-conhecido-por-Marruco-junto-com-minha-m\u00e3e-Cida-e-os-netos-Victor-Lis-e-Th\u00e9o.jpg\" alt=\"\" width=\"868\" height=\"1280\" srcset=\"https:\/\/jorgezanoni.com.br\/2019\/wp-content\/uploads\/2020\/08\/Meu-pai-Waldemir-conhecido-por-Marruco-junto-com-minha-m\u00e3e-Cida-e-os-netos-Victor-Lis-e-Th\u00e9o.jpg 868w, https:\/\/jorgezanoni.com.br\/2019\/wp-content\/uploads\/2020\/08\/Meu-pai-Waldemir-conhecido-por-Marruco-junto-com-minha-m\u00e3e-Cida-e-os-netos-Victor-Lis-e-Th\u00e9o-203x300.jpg 203w, https:\/\/jorgezanoni.com.br\/2019\/wp-content\/uploads\/2020\/08\/Meu-pai-Waldemir-conhecido-por-Marruco-junto-com-minha-m\u00e3e-Cida-e-os-netos-Victor-Lis-e-Th\u00e9o-694x1024.jpg 694w, https:\/\/jorgezanoni.com.br\/2019\/wp-content\/uploads\/2020\/08\/Meu-pai-Waldemir-conhecido-por-Marruco-junto-com-minha-m\u00e3e-Cida-e-os-netos-Victor-Lis-e-Th\u00e9o-768x1133.jpg 768w, https:\/\/jorgezanoni.com.br\/2019\/wp-content\/uploads\/2020\/08\/Meu-pai-Waldemir-conhecido-por-Marruco-junto-com-minha-m\u00e3e-Cida-e-os-netos-Victor-Lis-e-Th\u00e9o-696x1026.jpg 696w, https:\/\/jorgezanoni.com.br\/2019\/wp-content\/uploads\/2020\/08\/Meu-pai-Waldemir-conhecido-por-Marruco-junto-com-minha-m\u00e3e-Cida-e-os-netos-Victor-Lis-e-Th\u00e9o-285x420.jpg 285w\" sizes=\"auto, (max-width: 868px) 100vw, 868px\" \/>Pai Valdemir (Marruco) com a esposa Cida e os netos Victor, Lis e Th\u00e9o<\/p>\n<p><img loading=\"lazy\" decoding=\"async\" class=\"alignnone size-full wp-image-32309\" src=\"https:\/\/jorgezanoni.com.br\/2019\/wp-content\/uploads\/2020\/08\/Minha-m\u00e3e-Joana-e-meu-pai-Luiz-Fernandes.jpg\" alt=\"\" width=\"1069\" height=\"1440\" srcset=\"https:\/\/jorgezanoni.com.br\/2019\/wp-content\/uploads\/2020\/08\/Minha-m\u00e3e-Joana-e-meu-pai-Luiz-Fernandes.jpg 1069w, https:\/\/jorgezanoni.com.br\/2019\/wp-content\/uploads\/2020\/08\/Minha-m\u00e3e-Joana-e-meu-pai-Luiz-Fernandes-223x300.jpg 223w, https:\/\/jorgezanoni.com.br\/2019\/wp-content\/uploads\/2020\/08\/Minha-m\u00e3e-Joana-e-meu-pai-Luiz-Fernandes-760x1024.jpg 760w, https:\/\/jorgezanoni.com.br\/2019\/wp-content\/uploads\/2020\/08\/Minha-m\u00e3e-Joana-e-meu-pai-Luiz-Fernandes-768x1035.jpg 768w, https:\/\/jorgezanoni.com.br\/2019\/wp-content\/uploads\/2020\/08\/Minha-m\u00e3e-Joana-e-meu-pai-Luiz-Fernandes-696x938.jpg 696w, https:\/\/jorgezanoni.com.br\/2019\/wp-content\/uploads\/2020\/08\/Minha-m\u00e3e-Joana-e-meu-pai-Luiz-Fernandes-312x420.jpg 312w\" sizes=\"auto, (max-width: 1069px) 100vw, 1069px\" \/>Pai Luiz Fernandes e esposa Joana<\/p>\n<p><img loading=\"lazy\" decoding=\"async\" class=\"alignnone size-full wp-image-32310\" src=\"https:\/\/jorgezanoni.com.br\/2019\/wp-content\/uploads\/2020\/08\/Minha-sogra-Dorinha-meu-filho-Eduardo-meu-sogro-S\u00e9rgio-Souza-Machado.jpg\" alt=\"\" width=\"581\" height=\"1032\" srcset=\"https:\/\/jorgezanoni.com.br\/2019\/wp-content\/uploads\/2020\/08\/Minha-sogra-Dorinha-meu-filho-Eduardo-meu-sogro-S\u00e9rgio-Souza-Machado.jpg 581w, https:\/\/jorgezanoni.com.br\/2019\/wp-content\/uploads\/2020\/08\/Minha-sogra-Dorinha-meu-filho-Eduardo-meu-sogro-S\u00e9rgio-Souza-Machado-169x300.jpg 169w, https:\/\/jorgezanoni.com.br\/2019\/wp-content\/uploads\/2020\/08\/Minha-sogra-Dorinha-meu-filho-Eduardo-meu-sogro-S\u00e9rgio-Souza-Machado-576x1024.jpg 576w, https:\/\/jorgezanoni.com.br\/2019\/wp-content\/uploads\/2020\/08\/Minha-sogra-Dorinha-meu-filho-Eduardo-meu-sogro-S\u00e9rgio-Souza-Machado-236x420.jpg 236w\" sizes=\"auto, (max-width: 581px) 100vw, 581px\" \/>Pai e av\u00f4 S\u00e9rgio Souza Machado com a esposa Dorinha e o neto Eduardo<\/p>\n<p><img loading=\"lazy\" decoding=\"async\" class=\"alignnone size-full wp-image-32311\" src=\"https:\/\/jorgezanoni.com.br\/2019\/wp-content\/uploads\/2020\/08\/Nelson-Ant\u00f4nio-de-Oliveira.jpg\" alt=\"\" width=\"720\" height=\"1280\" srcset=\"https:\/\/jorgezanoni.com.br\/2019\/wp-content\/uploads\/2020\/08\/Nelson-Ant\u00f4nio-de-Oliveira.jpg 720w, https:\/\/jorgezanoni.com.br\/2019\/wp-content\/uploads\/2020\/08\/Nelson-Ant\u00f4nio-de-Oliveira-169x300.jpg 169w, https:\/\/jorgezanoni.com.br\/2019\/wp-content\/uploads\/2020\/08\/Nelson-Ant\u00f4nio-de-Oliveira-576x1024.jpg 576w, https:\/\/jorgezanoni.com.br\/2019\/wp-content\/uploads\/2020\/08\/Nelson-Ant\u00f4nio-de-Oliveira-696x1237.jpg 696w, https:\/\/jorgezanoni.com.br\/2019\/wp-content\/uploads\/2020\/08\/Nelson-Ant\u00f4nio-de-Oliveira-236x420.jpg 236w\" sizes=\"auto, (max-width: 720px) 100vw, 720px\" \/>Pai Nelson Antonio de Oliveira<\/p>\n<p><img loading=\"lazy\" decoding=\"async\" class=\"alignnone size-full wp-image-32312\" src=\"https:\/\/jorgezanoni.com.br\/2019\/wp-content\/uploads\/2020\/08\/Nicanor-Rosa-dos-Santos...jpg\" alt=\"\" width=\"444\" height=\"841\" srcset=\"https:\/\/jorgezanoni.com.br\/2019\/wp-content\/uploads\/2020\/08\/Nicanor-Rosa-dos-Santos...jpg 444w, https:\/\/jorgezanoni.com.br\/2019\/wp-content\/uploads\/2020\/08\/Nicanor-Rosa-dos-Santos..-158x300.jpg 158w, https:\/\/jorgezanoni.com.br\/2019\/wp-content\/uploads\/2020\/08\/Nicanor-Rosa-dos-Santos..-222x420.jpg 222w\" sizes=\"auto, (max-width: 444px) 100vw, 444px\" \/>Pai Nicanor Rosa dos Santos<\/p>\n<p><img loading=\"lazy\" decoding=\"async\" class=\"alignnone size-full wp-image-32313\" src=\"https:\/\/jorgezanoni.com.br\/2019\/wp-content\/uploads\/2020\/08\/Nice-Iukio-Ishizu-e-Edna.jpg\" alt=\"\" width=\"720\" height=\"960\" srcset=\"https:\/\/jorgezanoni.com.br\/2019\/wp-content\/uploads\/2020\/08\/Nice-Iukio-Ishizu-e-Edna.jpg 720w, https:\/\/jorgezanoni.com.br\/2019\/wp-content\/uploads\/2020\/08\/Nice-Iukio-Ishizu-e-Edna-225x300.jpg 225w, https:\/\/jorgezanoni.com.br\/2019\/wp-content\/uploads\/2020\/08\/Nice-Iukio-Ishizu-e-Edna-696x928.jpg 696w, https:\/\/jorgezanoni.com.br\/2019\/wp-content\/uploads\/2020\/08\/Nice-Iukio-Ishizu-e-Edna-315x420.jpg 315w\" sizes=\"auto, (max-width: 720px) 100vw, 720px\" \/>Pai Iukio Ishizu e esposa Edna com a filha Nice<\/p>\n<p><img loading=\"lazy\" decoding=\"async\" class=\"alignnone size-full wp-image-32314\" src=\"https:\/\/jorgezanoni.com.br\/2019\/wp-content\/uploads\/2020\/08\/Nome-do-Pai-\u00e9-Fl\u00e1vio-esposa-Thamiris-filhos-Leonardo-Beatriz-e-Fl\u00e1via.jpg\" alt=\"\" width=\"960\" height=\"960\" srcset=\"https:\/\/jorgezanoni.com.br\/2019\/wp-content\/uploads\/2020\/08\/Nome-do-Pai-\u00e9-Fl\u00e1vio-esposa-Thamiris-filhos-Leonardo-Beatriz-e-Fl\u00e1via.jpg 960w, https:\/\/jorgezanoni.com.br\/2019\/wp-content\/uploads\/2020\/08\/Nome-do-Pai-\u00e9-Fl\u00e1vio-esposa-Thamiris-filhos-Leonardo-Beatriz-e-Fl\u00e1via-300x300.jpg 300w, https:\/\/jorgezanoni.com.br\/2019\/wp-content\/uploads\/2020\/08\/Nome-do-Pai-\u00e9-Fl\u00e1vio-esposa-Thamiris-filhos-Leonardo-Beatriz-e-Fl\u00e1via-150x150.jpg 150w, https:\/\/jorgezanoni.com.br\/2019\/wp-content\/uploads\/2020\/08\/Nome-do-Pai-\u00e9-Fl\u00e1vio-esposa-Thamiris-filhos-Leonardo-Beatriz-e-Fl\u00e1via-768x768.jpg 768w, https:\/\/jorgezanoni.com.br\/2019\/wp-content\/uploads\/2020\/08\/Nome-do-Pai-\u00e9-Fl\u00e1vio-esposa-Thamiris-filhos-Leonardo-Beatriz-e-Fl\u00e1via-696x696.jpg 696w, https:\/\/jorgezanoni.com.br\/2019\/wp-content\/uploads\/2020\/08\/Nome-do-Pai-\u00e9-Fl\u00e1vio-esposa-Thamiris-filhos-Leonardo-Beatriz-e-Fl\u00e1via-420x420.jpg 420w\" sizes=\"auto, (max-width: 960px) 100vw, 960px\" \/>Pai Fl\u00e1vio e a esposa Thamiris com os filhos Leonardo, Beatriz e Fl\u00e1via<\/p>\n<p><img loading=\"lazy\" decoding=\"async\" class=\"alignnone size-full wp-image-32315\" src=\"https:\/\/jorgezanoni.com.br\/2019\/wp-content\/uploads\/2020\/08\/Pai-Jo\u00e3o-Batista-e-sobrinha-Ana-L\u00edvia.jpg\" alt=\"\" width=\"720\" height=\"635\" srcset=\"https:\/\/jorgezanoni.com.br\/2019\/wp-content\/uploads\/2020\/08\/Pai-Jo\u00e3o-Batista-e-sobrinha-Ana-L\u00edvia.jpg 720w, https:\/\/jorgezanoni.com.br\/2019\/wp-content\/uploads\/2020\/08\/Pai-Jo\u00e3o-Batista-e-sobrinha-Ana-L\u00edvia-300x265.jpg 300w, https:\/\/jorgezanoni.com.br\/2019\/wp-content\/uploads\/2020\/08\/Pai-Jo\u00e3o-Batista-e-sobrinha-Ana-L\u00edvia-696x614.jpg 696w, https:\/\/jorgezanoni.com.br\/2019\/wp-content\/uploads\/2020\/08\/Pai-Jo\u00e3o-Batista-e-sobrinha-Ana-L\u00edvia-476x420.jpg 476w\" sizes=\"auto, (max-width: 720px) 100vw, 720px\" \/>Pai Jo\u00e3o Batista com a sobrinha Ana Livia<\/p>\n<p><img loading=\"lazy\" decoding=\"async\" class=\"alignnone size-full wp-image-32316\" src=\"https:\/\/jorgezanoni.com.br\/2019\/wp-content\/uploads\/2020\/08\/Pai-Almir-e-filha-Tatiana.jpg\" alt=\"\" width=\"1280\" height=\"959\" srcset=\"https:\/\/jorgezanoni.com.br\/2019\/wp-content\/uploads\/2020\/08\/Pai-Almir-e-filha-Tatiana.jpg 1280w, https:\/\/jorgezanoni.com.br\/2019\/wp-content\/uploads\/2020\/08\/Pai-Almir-e-filha-Tatiana-300x225.jpg 300w, https:\/\/jorgezanoni.com.br\/2019\/wp-content\/uploads\/2020\/08\/Pai-Almir-e-filha-Tatiana-1024x767.jpg 1024w, https:\/\/jorgezanoni.com.br\/2019\/wp-content\/uploads\/2020\/08\/Pai-Almir-e-filha-Tatiana-768x575.jpg 768w, https:\/\/jorgezanoni.com.br\/2019\/wp-content\/uploads\/2020\/08\/Pai-Almir-e-filha-Tatiana-80x60.jpg 80w, https:\/\/jorgezanoni.com.br\/2019\/wp-content\/uploads\/2020\/08\/Pai-Almir-e-filha-Tatiana-265x198.jpg 265w, https:\/\/jorgezanoni.com.br\/2019\/wp-content\/uploads\/2020\/08\/Pai-Almir-e-filha-Tatiana-696x521.jpg 696w, https:\/\/jorgezanoni.com.br\/2019\/wp-content\/uploads\/2020\/08\/Pai-Almir-e-filha-Tatiana-1068x800.jpg 1068w, https:\/\/jorgezanoni.com.br\/2019\/wp-content\/uploads\/2020\/08\/Pai-Almir-e-filha-Tatiana-561x420.jpg 561w\" sizes=\"auto, (max-width: 1280px) 100vw, 1280px\" \/>Pai Almir e filha Tatiana<\/p>\n<p><img loading=\"lazy\" decoding=\"async\" class=\"alignnone size-full wp-image-32317\" src=\"https:\/\/jorgezanoni.com.br\/2019\/wp-content\/uploads\/2020\/08\/Pai-Ataides-e-a-filha-Keli-machado.jpg\" alt=\"\" width=\"540\" height=\"720\" srcset=\"https:\/\/jorgezanoni.com.br\/2019\/wp-content\/uploads\/2020\/08\/Pai-Ataides-e-a-filha-Keli-machado.jpg 540w, https:\/\/jorgezanoni.com.br\/2019\/wp-content\/uploads\/2020\/08\/Pai-Ataides-e-a-filha-Keli-machado-225x300.jpg 225w, https:\/\/jorgezanoni.com.br\/2019\/wp-content\/uploads\/2020\/08\/Pai-Ataides-e-a-filha-Keli-machado-315x420.jpg 315w\" sizes=\"auto, (max-width: 540px) 100vw, 540px\" \/>Pai Ataides com a filha Keli Machado<\/p>\n<p><img loading=\"lazy\" decoding=\"async\" class=\"alignnone size-full wp-image-32318\" src=\"https:\/\/jorgezanoni.com.br\/2019\/wp-content\/uploads\/2020\/08\/Pai-Ataides-e-as-filhas-Suelen-Keli-e-M\u00f4nica.jpg\" alt=\"\" width=\"552\" height=\"414\" srcset=\"https:\/\/jorgezanoni.com.br\/2019\/wp-content\/uploads\/2020\/08\/Pai-Ataides-e-as-filhas-Suelen-Keli-e-M\u00f4nica.jpg 552w, https:\/\/jorgezanoni.com.br\/2019\/wp-content\/uploads\/2020\/08\/Pai-Ataides-e-as-filhas-Suelen-Keli-e-M\u00f4nica-300x225.jpg 300w, https:\/\/jorgezanoni.com.br\/2019\/wp-content\/uploads\/2020\/08\/Pai-Ataides-e-as-filhas-Suelen-Keli-e-M\u00f4nica-80x60.jpg 80w, https:\/\/jorgezanoni.com.br\/2019\/wp-content\/uploads\/2020\/08\/Pai-Ataides-e-as-filhas-Suelen-Keli-e-M\u00f4nica-265x198.jpg 265w\" sizes=\"auto, (max-width: 552px) 100vw, 552px\" \/>Pai Ataides com as filhas Suelen, Keli e M\u00f4nica<\/p>\n<p><img loading=\"lazy\" decoding=\"async\" class=\"alignnone size-full wp-image-32319\" src=\"https:\/\/jorgezanoni.com.br\/2019\/wp-content\/uploads\/2020\/08\/Pai-Chic\u00e3o...filhos-Dani-Jack-Flavia-e-Anderson.jpg\" alt=\"\" width=\"420\" height=\"441\" srcset=\"https:\/\/jorgezanoni.com.br\/2019\/wp-content\/uploads\/2020\/08\/Pai-Chic\u00e3o...filhos-Dani-Jack-Flavia-e-Anderson.jpg 420w, https:\/\/jorgezanoni.com.br\/2019\/wp-content\/uploads\/2020\/08\/Pai-Chic\u00e3o...filhos-Dani-Jack-Flavia-e-Anderson-286x300.jpg 286w, https:\/\/jorgezanoni.com.br\/2019\/wp-content\/uploads\/2020\/08\/Pai-Chic\u00e3o...filhos-Dani-Jack-Flavia-e-Anderson-400x420.jpg 400w\" sizes=\"auto, (max-width: 420px) 100vw, 420px\" \/>Pai Chic\u00e3o, filhos Dani, Jack, Flavia e Anderson<\/p>\n<p><img loading=\"lazy\" decoding=\"async\" class=\"alignnone size-full wp-image-32320\" src=\"https:\/\/jorgezanoni.com.br\/2019\/wp-content\/uploads\/2020\/08\/pai-Clemente-conhecido-como-kele-falecido-ja-a-dez-anos.jpg\" alt=\"\" width=\"338\" height=\"338\" srcset=\"https:\/\/jorgezanoni.com.br\/2019\/wp-content\/uploads\/2020\/08\/pai-Clemente-conhecido-como-kele-falecido-ja-a-dez-anos.jpg 338w, https:\/\/jorgezanoni.com.br\/2019\/wp-content\/uploads\/2020\/08\/pai-Clemente-conhecido-como-kele-falecido-ja-a-dez-anos-300x300.jpg 300w, https:\/\/jorgezanoni.com.br\/2019\/wp-content\/uploads\/2020\/08\/pai-Clemente-conhecido-como-kele-falecido-ja-a-dez-anos-150x150.jpg 150w\" sizes=\"auto, (max-width: 338px) 100vw, 338px\" \/>Pai Clemente (Kel\u00e9) (in mem\u00f3ria)<\/p>\n<p><img loading=\"lazy\" decoding=\"async\" class=\"alignnone size-full wp-image-32321\" src=\"https:\/\/jorgezanoni.com.br\/2019\/wp-content\/uploads\/2020\/08\/Pai-Daniel-Fermino-de-Oliveira.jpg\" alt=\"\" width=\"1040\" height=\"584\" srcset=\"https:\/\/jorgezanoni.com.br\/2019\/wp-content\/uploads\/2020\/08\/Pai-Daniel-Fermino-de-Oliveira.jpg 1040w, https:\/\/jorgezanoni.com.br\/2019\/wp-content\/uploads\/2020\/08\/Pai-Daniel-Fermino-de-Oliveira-300x168.jpg 300w, https:\/\/jorgezanoni.com.br\/2019\/wp-content\/uploads\/2020\/08\/Pai-Daniel-Fermino-de-Oliveira-1024x575.jpg 1024w, https:\/\/jorgezanoni.com.br\/2019\/wp-content\/uploads\/2020\/08\/Pai-Daniel-Fermino-de-Oliveira-768x431.jpg 768w, https:\/\/jorgezanoni.com.br\/2019\/wp-content\/uploads\/2020\/08\/Pai-Daniel-Fermino-de-Oliveira-696x391.jpg 696w, https:\/\/jorgezanoni.com.br\/2019\/wp-content\/uploads\/2020\/08\/Pai-Daniel-Fermino-de-Oliveira-748x420.jpg 748w\" sizes=\"auto, (max-width: 1040px) 100vw, 1040px\" \/>Pai Daniel Fermino de Oliveira<\/p>\n<p><img loading=\"lazy\" decoding=\"async\" class=\"alignnone size-full wp-image-32322\" src=\"https:\/\/jorgezanoni.com.br\/2019\/wp-content\/uploads\/2020\/08\/Pai-Eduardo-e-filha-Anandha.jpg\" alt=\"\" width=\"720\" height=\"1362\" srcset=\"https:\/\/jorgezanoni.com.br\/2019\/wp-content\/uploads\/2020\/08\/Pai-Eduardo-e-filha-Anandha.jpg 720w, https:\/\/jorgezanoni.com.br\/2019\/wp-content\/uploads\/2020\/08\/Pai-Eduardo-e-filha-Anandha-159x300.jpg 159w, https:\/\/jorgezanoni.com.br\/2019\/wp-content\/uploads\/2020\/08\/Pai-Eduardo-e-filha-Anandha-541x1024.jpg 541w, https:\/\/jorgezanoni.com.br\/2019\/wp-content\/uploads\/2020\/08\/Pai-Eduardo-e-filha-Anandha-696x1317.jpg 696w, https:\/\/jorgezanoni.com.br\/2019\/wp-content\/uploads\/2020\/08\/Pai-Eduardo-e-filha-Anandha-222x420.jpg 222w\" sizes=\"auto, (max-width: 720px) 100vw, 720px\" \/>Pai Eduardo e filha Anandha<\/p>\n<p><img loading=\"lazy\" decoding=\"async\" class=\"alignnone size-full wp-image-32323\" src=\"https:\/\/jorgezanoni.com.br\/2019\/wp-content\/uploads\/2020\/08\/Pai-Jeferson-PessoaSofia-e-Guilherme.jpg\" alt=\"\" width=\"1098\" height=\"1280\" srcset=\"https:\/\/jorgezanoni.com.br\/2019\/wp-content\/uploads\/2020\/08\/Pai-Jeferson-PessoaSofia-e-Guilherme.jpg 1098w, https:\/\/jorgezanoni.com.br\/2019\/wp-content\/uploads\/2020\/08\/Pai-Jeferson-PessoaSofia-e-Guilherme-257x300.jpg 257w, https:\/\/jorgezanoni.com.br\/2019\/wp-content\/uploads\/2020\/08\/Pai-Jeferson-PessoaSofia-e-Guilherme-878x1024.jpg 878w, https:\/\/jorgezanoni.com.br\/2019\/wp-content\/uploads\/2020\/08\/Pai-Jeferson-PessoaSofia-e-Guilherme-768x895.jpg 768w, https:\/\/jorgezanoni.com.br\/2019\/wp-content\/uploads\/2020\/08\/Pai-Jeferson-PessoaSofia-e-Guilherme-696x811.jpg 696w, https:\/\/jorgezanoni.com.br\/2019\/wp-content\/uploads\/2020\/08\/Pai-Jeferson-PessoaSofia-e-Guilherme-1068x1245.jpg 1068w, https:\/\/jorgezanoni.com.br\/2019\/wp-content\/uploads\/2020\/08\/Pai-Jeferson-PessoaSofia-e-Guilherme-360x420.jpg 360w\" sizes=\"auto, (max-width: 1098px) 100vw, 1098px\" \/>Pai Jeferson Pessoa com os filhos Sofia e Guilherme<\/p>\n<p><img loading=\"lazy\" decoding=\"async\" class=\"alignnone size-full wp-image-32324\" src=\"https:\/\/jorgezanoni.com.br\/2019\/wp-content\/uploads\/2020\/08\/pai-Jo\u00e3o-Ortega-com-a-bisneta-Alice.jpg\" alt=\"\" width=\"540\" height=\"1170\" srcset=\"https:\/\/jorgezanoni.com.br\/2019\/wp-content\/uploads\/2020\/08\/pai-Jo\u00e3o-Ortega-com-a-bisneta-Alice.jpg 540w, https:\/\/jorgezanoni.com.br\/2019\/wp-content\/uploads\/2020\/08\/pai-Jo\u00e3o-Ortega-com-a-bisneta-Alice-138x300.jpg 138w, https:\/\/jorgezanoni.com.br\/2019\/wp-content\/uploads\/2020\/08\/pai-Jo\u00e3o-Ortega-com-a-bisneta-Alice-473x1024.jpg 473w, https:\/\/jorgezanoni.com.br\/2019\/wp-content\/uploads\/2020\/08\/pai-Jo\u00e3o-Ortega-com-a-bisneta-Alice-194x420.jpg 194w\" sizes=\"auto, (max-width: 540px) 100vw, 540px\" \/>Pai Jo\u00e3o Ortega com a bisneta Alice<\/p>\n<p><img loading=\"lazy\" decoding=\"async\" class=\"alignnone size-full wp-image-32325\" src=\"https:\/\/jorgezanoni.com.br\/2019\/wp-content\/uploads\/2020\/08\/Pai-Jose-Amolaro-Cl\u00e1udia-Amolaro-Marcos-e-Rosangela-e-todos-os-netos.jpg\" alt=\"\" width=\"704\" height=\"852\" srcset=\"https:\/\/jorgezanoni.com.br\/2019\/wp-content\/uploads\/2020\/08\/Pai-Jose-Amolaro-Cl\u00e1udia-Amolaro-Marcos-e-Rosangela-e-todos-os-netos.jpg 704w, https:\/\/jorgezanoni.com.br\/2019\/wp-content\/uploads\/2020\/08\/Pai-Jose-Amolaro-Cl\u00e1udia-Amolaro-Marcos-e-Rosangela-e-todos-os-netos-248x300.jpg 248w, https:\/\/jorgezanoni.com.br\/2019\/wp-content\/uploads\/2020\/08\/Pai-Jose-Amolaro-Cl\u00e1udia-Amolaro-Marcos-e-Rosangela-e-todos-os-netos-696x842.jpg 696w, https:\/\/jorgezanoni.com.br\/2019\/wp-content\/uploads\/2020\/08\/Pai-Jose-Amolaro-Cl\u00e1udia-Amolaro-Marcos-e-Rosangela-e-todos-os-netos-347x420.jpg 347w\" sizes=\"auto, (max-width: 704px) 100vw, 704px\" \/>Pai Jose Amolaro, filhas Cl\u00e1udia Amolaro, Marcos e Rosangela e todos os netos<\/p>\n<p><img loading=\"lazy\" decoding=\"async\" class=\"alignnone size-full wp-image-32326\" src=\"https:\/\/jorgezanoni.com.br\/2019\/wp-content\/uploads\/2020\/08\/pai-Jos\u00e9-Antunes-David-e-rilha-claudineia.jpg\" alt=\"\" width=\"720\" height=\"405\" srcset=\"https:\/\/jorgezanoni.com.br\/2019\/wp-content\/uploads\/2020\/08\/pai-Jos\u00e9-Antunes-David-e-rilha-claudineia.jpg 720w, https:\/\/jorgezanoni.com.br\/2019\/wp-content\/uploads\/2020\/08\/pai-Jos\u00e9-Antunes-David-e-rilha-claudineia-300x169.jpg 300w, https:\/\/jorgezanoni.com.br\/2019\/wp-content\/uploads\/2020\/08\/pai-Jos\u00e9-Antunes-David-e-rilha-claudineia-696x392.jpg 696w\" sizes=\"auto, (max-width: 720px) 100vw, 720px\" \/>Pai Jos\u00e9 Antunes David e a filha Claudin\u00e9ia<\/p>\n<p><img loading=\"lazy\" decoding=\"async\" class=\"alignnone size-full wp-image-32327\" src=\"https:\/\/jorgezanoni.com.br\/2019\/wp-content\/uploads\/2020\/08\/Pai-Jos\u00e9-BottonTa\u00edssa-e-Laisa.jpg\" alt=\"\" width=\"960\" height=\"1280\" srcset=\"https:\/\/jorgezanoni.com.br\/2019\/wp-content\/uploads\/2020\/08\/Pai-Jos\u00e9-BottonTa\u00edssa-e-Laisa.jpg 960w, https:\/\/jorgezanoni.com.br\/2019\/wp-content\/uploads\/2020\/08\/Pai-Jos\u00e9-BottonTa\u00edssa-e-Laisa-225x300.jpg 225w, https:\/\/jorgezanoni.com.br\/2019\/wp-content\/uploads\/2020\/08\/Pai-Jos\u00e9-BottonTa\u00edssa-e-Laisa-768x1024.jpg 768w, https:\/\/jorgezanoni.com.br\/2019\/wp-content\/uploads\/2020\/08\/Pai-Jos\u00e9-BottonTa\u00edssa-e-Laisa-696x928.jpg 696w, https:\/\/jorgezanoni.com.br\/2019\/wp-content\/uploads\/2020\/08\/Pai-Jos\u00e9-BottonTa\u00edssa-e-Laisa-315x420.jpg 315w\" sizes=\"auto, (max-width: 960px) 100vw, 960px\" \/>Pai Jos\u00e9 Botton com as filhas Ta\u00edssa e Laisa<\/p>\n<p><img loading=\"lazy\" decoding=\"async\" class=\"alignnone size-full wp-image-32328\" src=\"https:\/\/jorgezanoni.com.br\/2019\/wp-content\/uploads\/2020\/08\/Pai-Jos\u00e9-Rodrigo-Mauricio-e-a-filha-Brenda-da-Silva-Mauricio.jpg\" alt=\"\" width=\"774\" height=\"1032\" srcset=\"https:\/\/jorgezanoni.com.br\/2019\/wp-content\/uploads\/2020\/08\/Pai-Jos\u00e9-Rodrigo-Mauricio-e-a-filha-Brenda-da-Silva-Mauricio.jpg 774w, https:\/\/jorgezanoni.com.br\/2019\/wp-content\/uploads\/2020\/08\/Pai-Jos\u00e9-Rodrigo-Mauricio-e-a-filha-Brenda-da-Silva-Mauricio-225x300.jpg 225w, https:\/\/jorgezanoni.com.br\/2019\/wp-content\/uploads\/2020\/08\/Pai-Jos\u00e9-Rodrigo-Mauricio-e-a-filha-Brenda-da-Silva-Mauricio-768x1024.jpg 768w, https:\/\/jorgezanoni.com.br\/2019\/wp-content\/uploads\/2020\/08\/Pai-Jos\u00e9-Rodrigo-Mauricio-e-a-filha-Brenda-da-Silva-Mauricio-696x928.jpg 696w, https:\/\/jorgezanoni.com.br\/2019\/wp-content\/uploads\/2020\/08\/Pai-Jos\u00e9-Rodrigo-Mauricio-e-a-filha-Brenda-da-Silva-Mauricio-315x420.jpg 315w\" sizes=\"auto, (max-width: 774px) 100vw, 774px\" \/>Pai Jos\u00e9 Rodrigo Mauricio e a filha Brenda da Silva Mauricio<\/p>\n<p><img loading=\"lazy\" decoding=\"async\" class=\"alignnone size-full wp-image-32330\" src=\"https:\/\/jorgezanoni.com.br\/2019\/wp-content\/uploads\/2020\/08\/Pai-J\u00fanior-com-filhos-Davi-e-Lucas.jpg\" alt=\"\" width=\"768\" height=\"1024\" srcset=\"https:\/\/jorgezanoni.com.br\/2019\/wp-content\/uploads\/2020\/08\/Pai-J\u00fanior-com-filhos-Davi-e-Lucas.jpg 768w, https:\/\/jorgezanoni.com.br\/2019\/wp-content\/uploads\/2020\/08\/Pai-J\u00fanior-com-filhos-Davi-e-Lucas-225x300.jpg 225w, https:\/\/jorgezanoni.com.br\/2019\/wp-content\/uploads\/2020\/08\/Pai-J\u00fanior-com-filhos-Davi-e-Lucas-696x928.jpg 696w, https:\/\/jorgezanoni.com.br\/2019\/wp-content\/uploads\/2020\/08\/Pai-J\u00fanior-com-filhos-Davi-e-Lucas-315x420.jpg 315w\" sizes=\"auto, (max-width: 768px) 100vw, 768px\" \/>Pai J\u00fanior com filhos Davi e Lucas<\/p>\n<p><img loading=\"lazy\" decoding=\"async\" class=\"alignnone size-full wp-image-32331\" src=\"https:\/\/jorgezanoni.com.br\/2019\/wp-content\/uploads\/2020\/08\/Pai-Leandro-m\u00e3e-Elisandra-com-os-filhos-Matheus-Leonardo-Davi-Rafael-e-noras-Eduarda-e-Luna.jpg\" alt=\"\" width=\"247\" height=\"195\" \/>\u00a0Pai Leandro e a esposa Elisandra com os filhos Matheus, Leonardo, Davi, Rafael e noras Eduarda e Luna<\/p>\n<p><img loading=\"lazy\" decoding=\"async\" class=\"alignnone size-full wp-image-32332\" src=\"https:\/\/jorgezanoni.com.br\/2019\/wp-content\/uploads\/2020\/08\/Pai-Luis-Pereirana-foto-meus-irm\u00e3os-Vagner-\u00e9-Leiaeu-Raquel-obg-bjs.jpg\" alt=\"\" width=\"720\" height=\"480\" srcset=\"https:\/\/jorgezanoni.com.br\/2019\/wp-content\/uploads\/2020\/08\/Pai-Luis-Pereirana-foto-meus-irm\u00e3os-Vagner-\u00e9-Leiaeu-Raquel-obg-bjs.jpg 720w, https:\/\/jorgezanoni.com.br\/2019\/wp-content\/uploads\/2020\/08\/Pai-Luis-Pereirana-foto-meus-irm\u00e3os-Vagner-\u00e9-Leiaeu-Raquel-obg-bjs-300x200.jpg 300w, https:\/\/jorgezanoni.com.br\/2019\/wp-content\/uploads\/2020\/08\/Pai-Luis-Pereirana-foto-meus-irm\u00e3os-Vagner-\u00e9-Leiaeu-Raquel-obg-bjs-696x464.jpg 696w, https:\/\/jorgezanoni.com.br\/2019\/wp-content\/uploads\/2020\/08\/Pai-Luis-Pereirana-foto-meus-irm\u00e3os-Vagner-\u00e9-Leiaeu-Raquel-obg-bjs-630x420.jpg 630w\" sizes=\"auto, (max-width: 720px) 100vw, 720px\" \/>Pai Luis Pereira com os filhos Vagner, Leia e Raquel<\/p>\n<p><img loading=\"lazy\" decoding=\"async\" class=\"alignnone size-full wp-image-32333\" src=\"https:\/\/jorgezanoni.com.br\/2019\/wp-content\/uploads\/2020\/08\/Pai-Luiz-Janaina-e-Daiane.jpg\" alt=\"\" width=\"774\" height=\"1032\" srcset=\"https:\/\/jorgezanoni.com.br\/2019\/wp-content\/uploads\/2020\/08\/Pai-Luiz-Janaina-e-Daiane.jpg 774w, https:\/\/jorgezanoni.com.br\/2019\/wp-content\/uploads\/2020\/08\/Pai-Luiz-Janaina-e-Daiane-225x300.jpg 225w, https:\/\/jorgezanoni.com.br\/2019\/wp-content\/uploads\/2020\/08\/Pai-Luiz-Janaina-e-Daiane-768x1024.jpg 768w, https:\/\/jorgezanoni.com.br\/2019\/wp-content\/uploads\/2020\/08\/Pai-Luiz-Janaina-e-Daiane-696x928.jpg 696w, https:\/\/jorgezanoni.com.br\/2019\/wp-content\/uploads\/2020\/08\/Pai-Luiz-Janaina-e-Daiane-315x420.jpg 315w\" sizes=\"auto, (max-width: 774px) 100vw, 774px\" \/>Pai Luiz com as filhas Janaina e Daiane<\/p>\n<p><img loading=\"lazy\" decoding=\"async\" class=\"alignnone size-full wp-image-32334\" src=\"https:\/\/jorgezanoni.com.br\/2019\/wp-content\/uploads\/2020\/08\/Pai-Manoel-Jos\u00e9-de-Souza.jpg\" alt=\"\" width=\"306\" height=\"380\" srcset=\"https:\/\/jorgezanoni.com.br\/2019\/wp-content\/uploads\/2020\/08\/Pai-Manoel-Jos\u00e9-de-Souza.jpg 306w, https:\/\/jorgezanoni.com.br\/2019\/wp-content\/uploads\/2020\/08\/Pai-Manoel-Jos\u00e9-de-Souza-242x300.jpg 242w\" sizes=\"auto, (max-width: 306px) 100vw, 306px\" \/>Pai Manoel Jos\u00e9 de Souza<\/p>\n<p><img loading=\"lazy\" decoding=\"async\" class=\"alignnone size-full wp-image-32335\" src=\"https:\/\/jorgezanoni.com.br\/2019\/wp-content\/uploads\/2020\/08\/Pai-Marcio.jpg\" alt=\"\" width=\"720\" height=\"1371\" srcset=\"https:\/\/jorgezanoni.com.br\/2019\/wp-content\/uploads\/2020\/08\/Pai-Marcio.jpg 720w, https:\/\/jorgezanoni.com.br\/2019\/wp-content\/uploads\/2020\/08\/Pai-Marcio-158x300.jpg 158w, https:\/\/jorgezanoni.com.br\/2019\/wp-content\/uploads\/2020\/08\/Pai-Marcio-538x1024.jpg 538w, https:\/\/jorgezanoni.com.br\/2019\/wp-content\/uploads\/2020\/08\/Pai-Marcio-696x1325.jpg 696w, https:\/\/jorgezanoni.com.br\/2019\/wp-content\/uploads\/2020\/08\/Pai-Marcio-221x420.jpg 221w\" sizes=\"auto, (max-width: 720px) 100vw, 720px\" \/>Pai Marcio<\/p>\n<p><img loading=\"lazy\" decoding=\"async\" class=\"alignnone size-full wp-image-32336\" src=\"https:\/\/jorgezanoni.com.br\/2019\/wp-content\/uploads\/2020\/08\/Pai-Melo-com-seus-filhos-Miriely-Dafne-e-Arthur.jpg\" alt=\"\" width=\"960\" height=\"1280\" srcset=\"https:\/\/jorgezanoni.com.br\/2019\/wp-content\/uploads\/2020\/08\/Pai-Melo-com-seus-filhos-Miriely-Dafne-e-Arthur.jpg 960w, https:\/\/jorgezanoni.com.br\/2019\/wp-content\/uploads\/2020\/08\/Pai-Melo-com-seus-filhos-Miriely-Dafne-e-Arthur-225x300.jpg 225w, https:\/\/jorgezanoni.com.br\/2019\/wp-content\/uploads\/2020\/08\/Pai-Melo-com-seus-filhos-Miriely-Dafne-e-Arthur-768x1024.jpg 768w, https:\/\/jorgezanoni.com.br\/2019\/wp-content\/uploads\/2020\/08\/Pai-Melo-com-seus-filhos-Miriely-Dafne-e-Arthur-696x928.jpg 696w, https:\/\/jorgezanoni.com.br\/2019\/wp-content\/uploads\/2020\/08\/Pai-Melo-com-seus-filhos-Miriely-Dafne-e-Arthur-315x420.jpg 315w\" sizes=\"auto, (max-width: 960px) 100vw, 960px\" \/>Pai Melo com seus filhos Miriely, Dafne e Arthur<\/p>\n<p><img loading=\"lazy\" decoding=\"async\" class=\"alignnone size-full wp-image-32337\" src=\"https:\/\/jorgezanoni.com.br\/2019\/wp-content\/uploads\/2020\/08\/Pa\u00ed-Nivaldo-m\u00e3e-S\u00f4nia-e-filhas-Rafaela-e-Giovana.jpg\" alt=\"\" width=\"1280\" height=\"960\" srcset=\"https:\/\/jorgezanoni.com.br\/2019\/wp-content\/uploads\/2020\/08\/Pa\u00ed-Nivaldo-m\u00e3e-S\u00f4nia-e-filhas-Rafaela-e-Giovana.jpg 1280w, https:\/\/jorgezanoni.com.br\/2019\/wp-content\/uploads\/2020\/08\/Pa\u00ed-Nivaldo-m\u00e3e-S\u00f4nia-e-filhas-Rafaela-e-Giovana-300x225.jpg 300w, https:\/\/jorgezanoni.com.br\/2019\/wp-content\/uploads\/2020\/08\/Pa\u00ed-Nivaldo-m\u00e3e-S\u00f4nia-e-filhas-Rafaela-e-Giovana-1024x768.jpg 1024w, https:\/\/jorgezanoni.com.br\/2019\/wp-content\/uploads\/2020\/08\/Pa\u00ed-Nivaldo-m\u00e3e-S\u00f4nia-e-filhas-Rafaela-e-Giovana-768x576.jpg 768w, https:\/\/jorgezanoni.com.br\/2019\/wp-content\/uploads\/2020\/08\/Pa\u00ed-Nivaldo-m\u00e3e-S\u00f4nia-e-filhas-Rafaela-e-Giovana-80x60.jpg 80w, https:\/\/jorgezanoni.com.br\/2019\/wp-content\/uploads\/2020\/08\/Pa\u00ed-Nivaldo-m\u00e3e-S\u00f4nia-e-filhas-Rafaela-e-Giovana-265x198.jpg 265w, https:\/\/jorgezanoni.com.br\/2019\/wp-content\/uploads\/2020\/08\/Pa\u00ed-Nivaldo-m\u00e3e-S\u00f4nia-e-filhas-Rafaela-e-Giovana-696x522.jpg 696w, https:\/\/jorgezanoni.com.br\/2019\/wp-content\/uploads\/2020\/08\/Pa\u00ed-Nivaldo-m\u00e3e-S\u00f4nia-e-filhas-Rafaela-e-Giovana-1068x801.jpg 1068w, https:\/\/jorgezanoni.com.br\/2019\/wp-content\/uploads\/2020\/08\/Pa\u00ed-Nivaldo-m\u00e3e-S\u00f4nia-e-filhas-Rafaela-e-Giovana-560x420.jpg 560w\" sizes=\"auto, (max-width: 1280px) 100vw, 1280px\" \/>Pa\u00ed Nivaldo e esposa S\u00f4nia com as filhas Rafaela e Giovana<\/p>\n<p><img loading=\"lazy\" decoding=\"async\" class=\"alignnone size-full wp-image-32338\" src=\"https:\/\/jorgezanoni.com.br\/2019\/wp-content\/uploads\/2020\/08\/Pai-Nivaldo-Ragassi-e-os-dois-filhos-Elton-Ragassi-e-Grasiele-Ragassi.jpg\" alt=\"\" width=\"868\" height=\"578\" srcset=\"https:\/\/jorgezanoni.com.br\/2019\/wp-content\/uploads\/2020\/08\/Pai-Nivaldo-Ragassi-e-os-dois-filhos-Elton-Ragassi-e-Grasiele-Ragassi.jpg 868w, https:\/\/jorgezanoni.com.br\/2019\/wp-content\/uploads\/2020\/08\/Pai-Nivaldo-Ragassi-e-os-dois-filhos-Elton-Ragassi-e-Grasiele-Ragassi-300x200.jpg 300w, https:\/\/jorgezanoni.com.br\/2019\/wp-content\/uploads\/2020\/08\/Pai-Nivaldo-Ragassi-e-os-dois-filhos-Elton-Ragassi-e-Grasiele-Ragassi-768x511.jpg 768w, https:\/\/jorgezanoni.com.br\/2019\/wp-content\/uploads\/2020\/08\/Pai-Nivaldo-Ragassi-e-os-dois-filhos-Elton-Ragassi-e-Grasiele-Ragassi-696x463.jpg 696w, https:\/\/jorgezanoni.com.br\/2019\/wp-content\/uploads\/2020\/08\/Pai-Nivaldo-Ragassi-e-os-dois-filhos-Elton-Ragassi-e-Grasiele-Ragassi-631x420.jpg 631w\" sizes=\"auto, (max-width: 868px) 100vw, 868px\" \/>Pai Nivaldo Ragassi e os filhos Elton Ragassi e Grasiele Ragassi<\/p>\n<p><img loading=\"lazy\" decoding=\"async\" class=\"alignnone size-full wp-image-32339\" src=\"https:\/\/jorgezanoni.com.br\/2019\/wp-content\/uploads\/2020\/08\/Pai-Rub\u00e9nsDaniela-e-Fabiana.jpg\" alt=\"\" width=\"960\" height=\"1280\" srcset=\"https:\/\/jorgezanoni.com.br\/2019\/wp-content\/uploads\/2020\/08\/Pai-Rub\u00e9nsDaniela-e-Fabiana.jpg 960w, https:\/\/jorgezanoni.com.br\/2019\/wp-content\/uploads\/2020\/08\/Pai-Rub\u00e9nsDaniela-e-Fabiana-225x300.jpg 225w, https:\/\/jorgezanoni.com.br\/2019\/wp-content\/uploads\/2020\/08\/Pai-Rub\u00e9nsDaniela-e-Fabiana-768x1024.jpg 768w, https:\/\/jorgezanoni.com.br\/2019\/wp-content\/uploads\/2020\/08\/Pai-Rub\u00e9nsDaniela-e-Fabiana-696x928.jpg 696w, https:\/\/jorgezanoni.com.br\/2019\/wp-content\/uploads\/2020\/08\/Pai-Rub\u00e9nsDaniela-e-Fabiana-315x420.jpg 315w\" sizes=\"auto, (max-width: 960px) 100vw, 960px\" \/>Pai Rubens com as filhas Daniela e Fabiana<\/p>\n<p><img loading=\"lazy\" decoding=\"async\" class=\"alignnone size-full wp-image-32340\" src=\"https:\/\/jorgezanoni.com.br\/2019\/wp-content\/uploads\/2020\/08\/Pai-S\u00e9rgio-filha-Hawany-e-filho-Tiago.jpg\" alt=\"\" width=\"720\" height=\"540\" srcset=\"https:\/\/jorgezanoni.com.br\/2019\/wp-content\/uploads\/2020\/08\/Pai-S\u00e9rgio-filha-Hawany-e-filho-Tiago.jpg 720w, https:\/\/jorgezanoni.com.br\/2019\/wp-content\/uploads\/2020\/08\/Pai-S\u00e9rgio-filha-Hawany-e-filho-Tiago-300x225.jpg 300w, https:\/\/jorgezanoni.com.br\/2019\/wp-content\/uploads\/2020\/08\/Pai-S\u00e9rgio-filha-Hawany-e-filho-Tiago-80x60.jpg 80w, https:\/\/jorgezanoni.com.br\/2019\/wp-content\/uploads\/2020\/08\/Pai-S\u00e9rgio-filha-Hawany-e-filho-Tiago-265x198.jpg 265w, https:\/\/jorgezanoni.com.br\/2019\/wp-content\/uploads\/2020\/08\/Pai-S\u00e9rgio-filha-Hawany-e-filho-Tiago-696x522.jpg 696w, https:\/\/jorgezanoni.com.br\/2019\/wp-content\/uploads\/2020\/08\/Pai-S\u00e9rgio-filha-Hawany-e-filho-Tiago-560x420.jpg 560w\" sizes=\"auto, (max-width: 720px) 100vw, 720px\" \/>Pai S\u00e9rgio com a filha Hawany e filho Tiago<\/p>\n<p><img loading=\"lazy\" decoding=\"async\" class=\"alignnone size-full wp-image-32341\" src=\"https:\/\/jorgezanoni.com.br\/2019\/wp-content\/uploads\/2020\/08\/Pai-Vagner-e-a-minha-filha-Ana-Laura.jpg\" alt=\"\" width=\"720\" height=\"1280\" srcset=\"https:\/\/jorgezanoni.com.br\/2019\/wp-content\/uploads\/2020\/08\/Pai-Vagner-e-a-minha-filha-Ana-Laura.jpg 720w, https:\/\/jorgezanoni.com.br\/2019\/wp-content\/uploads\/2020\/08\/Pai-Vagner-e-a-minha-filha-Ana-Laura-169x300.jpg 169w, https:\/\/jorgezanoni.com.br\/2019\/wp-content\/uploads\/2020\/08\/Pai-Vagner-e-a-minha-filha-Ana-Laura-576x1024.jpg 576w, https:\/\/jorgezanoni.com.br\/2019\/wp-content\/uploads\/2020\/08\/Pai-Vagner-e-a-minha-filha-Ana-Laura-696x1237.jpg 696w, https:\/\/jorgezanoni.com.br\/2019\/wp-content\/uploads\/2020\/08\/Pai-Vagner-e-a-minha-filha-Ana-Laura-236x420.jpg 236w\" sizes=\"auto, (max-width: 720px) 100vw, 720px\" \/>Pai Vagner e filha Ana Laura<\/p>\n<p><img loading=\"lazy\" decoding=\"async\" class=\"alignnone size-full wp-image-32342\" src=\"https:\/\/jorgezanoni.com.br\/2019\/wp-content\/uploads\/2020\/08\/pai-Valdeci-Batista-conhecido-como-Marciano.jpg\" alt=\"\" width=\"1033\" height=\"561\" srcset=\"https:\/\/jorgezanoni.com.br\/2019\/wp-content\/uploads\/2020\/08\/pai-Valdeci-Batista-conhecido-como-Marciano.jpg 1033w, https:\/\/jorgezanoni.com.br\/2019\/wp-content\/uploads\/2020\/08\/pai-Valdeci-Batista-conhecido-como-Marciano-300x163.jpg 300w, https:\/\/jorgezanoni.com.br\/2019\/wp-content\/uploads\/2020\/08\/pai-Valdeci-Batista-conhecido-como-Marciano-1024x556.jpg 1024w, https:\/\/jorgezanoni.com.br\/2019\/wp-content\/uploads\/2020\/08\/pai-Valdeci-Batista-conhecido-como-Marciano-768x417.jpg 768w, https:\/\/jorgezanoni.com.br\/2019\/wp-content\/uploads\/2020\/08\/pai-Valdeci-Batista-conhecido-como-Marciano-696x378.jpg 696w, https:\/\/jorgezanoni.com.br\/2019\/wp-content\/uploads\/2020\/08\/pai-Valdeci-Batista-conhecido-como-Marciano-773x420.jpg 773w\" sizes=\"auto, (max-width: 1033px) 100vw, 1033px\" \/>Pai Valdeci Batista (Marciano)<\/p>\n<p><img loading=\"lazy\" decoding=\"async\" class=\"alignnone size-full wp-image-32343\" src=\"https:\/\/jorgezanoni.com.br\/2019\/wp-content\/uploads\/2020\/08\/Pai-Valdemir-PessoaMilenaGisele-e-Jeferson.jpg\" alt=\"\" width=\"960\" height=\"1280\" srcset=\"https:\/\/jorgezanoni.com.br\/2019\/wp-content\/uploads\/2020\/08\/Pai-Valdemir-PessoaMilenaGisele-e-Jeferson.jpg 960w, https:\/\/jorgezanoni.com.br\/2019\/wp-content\/uploads\/2020\/08\/Pai-Valdemir-PessoaMilenaGisele-e-Jeferson-225x300.jpg 225w, https:\/\/jorgezanoni.com.br\/2019\/wp-content\/uploads\/2020\/08\/Pai-Valdemir-PessoaMilenaGisele-e-Jeferson-768x1024.jpg 768w, https:\/\/jorgezanoni.com.br\/2019\/wp-content\/uploads\/2020\/08\/Pai-Valdemir-PessoaMilenaGisele-e-Jeferson-696x928.jpg 696w, https:\/\/jorgezanoni.com.br\/2019\/wp-content\/uploads\/2020\/08\/Pai-Valdemir-PessoaMilenaGisele-e-Jeferson-315x420.jpg 315w\" sizes=\"auto, (max-width: 960px) 100vw, 960px\" \/>Pai Valdemir Pessoa e os filhos Milena,Gisele e Jeferson<\/p>\n<p><img loading=\"lazy\" decoding=\"async\" class=\"alignnone size-full wp-image-32344\" src=\"https:\/\/jorgezanoni.com.br\/2019\/wp-content\/uploads\/2020\/08\/Pai-victor-Matheus-com-seus-filhos-Ana-Livia-e-Davi.jpg\" alt=\"\" width=\"1057\" height=\"1280\" srcset=\"https:\/\/jorgezanoni.com.br\/2019\/wp-content\/uploads\/2020\/08\/Pai-victor-Matheus-com-seus-filhos-Ana-Livia-e-Davi.jpg 1057w, https:\/\/jorgezanoni.com.br\/2019\/wp-content\/uploads\/2020\/08\/Pai-victor-Matheus-com-seus-filhos-Ana-Livia-e-Davi-248x300.jpg 248w, https:\/\/jorgezanoni.com.br\/2019\/wp-content\/uploads\/2020\/08\/Pai-victor-Matheus-com-seus-filhos-Ana-Livia-e-Davi-846x1024.jpg 846w, https:\/\/jorgezanoni.com.br\/2019\/wp-content\/uploads\/2020\/08\/Pai-victor-Matheus-com-seus-filhos-Ana-Livia-e-Davi-768x930.jpg 768w, https:\/\/jorgezanoni.com.br\/2019\/wp-content\/uploads\/2020\/08\/Pai-victor-Matheus-com-seus-filhos-Ana-Livia-e-Davi-696x843.jpg 696w, https:\/\/jorgezanoni.com.br\/2019\/wp-content\/uploads\/2020\/08\/Pai-victor-Matheus-com-seus-filhos-Ana-Livia-e-Davi-347x420.jpg 347w\" sizes=\"auto, (max-width: 1057px) 100vw, 1057px\" \/>Pai Victor Matheus com os filhos Ana Livia e Davi<\/p>\n<p><img loading=\"lazy\" decoding=\"async\" class=\"alignnone size-full wp-image-32345\" src=\"https:\/\/jorgezanoni.com.br\/2019\/wp-content\/uploads\/2020\/08\/Pai-wilson.-Mam\u00e3e-Tania-filhos-Priscila-Patr\u00edcia-Poliana-Kau\u00e3.jpg\" alt=\"\" width=\"720\" height=\"478\" srcset=\"https:\/\/jorgezanoni.com.br\/2019\/wp-content\/uploads\/2020\/08\/Pai-wilson.-Mam\u00e3e-Tania-filhos-Priscila-Patr\u00edcia-Poliana-Kau\u00e3.jpg 720w, https:\/\/jorgezanoni.com.br\/2019\/wp-content\/uploads\/2020\/08\/Pai-wilson.-Mam\u00e3e-Tania-filhos-Priscila-Patr\u00edcia-Poliana-Kau\u00e3-300x199.jpg 300w, https:\/\/jorgezanoni.com.br\/2019\/wp-content\/uploads\/2020\/08\/Pai-wilson.-Mam\u00e3e-Tania-filhos-Priscila-Patr\u00edcia-Poliana-Kau\u00e3-696x462.jpg 696w, https:\/\/jorgezanoni.com.br\/2019\/wp-content\/uploads\/2020\/08\/Pai-wilson.-Mam\u00e3e-Tania-filhos-Priscila-Patr\u00edcia-Poliana-Kau\u00e3-633x420.jpg 633w\" sizes=\"auto, (max-width: 720px) 100vw, 720px\" \/>Pai Wilson e esposa Tania cm os filhos Priscila, Patr\u00edcia, Poliana e Kau\u00e3<\/p>\n<p><img loading=\"lazy\" decoding=\"async\" class=\"alignnone size-full wp-image-32346\" src=\"https:\/\/jorgezanoni.com.br\/2019\/wp-content\/uploads\/2020\/08\/Pai-Wilson.jpg\" alt=\"\" width=\"774\" height=\"1032\" srcset=\"https:\/\/jorgezanoni.com.br\/2019\/wp-content\/uploads\/2020\/08\/Pai-Wilson.jpg 774w, https:\/\/jorgezanoni.com.br\/2019\/wp-content\/uploads\/2020\/08\/Pai-Wilson-225x300.jpg 225w, https:\/\/jorgezanoni.com.br\/2019\/wp-content\/uploads\/2020\/08\/Pai-Wilson-768x1024.jpg 768w, https:\/\/jorgezanoni.com.br\/2019\/wp-content\/uploads\/2020\/08\/Pai-Wilson-696x928.jpg 696w, https:\/\/jorgezanoni.com.br\/2019\/wp-content\/uploads\/2020\/08\/Pai-Wilson-315x420.jpg 315w\" sizes=\"auto, (max-width: 774px) 100vw, 774px\" \/>Pai Wilson<\/p>\n<p><img loading=\"lazy\" decoding=\"async\" class=\"alignnone size-full wp-image-32347\" src=\"https:\/\/jorgezanoni.com.br\/2019\/wp-content\/uploads\/2020\/08\/papai-..-cristiano-pereira-com-a-filha-Helo\u00edsa-pereira.jpg\" alt=\"\" width=\"1239\" height=\"1280\" srcset=\"https:\/\/jorgezanoni.com.br\/2019\/wp-content\/uploads\/2020\/08\/papai-..-cristiano-pereira-com-a-filha-Helo\u00edsa-pereira.jpg 1239w, https:\/\/jorgezanoni.com.br\/2019\/wp-content\/uploads\/2020\/08\/papai-..-cristiano-pereira-com-a-filha-Helo\u00edsa-pereira-290x300.jpg 290w, https:\/\/jorgezanoni.com.br\/2019\/wp-content\/uploads\/2020\/08\/papai-..-cristiano-pereira-com-a-filha-Helo\u00edsa-pereira-991x1024.jpg 991w, https:\/\/jorgezanoni.com.br\/2019\/wp-content\/uploads\/2020\/08\/papai-..-cristiano-pereira-com-a-filha-Helo\u00edsa-pereira-768x793.jpg 768w, https:\/\/jorgezanoni.com.br\/2019\/wp-content\/uploads\/2020\/08\/papai-..-cristiano-pereira-com-a-filha-Helo\u00edsa-pereira-696x719.jpg 696w, https:\/\/jorgezanoni.com.br\/2019\/wp-content\/uploads\/2020\/08\/papai-..-cristiano-pereira-com-a-filha-Helo\u00edsa-pereira-1068x1103.jpg 1068w, https:\/\/jorgezanoni.com.br\/2019\/wp-content\/uploads\/2020\/08\/papai-..-cristiano-pereira-com-a-filha-Helo\u00edsa-pereira-407x420.jpg 407w\" sizes=\"auto, (max-width: 1239px) 100vw, 1239px\" \/>Pai Cristiano Pereira e a filha Heloisa<\/p>\n<p><img loading=\"lazy\" decoding=\"async\" class=\"alignnone size-full wp-image-32348\" src=\"https:\/\/jorgezanoni.com.br\/2019\/wp-content\/uploads\/2020\/08\/Papai-Cristiano-com-nossos-filhos-Anthony-Gabriel-e-Lorenzo-Patrick.jpg\" alt=\"\" width=\"1280\" height=\"720\" srcset=\"https:\/\/jorgezanoni.com.br\/2019\/wp-content\/uploads\/2020\/08\/Papai-Cristiano-com-nossos-filhos-Anthony-Gabriel-e-Lorenzo-Patrick.jpg 1280w, https:\/\/jorgezanoni.com.br\/2019\/wp-content\/uploads\/2020\/08\/Papai-Cristiano-com-nossos-filhos-Anthony-Gabriel-e-Lorenzo-Patrick-300x169.jpg 300w, https:\/\/jorgezanoni.com.br\/2019\/wp-content\/uploads\/2020\/08\/Papai-Cristiano-com-nossos-filhos-Anthony-Gabriel-e-Lorenzo-Patrick-1024x576.jpg 1024w, https:\/\/jorgezanoni.com.br\/2019\/wp-content\/uploads\/2020\/08\/Papai-Cristiano-com-nossos-filhos-Anthony-Gabriel-e-Lorenzo-Patrick-768x432.jpg 768w, https:\/\/jorgezanoni.com.br\/2019\/wp-content\/uploads\/2020\/08\/Papai-Cristiano-com-nossos-filhos-Anthony-Gabriel-e-Lorenzo-Patrick-696x392.jpg 696w, https:\/\/jorgezanoni.com.br\/2019\/wp-content\/uploads\/2020\/08\/Papai-Cristiano-com-nossos-filhos-Anthony-Gabriel-e-Lorenzo-Patrick-1068x601.jpg 1068w, https:\/\/jorgezanoni.com.br\/2019\/wp-content\/uploads\/2020\/08\/Papai-Cristiano-com-nossos-filhos-Anthony-Gabriel-e-Lorenzo-Patrick-747x420.jpg 747w\" sizes=\"auto, (max-width: 1280px) 100vw, 1280px\" \/>Pai Cristiano com os filhos Anthony Gabriel e Lorenzo Patrick<\/p>\n<p><img loading=\"lazy\" decoding=\"async\" class=\"alignnone size-full wp-image-32349\" src=\"https:\/\/jorgezanoni.com.br\/2019\/wp-content\/uploads\/2020\/08\/Papai-Douglas-Peron-com-os-filhos-Arthur-Isabela-e-Isadora-e-a-esposa-Aline-Peron.jpg\" alt=\"\" width=\"1121\" height=\"1280\" srcset=\"https:\/\/jorgezanoni.com.br\/2019\/wp-content\/uploads\/2020\/08\/Papai-Douglas-Peron-com-os-filhos-Arthur-Isabela-e-Isadora-e-a-esposa-Aline-Peron.jpg 1121w, https:\/\/jorgezanoni.com.br\/2019\/wp-content\/uploads\/2020\/08\/Papai-Douglas-Peron-com-os-filhos-Arthur-Isabela-e-Isadora-e-a-esposa-Aline-Peron-263x300.jpg 263w, https:\/\/jorgezanoni.com.br\/2019\/wp-content\/uploads\/2020\/08\/Papai-Douglas-Peron-com-os-filhos-Arthur-Isabela-e-Isadora-e-a-esposa-Aline-Peron-897x1024.jpg 897w, https:\/\/jorgezanoni.com.br\/2019\/wp-content\/uploads\/2020\/08\/Papai-Douglas-Peron-com-os-filhos-Arthur-Isabela-e-Isadora-e-a-esposa-Aline-Peron-768x877.jpg 768w, https:\/\/jorgezanoni.com.br\/2019\/wp-content\/uploads\/2020\/08\/Papai-Douglas-Peron-com-os-filhos-Arthur-Isabela-e-Isadora-e-a-esposa-Aline-Peron-696x795.jpg 696w, https:\/\/jorgezanoni.com.br\/2019\/wp-content\/uploads\/2020\/08\/Papai-Douglas-Peron-com-os-filhos-Arthur-Isabela-e-Isadora-e-a-esposa-Aline-Peron-1068x1219.jpg 1068w, https:\/\/jorgezanoni.com.br\/2019\/wp-content\/uploads\/2020\/08\/Papai-Douglas-Peron-com-os-filhos-Arthur-Isabela-e-Isadora-e-a-esposa-Aline-Peron-368x420.jpg 368w\" sizes=\"auto, (max-width: 1121px) 100vw, 1121px\" \/>Pai Douglas Peron com os filhos Arthur, Isabela e Isadora, e a esposa Aline Peron<\/p>\n<p><img loading=\"lazy\" decoding=\"async\" class=\"alignnone size-full wp-image-32350\" src=\"https:\/\/jorgezanoni.com.br\/2019\/wp-content\/uploads\/2020\/08\/Papai-Francisco-com-a-filha-Patr\u00edcia.jpg\" alt=\"\" width=\"715\" height=\"711\" srcset=\"https:\/\/jorgezanoni.com.br\/2019\/wp-content\/uploads\/2020\/08\/Papai-Francisco-com-a-filha-Patr\u00edcia.jpg 715w, https:\/\/jorgezanoni.com.br\/2019\/wp-content\/uploads\/2020\/08\/Papai-Francisco-com-a-filha-Patr\u00edcia-300x298.jpg 300w, https:\/\/jorgezanoni.com.br\/2019\/wp-content\/uploads\/2020\/08\/Papai-Francisco-com-a-filha-Patr\u00edcia-150x150.jpg 150w, https:\/\/jorgezanoni.com.br\/2019\/wp-content\/uploads\/2020\/08\/Papai-Francisco-com-a-filha-Patr\u00edcia-696x692.jpg 696w, https:\/\/jorgezanoni.com.br\/2019\/wp-content\/uploads\/2020\/08\/Papai-Francisco-com-a-filha-Patr\u00edcia-422x420.jpg 422w\" sizes=\"auto, (max-width: 715px) 100vw, 715px\" \/>Pai Francisco com a filha Patricia<\/p>\n<p><img loading=\"lazy\" decoding=\"async\" class=\"alignnone size-full wp-image-32351\" src=\"https:\/\/jorgezanoni.com.br\/2019\/wp-content\/uploads\/2020\/08\/Papai-Jair-filho-Thiago-e-filha-Rafaela.jpg\" alt=\"\" width=\"959\" height=\"1280\" srcset=\"https:\/\/jorgezanoni.com.br\/2019\/wp-content\/uploads\/2020\/08\/Papai-Jair-filho-Thiago-e-filha-Rafaela.jpg 959w, https:\/\/jorgezanoni.com.br\/2019\/wp-content\/uploads\/2020\/08\/Papai-Jair-filho-Thiago-e-filha-Rafaela-225x300.jpg 225w, https:\/\/jorgezanoni.com.br\/2019\/wp-content\/uploads\/2020\/08\/Papai-Jair-filho-Thiago-e-filha-Rafaela-767x1024.jpg 767w, https:\/\/jorgezanoni.com.br\/2019\/wp-content\/uploads\/2020\/08\/Papai-Jair-filho-Thiago-e-filha-Rafaela-768x1025.jpg 768w, https:\/\/jorgezanoni.com.br\/2019\/wp-content\/uploads\/2020\/08\/Papai-Jair-filho-Thiago-e-filha-Rafaela-696x929.jpg 696w, https:\/\/jorgezanoni.com.br\/2019\/wp-content\/uploads\/2020\/08\/Papai-Jair-filho-Thiago-e-filha-Rafaela-315x420.jpg 315w\" sizes=\"auto, (max-width: 959px) 100vw, 959px\" \/>Pai Jair com o filho Thiago e filha Rafaela e esposa<\/p>\n<p><img loading=\"lazy\" decoding=\"async\" class=\"alignnone size-full wp-image-32352\" src=\"https:\/\/jorgezanoni.com.br\/2019\/wp-content\/uploads\/2020\/08\/Papai-Paulo-Henrique-com-o-filho-Arthur-Henrique.jpg\" alt=\"\" width=\"720\" height=\"967\" srcset=\"https:\/\/jorgezanoni.com.br\/2019\/wp-content\/uploads\/2020\/08\/Papai-Paulo-Henrique-com-o-filho-Arthur-Henrique.jpg 720w, https:\/\/jorgezanoni.com.br\/2019\/wp-content\/uploads\/2020\/08\/Papai-Paulo-Henrique-com-o-filho-Arthur-Henrique-223x300.jpg 223w, https:\/\/jorgezanoni.com.br\/2019\/wp-content\/uploads\/2020\/08\/Papai-Paulo-Henrique-com-o-filho-Arthur-Henrique-696x935.jpg 696w, https:\/\/jorgezanoni.com.br\/2019\/wp-content\/uploads\/2020\/08\/Papai-Paulo-Henrique-com-o-filho-Arthur-Henrique-313x420.jpg 313w\" sizes=\"auto, (max-width: 720px) 100vw, 720px\" \/>Pai Paulo Henrique com o filho Arthur Henrique<\/p>\n<p><img loading=\"lazy\" decoding=\"async\" class=\"alignnone size-full wp-image-32353\" src=\"https:\/\/jorgezanoni.com.br\/2019\/wp-content\/uploads\/2020\/08\/Papai-Pedro-jacon-filhos-Sebasti\u00e3o-Luiz-Leonor-Neuza-e-Fl\u00e1via.jpg\" alt=\"\" width=\"1152\" height=\"864\" srcset=\"https:\/\/jorgezanoni.com.br\/2019\/wp-content\/uploads\/2020\/08\/Papai-Pedro-jacon-filhos-Sebasti\u00e3o-Luiz-Leonor-Neuza-e-Fl\u00e1via.jpg 1152w, https:\/\/jorgezanoni.com.br\/2019\/wp-content\/uploads\/2020\/08\/Papai-Pedro-jacon-filhos-Sebasti\u00e3o-Luiz-Leonor-Neuza-e-Fl\u00e1via-300x225.jpg 300w, https:\/\/jorgezanoni.com.br\/2019\/wp-content\/uploads\/2020\/08\/Papai-Pedro-jacon-filhos-Sebasti\u00e3o-Luiz-Leonor-Neuza-e-Fl\u00e1via-1024x768.jpg 1024w, https:\/\/jorgezanoni.com.br\/2019\/wp-content\/uploads\/2020\/08\/Papai-Pedro-jacon-filhos-Sebasti\u00e3o-Luiz-Leonor-Neuza-e-Fl\u00e1via-768x576.jpg 768w, https:\/\/jorgezanoni.com.br\/2019\/wp-content\/uploads\/2020\/08\/Papai-Pedro-jacon-filhos-Sebasti\u00e3o-Luiz-Leonor-Neuza-e-Fl\u00e1via-80x60.jpg 80w, https:\/\/jorgezanoni.com.br\/2019\/wp-content\/uploads\/2020\/08\/Papai-Pedro-jacon-filhos-Sebasti\u00e3o-Luiz-Leonor-Neuza-e-Fl\u00e1via-265x198.jpg 265w, https:\/\/jorgezanoni.com.br\/2019\/wp-content\/uploads\/2020\/08\/Papai-Pedro-jacon-filhos-Sebasti\u00e3o-Luiz-Leonor-Neuza-e-Fl\u00e1via-696x522.jpg 696w, https:\/\/jorgezanoni.com.br\/2019\/wp-content\/uploads\/2020\/08\/Papai-Pedro-jacon-filhos-Sebasti\u00e3o-Luiz-Leonor-Neuza-e-Fl\u00e1via-1068x801.jpg 1068w, https:\/\/jorgezanoni.com.br\/2019\/wp-content\/uploads\/2020\/08\/Papai-Pedro-jacon-filhos-Sebasti\u00e3o-Luiz-Leonor-Neuza-e-Fl\u00e1via-560x420.jpg 560w\" sizes=\"auto, (max-width: 1152px) 100vw, 1152px\" \/>Pai Pedro Jacon com os filhos Sebasti\u00e3o, Luiz, Leonor, Neuza e Fl\u00e1via<\/p>\n<p><img loading=\"lazy\" decoding=\"async\" class=\"alignnone size-full wp-image-32354\" src=\"https:\/\/jorgezanoni.com.br\/2019\/wp-content\/uploads\/2020\/08\/Papai-Rodolfo-e-filha-Yasmin.jpg\" alt=\"\" width=\"869\" height=\"1158\" srcset=\"https:\/\/jorgezanoni.com.br\/2019\/wp-content\/uploads\/2020\/08\/Papai-Rodolfo-e-filha-Yasmin.jpg 869w, https:\/\/jorgezanoni.com.br\/2019\/wp-content\/uploads\/2020\/08\/Papai-Rodolfo-e-filha-Yasmin-225x300.jpg 225w, https:\/\/jorgezanoni.com.br\/2019\/wp-content\/uploads\/2020\/08\/Papai-Rodolfo-e-filha-Yasmin-768x1023.jpg 768w, https:\/\/jorgezanoni.com.br\/2019\/wp-content\/uploads\/2020\/08\/Papai-Rodolfo-e-filha-Yasmin-696x927.jpg 696w, https:\/\/jorgezanoni.com.br\/2019\/wp-content\/uploads\/2020\/08\/Papai-Rodolfo-e-filha-Yasmin-315x420.jpg 315w\" sizes=\"auto, (max-width: 869px) 100vw, 869px\" \/>Pai Rodolfo e a filha Yasmin<\/p>\n<p><img loading=\"lazy\" decoding=\"async\" class=\"alignnone size-full wp-image-32355\" src=\"https:\/\/jorgezanoni.com.br\/2019\/wp-content\/uploads\/2020\/08\/Papais-Festeiros.jpg\" alt=\"\" width=\"1080\" height=\"810\" srcset=\"https:\/\/jorgezanoni.com.br\/2019\/wp-content\/uploads\/2020\/08\/Papais-Festeiros.jpg 1080w, https:\/\/jorgezanoni.com.br\/2019\/wp-content\/uploads\/2020\/08\/Papais-Festeiros-300x225.jpg 300w, https:\/\/jorgezanoni.com.br\/2019\/wp-content\/uploads\/2020\/08\/Papais-Festeiros-1024x768.jpg 1024w, https:\/\/jorgezanoni.com.br\/2019\/wp-content\/uploads\/2020\/08\/Papais-Festeiros-768x576.jpg 768w, https:\/\/jorgezanoni.com.br\/2019\/wp-content\/uploads\/2020\/08\/Papais-Festeiros-80x60.jpg 80w, https:\/\/jorgezanoni.com.br\/2019\/wp-content\/uploads\/2020\/08\/Papais-Festeiros-265x198.jpg 265w, https:\/\/jorgezanoni.com.br\/2019\/wp-content\/uploads\/2020\/08\/Papais-Festeiros-696x522.jpg 696w, https:\/\/jorgezanoni.com.br\/2019\/wp-content\/uploads\/2020\/08\/Papais-Festeiros-1068x801.jpg 1068w, https:\/\/jorgezanoni.com.br\/2019\/wp-content\/uploads\/2020\/08\/Papais-Festeiros-560x420.jpg 560w\" sizes=\"auto, (max-width: 1080px) 100vw, 1080px\" \/>Pais amigos festeiros<\/p>\n<p><img loading=\"lazy\" decoding=\"async\" class=\"alignnone size-full wp-image-32356\" src=\"https:\/\/jorgezanoni.com.br\/2019\/wp-content\/uploads\/2020\/08\/Paulo-e-minha-m\u00e3e-M\u00e1rcia.jpg\" alt=\"\" width=\"768\" height=\"1024\" srcset=\"https:\/\/jorgezanoni.com.br\/2019\/wp-content\/uploads\/2020\/08\/Paulo-e-minha-m\u00e3e-M\u00e1rcia.jpg 768w, https:\/\/jorgezanoni.com.br\/2019\/wp-content\/uploads\/2020\/08\/Paulo-e-minha-m\u00e3e-M\u00e1rcia-225x300.jpg 225w, https:\/\/jorgezanoni.com.br\/2019\/wp-content\/uploads\/2020\/08\/Paulo-e-minha-m\u00e3e-M\u00e1rcia-696x928.jpg 696w, https:\/\/jorgezanoni.com.br\/2019\/wp-content\/uploads\/2020\/08\/Paulo-e-minha-m\u00e3e-M\u00e1rcia-315x420.jpg 315w\" sizes=\"auto, (max-width: 768px) 100vw, 768px\" \/>Pai Paulo e esposa Marcia<\/p>\n<p><img loading=\"lazy\" decoding=\"async\" class=\"alignnone size-full wp-image-32358\" src=\"https:\/\/jorgezanoni.com.br\/2019\/wp-content\/uploads\/2020\/08\/Paulo-Henrique-Pereira-e-o-filho-Pedro-Henrique-da-Silva-Pereira....foto-melho.jpg\" alt=\"\" width=\"720\" height=\"540\" srcset=\"https:\/\/jorgezanoni.com.br\/2019\/wp-content\/uploads\/2020\/08\/Paulo-Henrique-Pereira-e-o-filho-Pedro-Henrique-da-Silva-Pereira....foto-melho.jpg 720w, https:\/\/jorgezanoni.com.br\/2019\/wp-content\/uploads\/2020\/08\/Paulo-Henrique-Pereira-e-o-filho-Pedro-Henrique-da-Silva-Pereira....foto-melho-300x225.jpg 300w, https:\/\/jorgezanoni.com.br\/2019\/wp-content\/uploads\/2020\/08\/Paulo-Henrique-Pereira-e-o-filho-Pedro-Henrique-da-Silva-Pereira....foto-melho-80x60.jpg 80w, https:\/\/jorgezanoni.com.br\/2019\/wp-content\/uploads\/2020\/08\/Paulo-Henrique-Pereira-e-o-filho-Pedro-Henrique-da-Silva-Pereira....foto-melho-265x198.jpg 265w, https:\/\/jorgezanoni.com.br\/2019\/wp-content\/uploads\/2020\/08\/Paulo-Henrique-Pereira-e-o-filho-Pedro-Henrique-da-Silva-Pereira....foto-melho-696x522.jpg 696w, https:\/\/jorgezanoni.com.br\/2019\/wp-content\/uploads\/2020\/08\/Paulo-Henrique-Pereira-e-o-filho-Pedro-Henrique-da-Silva-Pereira....foto-melho-560x420.jpg 560w\" sizes=\"auto, (max-width: 720px) 100vw, 720px\" \/>Pai Paulo Henrique Pereira e o filho Pedro Henrique da Silva Pereira<\/p>\n<p><img loading=\"lazy\" decoding=\"async\" class=\"alignnone size-full wp-image-32359\" src=\"https:\/\/jorgezanoni.com.br\/2019\/wp-content\/uploads\/2020\/08\/Pedro-Jos\u00e9-Rodrigues.jpg\" alt=\"\" width=\"730\" height=\"858\" srcset=\"https:\/\/jorgezanoni.com.br\/2019\/wp-content\/uploads\/2020\/08\/Pedro-Jos\u00e9-Rodrigues.jpg 730w, https:\/\/jorgezanoni.com.br\/2019\/wp-content\/uploads\/2020\/08\/Pedro-Jos\u00e9-Rodrigues-255x300.jpg 255w, https:\/\/jorgezanoni.com.br\/2019\/wp-content\/uploads\/2020\/08\/Pedro-Jos\u00e9-Rodrigues-696x818.jpg 696w, https:\/\/jorgezanoni.com.br\/2019\/wp-content\/uploads\/2020\/08\/Pedro-Jos\u00e9-Rodrigues-357x420.jpg 357w\" sizes=\"auto, (max-width: 730px) 100vw, 730px\" \/>Pai Pedro Jose Rodrigues<\/p>\n<p><img loading=\"lazy\" decoding=\"async\" class=\"alignnone size-full wp-image-32360\" src=\"https:\/\/jorgezanoni.com.br\/2019\/wp-content\/uploads\/2020\/08\/Priscila-mozini-e-Alfredo-lodovico.jpg\" alt=\"\" width=\"581\" height=\"1032\" srcset=\"https:\/\/jorgezanoni.com.br\/2019\/wp-content\/uploads\/2020\/08\/Priscila-mozini-e-Alfredo-lodovico.jpg 581w, https:\/\/jorgezanoni.com.br\/2019\/wp-content\/uploads\/2020\/08\/Priscila-mozini-e-Alfredo-lodovico-169x300.jpg 169w, https:\/\/jorgezanoni.com.br\/2019\/wp-content\/uploads\/2020\/08\/Priscila-mozini-e-Alfredo-lodovico-576x1024.jpg 576w, https:\/\/jorgezanoni.com.br\/2019\/wp-content\/uploads\/2020\/08\/Priscila-mozini-e-Alfredo-lodovico-236x420.jpg 236w\" sizes=\"auto, (max-width: 581px) 100vw, 581px\" \/>Pai Alfredo Lodovico com a filha Priscila Mozini<\/p>\n<p><img loading=\"lazy\" decoding=\"async\" class=\"alignnone size-full wp-image-32363\" src=\"https:\/\/jorgezanoni.com.br\/2019\/wp-content\/uploads\/2020\/08\/Reinaldo-e-seu-netinho-Brayan.jpg\" alt=\"\" width=\"960\" height=\"1280\" srcset=\"https:\/\/jorgezanoni.com.br\/2019\/wp-content\/uploads\/2020\/08\/Reinaldo-e-seu-netinho-Brayan.jpg 960w, https:\/\/jorgezanoni.com.br\/2019\/wp-content\/uploads\/2020\/08\/Reinaldo-e-seu-netinho-Brayan-225x300.jpg 225w, https:\/\/jorgezanoni.com.br\/2019\/wp-content\/uploads\/2020\/08\/Reinaldo-e-seu-netinho-Brayan-768x1024.jpg 768w, https:\/\/jorgezanoni.com.br\/2019\/wp-content\/uploads\/2020\/08\/Reinaldo-e-seu-netinho-Brayan-696x928.jpg 696w, https:\/\/jorgezanoni.com.br\/2019\/wp-content\/uploads\/2020\/08\/Reinaldo-e-seu-netinho-Brayan-315x420.jpg 315w\" sizes=\"auto, (max-width: 960px) 100vw, 960px\" \/>Pai Reinaldo e seu neto Bryan<\/p>\n<p><img loading=\"lazy\" decoding=\"async\" class=\"alignnone size-full wp-image-32364\" src=\"https:\/\/jorgezanoni.com.br\/2019\/wp-content\/uploads\/2020\/08\/Renato-antonella-e-esposa.jpg\" alt=\"\" width=\"828\" height=\"822\" srcset=\"https:\/\/jorgezanoni.com.br\/2019\/wp-content\/uploads\/2020\/08\/Renato-antonella-e-esposa.jpg 828w, https:\/\/jorgezanoni.com.br\/2019\/wp-content\/uploads\/2020\/08\/Renato-antonella-e-esposa-300x298.jpg 300w, https:\/\/jorgezanoni.com.br\/2019\/wp-content\/uploads\/2020\/08\/Renato-antonella-e-esposa-150x150.jpg 150w, https:\/\/jorgezanoni.com.br\/2019\/wp-content\/uploads\/2020\/08\/Renato-antonella-e-esposa-768x762.jpg 768w, https:\/\/jorgezanoni.com.br\/2019\/wp-content\/uploads\/2020\/08\/Renato-antonella-e-esposa-696x691.jpg 696w, https:\/\/jorgezanoni.com.br\/2019\/wp-content\/uploads\/2020\/08\/Renato-antonella-e-esposa-423x420.jpg 423w\" sizes=\"auto, (max-width: 828px) 100vw, 828px\" \/>Pai Renato Ramalho Fernandes com a esposa Nath\u00e1lia Suzuki e a filha Antonella<\/p>\n<p><img loading=\"lazy\" decoding=\"async\" class=\"alignnone size-full wp-image-32366\" src=\"https:\/\/jorgezanoni.com.br\/2019\/wp-content\/uploads\/2020\/08\/Roberto-Modesto-com-a-filha-Rosana-e-o-genro-Josemir-1.jpg\" alt=\"\" width=\"540\" height=\"960\" srcset=\"https:\/\/jorgezanoni.com.br\/2019\/wp-content\/uploads\/2020\/08\/Roberto-Modesto-com-a-filha-Rosana-e-o-genro-Josemir-1.jpg 540w, https:\/\/jorgezanoni.com.br\/2019\/wp-content\/uploads\/2020\/08\/Roberto-Modesto-com-a-filha-Rosana-e-o-genro-Josemir-1-169x300.jpg 169w, https:\/\/jorgezanoni.com.br\/2019\/wp-content\/uploads\/2020\/08\/Roberto-Modesto-com-a-filha-Rosana-e-o-genro-Josemir-1-236x420.jpg 236w\" sizes=\"auto, (max-width: 540px) 100vw, 540px\" \/>Pai\u00a0Roberto\u00a0 Modesto, filha Rosana e\u00a0 genro Josemir<\/p>\n<p><img loading=\"lazy\" decoding=\"async\" class=\"alignnone size-full wp-image-32367\" src=\"https:\/\/jorgezanoni.com.br\/2019\/wp-content\/uploads\/2020\/08\/Roberto-teodoro-e-\u00e9-que-dezejar-sua-esposa-DINHA.jpg\" alt=\"\" width=\"720\" height=\"1280\" srcset=\"https:\/\/jorgezanoni.com.br\/2019\/wp-content\/uploads\/2020\/08\/Roberto-teodoro-e-\u00e9-que-dezejar-sua-esposa-DINHA.jpg 720w, https:\/\/jorgezanoni.com.br\/2019\/wp-content\/uploads\/2020\/08\/Roberto-teodoro-e-\u00e9-que-dezejar-sua-esposa-DINHA-169x300.jpg 169w, https:\/\/jorgezanoni.com.br\/2019\/wp-content\/uploads\/2020\/08\/Roberto-teodoro-e-\u00e9-que-dezejar-sua-esposa-DINHA-576x1024.jpg 576w, https:\/\/jorgezanoni.com.br\/2019\/wp-content\/uploads\/2020\/08\/Roberto-teodoro-e-\u00e9-que-dezejar-sua-esposa-DINHA-696x1237.jpg 696w, https:\/\/jorgezanoni.com.br\/2019\/wp-content\/uploads\/2020\/08\/Roberto-teodoro-e-\u00e9-que-dezejar-sua-esposa-DINHA-236x420.jpg 236w\" sizes=\"auto, (max-width: 720px) 100vw, 720px\" \/>Pai Roberto Teodoro e esposa Dinha<\/p>\n<p><img loading=\"lazy\" decoding=\"async\" class=\"alignnone size-full wp-image-32368\" src=\"https:\/\/jorgezanoni.com.br\/2019\/wp-content\/uploads\/2020\/08\/Rodrigo-pai-e-filha-Elis.jpg\" alt=\"\" width=\"768\" height=\"1024\" srcset=\"https:\/\/jorgezanoni.com.br\/2019\/wp-content\/uploads\/2020\/08\/Rodrigo-pai-e-filha-Elis.jpg 768w, https:\/\/jorgezanoni.com.br\/2019\/wp-content\/uploads\/2020\/08\/Rodrigo-pai-e-filha-Elis-225x300.jpg 225w, https:\/\/jorgezanoni.com.br\/2019\/wp-content\/uploads\/2020\/08\/Rodrigo-pai-e-filha-Elis-696x928.jpg 696w, https:\/\/jorgezanoni.com.br\/2019\/wp-content\/uploads\/2020\/08\/Rodrigo-pai-e-filha-Elis-315x420.jpg 315w\" sizes=\"auto, (max-width: 768px) 100vw, 768px\" \/>Pai Rodrigo e filha Elis<\/p>\n<p><img loading=\"lazy\" decoding=\"async\" class=\"alignnone size-full wp-image-32369\" src=\"https:\/\/jorgezanoni.com.br\/2019\/wp-content\/uploads\/2020\/08\/Rog\u00ea-Everton-dos-Santos-Piracaia-Renan-Edson-Dos-Santos-e-o-pai-Rog\u00e9rio-Edson-Dos-Santos..jpg\" alt=\"\" width=\"1040\" height=\"780\" srcset=\"https:\/\/jorgezanoni.com.br\/2019\/wp-content\/uploads\/2020\/08\/Rog\u00ea-Everton-dos-Santos-Piracaia-Renan-Edson-Dos-Santos-e-o-pai-Rog\u00e9rio-Edson-Dos-Santos..jpg 1040w, https:\/\/jorgezanoni.com.br\/2019\/wp-content\/uploads\/2020\/08\/Rog\u00ea-Everton-dos-Santos-Piracaia-Renan-Edson-Dos-Santos-e-o-pai-Rog\u00e9rio-Edson-Dos-Santos.-300x225.jpg 300w, https:\/\/jorgezanoni.com.br\/2019\/wp-content\/uploads\/2020\/08\/Rog\u00ea-Everton-dos-Santos-Piracaia-Renan-Edson-Dos-Santos-e-o-pai-Rog\u00e9rio-Edson-Dos-Santos.-1024x768.jpg 1024w, https:\/\/jorgezanoni.com.br\/2019\/wp-content\/uploads\/2020\/08\/Rog\u00ea-Everton-dos-Santos-Piracaia-Renan-Edson-Dos-Santos-e-o-pai-Rog\u00e9rio-Edson-Dos-Santos.-768x576.jpg 768w, https:\/\/jorgezanoni.com.br\/2019\/wp-content\/uploads\/2020\/08\/Rog\u00ea-Everton-dos-Santos-Piracaia-Renan-Edson-Dos-Santos-e-o-pai-Rog\u00e9rio-Edson-Dos-Santos.-80x60.jpg 80w, https:\/\/jorgezanoni.com.br\/2019\/wp-content\/uploads\/2020\/08\/Rog\u00ea-Everton-dos-Santos-Piracaia-Renan-Edson-Dos-Santos-e-o-pai-Rog\u00e9rio-Edson-Dos-Santos.-265x198.jpg 265w, https:\/\/jorgezanoni.com.br\/2019\/wp-content\/uploads\/2020\/08\/Rog\u00ea-Everton-dos-Santos-Piracaia-Renan-Edson-Dos-Santos-e-o-pai-Rog\u00e9rio-Edson-Dos-Santos.-696x522.jpg 696w, https:\/\/jorgezanoni.com.br\/2019\/wp-content\/uploads\/2020\/08\/Rog\u00ea-Everton-dos-Santos-Piracaia-Renan-Edson-Dos-Santos-e-o-pai-Rog\u00e9rio-Edson-Dos-Santos.-560x420.jpg 560w\" sizes=\"auto, (max-width: 1040px) 100vw, 1040px\" \/>Pai Rog\u00e9rio Edson dos Santos com os filhos Rog\u00ea Everton dos Santos, (Piracaia) e Renan Edson Dos Santos<\/p>\n<p><img loading=\"lazy\" decoding=\"async\" class=\"alignnone size-full wp-image-32370\" src=\"https:\/\/jorgezanoni.com.br\/2019\/wp-content\/uploads\/2020\/08\/Sebasti\u00e3o-conhecido-como-Tiao-in-memoria.jpg\" alt=\"\" width=\"640\" height=\"640\" srcset=\"https:\/\/jorgezanoni.com.br\/2019\/wp-content\/uploads\/2020\/08\/Sebasti\u00e3o-conhecido-como-Tiao-in-memoria.jpg 640w, https:\/\/jorgezanoni.com.br\/2019\/wp-content\/uploads\/2020\/08\/Sebasti\u00e3o-conhecido-como-Tiao-in-memoria-300x300.jpg 300w, https:\/\/jorgezanoni.com.br\/2019\/wp-content\/uploads\/2020\/08\/Sebasti\u00e3o-conhecido-como-Tiao-in-memoria-150x150.jpg 150w, https:\/\/jorgezanoni.com.br\/2019\/wp-content\/uploads\/2020\/08\/Sebasti\u00e3o-conhecido-como-Tiao-in-memoria-420x420.jpg 420w\" sizes=\"auto, (max-width: 640px) 100vw, 640px\" \/>Pai Sebasti\u00e3o (Ti\u00e3o) (In mem\u00f3ria)<\/p>\n<p><img loading=\"lazy\" decoding=\"async\" class=\"alignnone size-full wp-image-32371\" src=\"https:\/\/jorgezanoni.com.br\/2019\/wp-content\/uploads\/2020\/08\/Sebasti\u00e3o-Gomes.jpg\" alt=\"\" width=\"689\" height=\"1280\" srcset=\"https:\/\/jorgezanoni.com.br\/2019\/wp-content\/uploads\/2020\/08\/Sebasti\u00e3o-Gomes.jpg 689w, https:\/\/jorgezanoni.com.br\/2019\/wp-content\/uploads\/2020\/08\/Sebasti\u00e3o-Gomes-161x300.jpg 161w, https:\/\/jorgezanoni.com.br\/2019\/wp-content\/uploads\/2020\/08\/Sebasti\u00e3o-Gomes-551x1024.jpg 551w, https:\/\/jorgezanoni.com.br\/2019\/wp-content\/uploads\/2020\/08\/Sebasti\u00e3o-Gomes-226x420.jpg 226w\" sizes=\"auto, (max-width: 689px) 100vw, 689px\" \/>Pai Sebasti\u00e3o Gomes<\/p>\n<p><img loading=\"lazy\" decoding=\"async\" class=\"alignnone size-full wp-image-32372\" src=\"https:\/\/jorgezanoni.com.br\/2019\/wp-content\/uploads\/2020\/08\/S\u00e9rgio-Bigoni-e-eu-Daiane-Bigoni-rotated.jpg\" alt=\"\" width=\"1280\" height=\"858\" srcset=\"https:\/\/jorgezanoni.com.br\/2019\/wp-content\/uploads\/2020\/08\/S\u00e9rgio-Bigoni-e-eu-Daiane-Bigoni-rotated.jpg 1280w, https:\/\/jorgezanoni.com.br\/2019\/wp-content\/uploads\/2020\/08\/S\u00e9rgio-Bigoni-e-eu-Daiane-Bigoni-300x201.jpg 300w, https:\/\/jorgezanoni.com.br\/2019\/wp-content\/uploads\/2020\/08\/S\u00e9rgio-Bigoni-e-eu-Daiane-Bigoni-1024x686.jpg 1024w, https:\/\/jorgezanoni.com.br\/2019\/wp-content\/uploads\/2020\/08\/S\u00e9rgio-Bigoni-e-eu-Daiane-Bigoni-768x515.jpg 768w, https:\/\/jorgezanoni.com.br\/2019\/wp-content\/uploads\/2020\/08\/S\u00e9rgio-Bigoni-e-eu-Daiane-Bigoni-696x467.jpg 696w, https:\/\/jorgezanoni.com.br\/2019\/wp-content\/uploads\/2020\/08\/S\u00e9rgio-Bigoni-e-eu-Daiane-Bigoni-1068x716.jpg 1068w, https:\/\/jorgezanoni.com.br\/2019\/wp-content\/uploads\/2020\/08\/S\u00e9rgio-Bigoni-e-eu-Daiane-Bigoni-627x420.jpg 627w\" sizes=\"auto, (max-width: 1280px) 100vw, 1280px\" \/>Pai Sergio Bigoni e a filha Daiane Bigoni<\/p>\n<p><img loading=\"lazy\" decoding=\"async\" class=\"alignnone size-full wp-image-32373\" src=\"https:\/\/jorgezanoni.com.br\/2019\/wp-content\/uploads\/2020\/08\/SILVIO-MAGNO-RIBEIRO-E-GABRIELLI-DE-C\u00c1SSIA-RIBEIRO.jpg\" alt=\"\" width=\"496\" height=\"356\" srcset=\"https:\/\/jorgezanoni.com.br\/2019\/wp-content\/uploads\/2020\/08\/SILVIO-MAGNO-RIBEIRO-E-GABRIELLI-DE-C\u00c1SSIA-RIBEIRO.jpg 496w, https:\/\/jorgezanoni.com.br\/2019\/wp-content\/uploads\/2020\/08\/SILVIO-MAGNO-RIBEIRO-E-GABRIELLI-DE-C\u00c1SSIA-RIBEIRO-300x215.jpg 300w\" sizes=\"auto, (max-width: 496px) 100vw, 496px\" \/>Pai Silvio Magno Ribeiro e a filha Gabrielli de C\u00e1ssia Ribeiro<\/p>\n<p><img loading=\"lazy\" decoding=\"async\" class=\"alignnone size-full wp-image-32374\" src=\"https:\/\/jorgezanoni.com.br\/2019\/wp-content\/uploads\/2020\/08\/Sueli-Vanzeli-e-Alexandre-Vanzeli-1.jpg\" alt=\"\" width=\"640\" height=\"640\" srcset=\"https:\/\/jorgezanoni.com.br\/2019\/wp-content\/uploads\/2020\/08\/Sueli-Vanzeli-e-Alexandre-Vanzeli-1.jpg 640w, https:\/\/jorgezanoni.com.br\/2019\/wp-content\/uploads\/2020\/08\/Sueli-Vanzeli-e-Alexandre-Vanzeli-1-300x300.jpg 300w, https:\/\/jorgezanoni.com.br\/2019\/wp-content\/uploads\/2020\/08\/Sueli-Vanzeli-e-Alexandre-Vanzeli-1-150x150.jpg 150w, https:\/\/jorgezanoni.com.br\/2019\/wp-content\/uploads\/2020\/08\/Sueli-Vanzeli-e-Alexandre-Vanzeli-1-420x420.jpg 420w\" sizes=\"auto, (max-width: 640px) 100vw, 640px\" \/>Pai\/M\u00e3e Sueli Vanzeli e o filho Alexandre Vanzeli<\/p>\n<p><img loading=\"lazy\" decoding=\"async\" class=\"alignnone size-full wp-image-32375\" src=\"https:\/\/jorgezanoni.com.br\/2019\/wp-content\/uploads\/2020\/08\/Sueli-Vanzelimeu-paizinho-Benedito-Vanzelie-meu-filho-Alexandre-Vanzeli.jpg\" alt=\"\" width=\"720\" height=\"682\" srcset=\"https:\/\/jorgezanoni.com.br\/2019\/wp-content\/uploads\/2020\/08\/Sueli-Vanzelimeu-paizinho-Benedito-Vanzelie-meu-filho-Alexandre-Vanzeli.jpg 720w, https:\/\/jorgezanoni.com.br\/2019\/wp-content\/uploads\/2020\/08\/Sueli-Vanzelimeu-paizinho-Benedito-Vanzelie-meu-filho-Alexandre-Vanzeli-300x284.jpg 300w, https:\/\/jorgezanoni.com.br\/2019\/wp-content\/uploads\/2020\/08\/Sueli-Vanzelimeu-paizinho-Benedito-Vanzelie-meu-filho-Alexandre-Vanzeli-696x659.jpg 696w, https:\/\/jorgezanoni.com.br\/2019\/wp-content\/uploads\/2020\/08\/Sueli-Vanzelimeu-paizinho-Benedito-Vanzelie-meu-filho-Alexandre-Vanzeli-443x420.jpg 443w\" sizes=\"auto, (max-width: 720px) 100vw, 720px\" \/>Pai Benedito, filha Sueli e neto Alexandre Vanzeli<\/p>\n<p><img loading=\"lazy\" decoding=\"async\" class=\"alignnone size-full wp-image-32376\" src=\"https:\/\/jorgezanoni.com.br\/2019\/wp-content\/uploads\/2020\/08\/Ta\u00eds-e-meu-pai-Valdeci.jpg\" alt=\"\" width=\"1280\" height=\"960\" srcset=\"https:\/\/jorgezanoni.com.br\/2019\/wp-content\/uploads\/2020\/08\/Ta\u00eds-e-meu-pai-Valdeci.jpg 1280w, https:\/\/jorgezanoni.com.br\/2019\/wp-content\/uploads\/2020\/08\/Ta\u00eds-e-meu-pai-Valdeci-300x225.jpg 300w, https:\/\/jorgezanoni.com.br\/2019\/wp-content\/uploads\/2020\/08\/Ta\u00eds-e-meu-pai-Valdeci-1024x768.jpg 1024w, https:\/\/jorgezanoni.com.br\/2019\/wp-content\/uploads\/2020\/08\/Ta\u00eds-e-meu-pai-Valdeci-768x576.jpg 768w, https:\/\/jorgezanoni.com.br\/2019\/wp-content\/uploads\/2020\/08\/Ta\u00eds-e-meu-pai-Valdeci-80x60.jpg 80w, https:\/\/jorgezanoni.com.br\/2019\/wp-content\/uploads\/2020\/08\/Ta\u00eds-e-meu-pai-Valdeci-265x198.jpg 265w, https:\/\/jorgezanoni.com.br\/2019\/wp-content\/uploads\/2020\/08\/Ta\u00eds-e-meu-pai-Valdeci-696x522.jpg 696w, https:\/\/jorgezanoni.com.br\/2019\/wp-content\/uploads\/2020\/08\/Ta\u00eds-e-meu-pai-Valdeci-1068x801.jpg 1068w, https:\/\/jorgezanoni.com.br\/2019\/wp-content\/uploads\/2020\/08\/Ta\u00eds-e-meu-pai-Valdeci-560x420.jpg 560w\" sizes=\"auto, (max-width: 1280px) 100vw, 1280px\" \/>Pai Valdeci e filha Tais<\/p>\n<p><img loading=\"lazy\" decoding=\"async\" class=\"alignnone size-full wp-image-32377\" src=\"https:\/\/jorgezanoni.com.br\/2019\/wp-content\/uploads\/2020\/08\/Tarc\u00edsio-Euclides-Santana-meu-nome-\u00e9-Dayane-Xavier.jpg\" alt=\"\" width=\"720\" height=\"540\" srcset=\"https:\/\/jorgezanoni.com.br\/2019\/wp-content\/uploads\/2020\/08\/Tarc\u00edsio-Euclides-Santana-meu-nome-\u00e9-Dayane-Xavier.jpg 720w, https:\/\/jorgezanoni.com.br\/2019\/wp-content\/uploads\/2020\/08\/Tarc\u00edsio-Euclides-Santana-meu-nome-\u00e9-Dayane-Xavier-300x225.jpg 300w, https:\/\/jorgezanoni.com.br\/2019\/wp-content\/uploads\/2020\/08\/Tarc\u00edsio-Euclides-Santana-meu-nome-\u00e9-Dayane-Xavier-80x60.jpg 80w, https:\/\/jorgezanoni.com.br\/2019\/wp-content\/uploads\/2020\/08\/Tarc\u00edsio-Euclides-Santana-meu-nome-\u00e9-Dayane-Xavier-265x198.jpg 265w, https:\/\/jorgezanoni.com.br\/2019\/wp-content\/uploads\/2020\/08\/Tarc\u00edsio-Euclides-Santana-meu-nome-\u00e9-Dayane-Xavier-696x522.jpg 696w, https:\/\/jorgezanoni.com.br\/2019\/wp-content\/uploads\/2020\/08\/Tarc\u00edsio-Euclides-Santana-meu-nome-\u00e9-Dayane-Xavier-560x420.jpg 560w\" sizes=\"auto, (max-width: 720px) 100vw, 720px\" \/>Pai Tarc\u00edsio Euclides Santana com a filha Dayane Xavier e familia<\/p>\n<p><img loading=\"lazy\" decoding=\"async\" class=\"alignnone size-full wp-image-32378\" src=\"https:\/\/jorgezanoni.com.br\/2019\/wp-content\/uploads\/2020\/08\/\u00falia-com-pai-julio-C\u00e9sar-e-m\u00e3e-celeste-Matheus.jpg\" alt=\"\" width=\"768\" height=\"960\" srcset=\"https:\/\/jorgezanoni.com.br\/2019\/wp-content\/uploads\/2020\/08\/\u00falia-com-pai-julio-C\u00e9sar-e-m\u00e3e-celeste-Matheus.jpg 768w, https:\/\/jorgezanoni.com.br\/2019\/wp-content\/uploads\/2020\/08\/\u00falia-com-pai-julio-C\u00e9sar-e-m\u00e3e-celeste-Matheus-240x300.jpg 240w, https:\/\/jorgezanoni.com.br\/2019\/wp-content\/uploads\/2020\/08\/\u00falia-com-pai-julio-C\u00e9sar-e-m\u00e3e-celeste-Matheus-696x870.jpg 696w, https:\/\/jorgezanoni.com.br\/2019\/wp-content\/uploads\/2020\/08\/\u00falia-com-pai-julio-C\u00e9sar-e-m\u00e3e-celeste-Matheus-336x420.jpg 336w\" sizes=\"auto, (max-width: 768px) 100vw, 768px\" \/>Pai Julio Cesar com a filha J\u00falia e a esposa Celeste Matheus<\/p>\n<p><img loading=\"lazy\" decoding=\"async\" class=\"alignnone size-full wp-image-32379\" src=\"https:\/\/jorgezanoni.com.br\/2019\/wp-content\/uploads\/2020\/08\/valdir-e-o-filho-Juliano.jpg\" alt=\"\" width=\"363\" height=\"551\" srcset=\"https:\/\/jorgezanoni.com.br\/2019\/wp-content\/uploads\/2020\/08\/valdir-e-o-filho-Juliano.jpg 363w, https:\/\/jorgezanoni.com.br\/2019\/wp-content\/uploads\/2020\/08\/valdir-e-o-filho-Juliano-198x300.jpg 198w, https:\/\/jorgezanoni.com.br\/2019\/wp-content\/uploads\/2020\/08\/valdir-e-o-filho-Juliano-277x420.jpg 277w\" sizes=\"auto, (max-width: 363px) 100vw, 363px\" \/>Pai Valdir e o filho Juliano<\/p>\n<p><img loading=\"lazy\" decoding=\"async\" class=\"alignnone size-full wp-image-32380\" src=\"https:\/\/jorgezanoni.com.br\/2019\/wp-content\/uploads\/2020\/08\/Vania-Bispo-e-o-pai-Gilberto-Bispo.jpg\" alt=\"\" width=\"720\" height=\"605\" srcset=\"https:\/\/jorgezanoni.com.br\/2019\/wp-content\/uploads\/2020\/08\/Vania-Bispo-e-o-pai-Gilberto-Bispo.jpg 720w, https:\/\/jorgezanoni.com.br\/2019\/wp-content\/uploads\/2020\/08\/Vania-Bispo-e-o-pai-Gilberto-Bispo-300x252.jpg 300w, https:\/\/jorgezanoni.com.br\/2019\/wp-content\/uploads\/2020\/08\/Vania-Bispo-e-o-pai-Gilberto-Bispo-696x585.jpg 696w, https:\/\/jorgezanoni.com.br\/2019\/wp-content\/uploads\/2020\/08\/Vania-Bispo-e-o-pai-Gilberto-Bispo-500x420.jpg 500w\" sizes=\"auto, (max-width: 720px) 100vw, 720px\" \/>Pai Gilberto Bispo e a filha Vania Bispo<\/p>\n<p><img loading=\"lazy\" decoding=\"async\" class=\"alignnone size-full wp-image-32415\" src=\"https:\/\/jorgezanoni.com.br\/2019\/wp-content\/uploads\/2020\/08\/Cristiano-Dias-e-pai-jose-dias-da-silva.jpg\" alt=\"\" width=\"720\" height=\"960\" srcset=\"https:\/\/jorgezanoni.com.br\/2019\/wp-content\/uploads\/2020\/08\/Cristiano-Dias-e-pai-jose-dias-da-silva.jpg 720w, https:\/\/jorgezanoni.com.br\/2019\/wp-content\/uploads\/2020\/08\/Cristiano-Dias-e-pai-jose-dias-da-silva-225x300.jpg 225w, https:\/\/jorgezanoni.com.br\/2019\/wp-content\/uploads\/2020\/08\/Cristiano-Dias-e-pai-jose-dias-da-silva-696x928.jpg 696w, https:\/\/jorgezanoni.com.br\/2019\/wp-content\/uploads\/2020\/08\/Cristiano-Dias-e-pai-jose-dias-da-silva-315x420.jpg 315w\" sizes=\"auto, (max-width: 720px) 100vw, 720px\" \/>Pai Jos\u00e9 Dias da Silva com o filho Cristiano Silva<\/p>\n<p><img loading=\"lazy\" decoding=\"async\" class=\"alignnone size-full wp-image-32416\" src=\"https:\/\/jorgezanoni.com.br\/2019\/wp-content\/uploads\/2020\/08\/Eu-Carlos-Eduardo-Meus-irm\u00e3os-Carlos-Augusto-e-Junior-e-meu-pai-Luiz-Carlos......jpg\" alt=\"\" width=\"960\" height=\"720\" srcset=\"https:\/\/jorgezanoni.com.br\/2019\/wp-content\/uploads\/2020\/08\/Eu-Carlos-Eduardo-Meus-irm\u00e3os-Carlos-Augusto-e-Junior-e-meu-pai-Luiz-Carlos......jpg 960w, https:\/\/jorgezanoni.com.br\/2019\/wp-content\/uploads\/2020\/08\/Eu-Carlos-Eduardo-Meus-irm\u00e3os-Carlos-Augusto-e-Junior-e-meu-pai-Luiz-Carlos.....-300x225.jpg 300w, https:\/\/jorgezanoni.com.br\/2019\/wp-content\/uploads\/2020\/08\/Eu-Carlos-Eduardo-Meus-irm\u00e3os-Carlos-Augusto-e-Junior-e-meu-pai-Luiz-Carlos.....-768x576.jpg 768w, https:\/\/jorgezanoni.com.br\/2019\/wp-content\/uploads\/2020\/08\/Eu-Carlos-Eduardo-Meus-irm\u00e3os-Carlos-Augusto-e-Junior-e-meu-pai-Luiz-Carlos.....-80x60.jpg 80w, https:\/\/jorgezanoni.com.br\/2019\/wp-content\/uploads\/2020\/08\/Eu-Carlos-Eduardo-Meus-irm\u00e3os-Carlos-Augusto-e-Junior-e-meu-pai-Luiz-Carlos.....-265x198.jpg 265w, https:\/\/jorgezanoni.com.br\/2019\/wp-content\/uploads\/2020\/08\/Eu-Carlos-Eduardo-Meus-irm\u00e3os-Carlos-Augusto-e-Junior-e-meu-pai-Luiz-Carlos.....-696x522.jpg 696w, https:\/\/jorgezanoni.com.br\/2019\/wp-content\/uploads\/2020\/08\/Eu-Carlos-Eduardo-Meus-irm\u00e3os-Carlos-Augusto-e-Junior-e-meu-pai-Luiz-Carlos.....-560x420.jpg 560w\" sizes=\"auto, (max-width: 960px) 100vw, 960px\" \/>Pai Luiz Carlos com os filhos Carlos Eduardo, Carlos Augusto e Junior<\/p>\n<p><img loading=\"lazy\" decoding=\"async\" class=\"alignnone size-full wp-image-32417\" src=\"https:\/\/jorgezanoni.com.br\/2019\/wp-content\/uploads\/2020\/08\/Eu-Thiago-minha-m\u00e3e-Vanusa-e-meu-pai-Jos\u00e9-Ezequiel-goiaba.jpg\" alt=\"\" width=\"720\" height=\"536\" srcset=\"https:\/\/jorgezanoni.com.br\/2019\/wp-content\/uploads\/2020\/08\/Eu-Thiago-minha-m\u00e3e-Vanusa-e-meu-pai-Jos\u00e9-Ezequiel-goiaba.jpg 720w, https:\/\/jorgezanoni.com.br\/2019\/wp-content\/uploads\/2020\/08\/Eu-Thiago-minha-m\u00e3e-Vanusa-e-meu-pai-Jos\u00e9-Ezequiel-goiaba-300x223.jpg 300w, https:\/\/jorgezanoni.com.br\/2019\/wp-content\/uploads\/2020\/08\/Eu-Thiago-minha-m\u00e3e-Vanusa-e-meu-pai-Jos\u00e9-Ezequiel-goiaba-80x60.jpg 80w, https:\/\/jorgezanoni.com.br\/2019\/wp-content\/uploads\/2020\/08\/Eu-Thiago-minha-m\u00e3e-Vanusa-e-meu-pai-Jos\u00e9-Ezequiel-goiaba-265x198.jpg 265w, https:\/\/jorgezanoni.com.br\/2019\/wp-content\/uploads\/2020\/08\/Eu-Thiago-minha-m\u00e3e-Vanusa-e-meu-pai-Jos\u00e9-Ezequiel-goiaba-696x518.jpg 696w, https:\/\/jorgezanoni.com.br\/2019\/wp-content\/uploads\/2020\/08\/Eu-Thiago-minha-m\u00e3e-Vanusa-e-meu-pai-Jos\u00e9-Ezequiel-goiaba-564x420.jpg 564w\" sizes=\"auto, (max-width: 720px) 100vw, 720px\" \/>Pai Jos\u00e9 Ezequiel (Goiaba), a esposa Vanusa e o filho Thiago<\/p>\n<p><img loading=\"lazy\" decoding=\"async\" class=\"alignnone size-full wp-image-32418\" src=\"https:\/\/jorgezanoni.com.br\/2019\/wp-content\/uploads\/2020\/08\/Filha-Sophya-pai-Lucas.-Filha-Helena.jpg\" alt=\"\" width=\"1280\" height=\"1099\" srcset=\"https:\/\/jorgezanoni.com.br\/2019\/wp-content\/uploads\/2020\/08\/Filha-Sophya-pai-Lucas.-Filha-Helena.jpg 1280w, https:\/\/jorgezanoni.com.br\/2019\/wp-content\/uploads\/2020\/08\/Filha-Sophya-pai-Lucas.-Filha-Helena-300x258.jpg 300w, https:\/\/jorgezanoni.com.br\/2019\/wp-content\/uploads\/2020\/08\/Filha-Sophya-pai-Lucas.-Filha-Helena-1024x879.jpg 1024w, https:\/\/jorgezanoni.com.br\/2019\/wp-content\/uploads\/2020\/08\/Filha-Sophya-pai-Lucas.-Filha-Helena-768x659.jpg 768w, https:\/\/jorgezanoni.com.br\/2019\/wp-content\/uploads\/2020\/08\/Filha-Sophya-pai-Lucas.-Filha-Helena-696x598.jpg 696w, https:\/\/jorgezanoni.com.br\/2019\/wp-content\/uploads\/2020\/08\/Filha-Sophya-pai-Lucas.-Filha-Helena-1068x917.jpg 1068w, https:\/\/jorgezanoni.com.br\/2019\/wp-content\/uploads\/2020\/08\/Filha-Sophya-pai-Lucas.-Filha-Helena-489x420.jpg 489w\" sizes=\"auto, (max-width: 1280px) 100vw, 1280px\" \/>Pai Lucas Filha com as filhas Sophya e Helena<\/p>\n<p><img loading=\"lazy\" decoding=\"async\" class=\"alignnone size-full wp-image-32419\" src=\"https:\/\/jorgezanoni.com.br\/2019\/wp-content\/uploads\/2020\/08\/Fl\u00e1vio-marcos-meu-esposo-e-Ricardo-Alves-Meu-cunhado-feliz-dia-dos-pais-Laudeciea.jpg\" alt=\"\" width=\"552\" height=\"840\" srcset=\"https:\/\/jorgezanoni.com.br\/2019\/wp-content\/uploads\/2020\/08\/Fl\u00e1vio-marcos-meu-esposo-e-Ricardo-Alves-Meu-cunhado-feliz-dia-dos-pais-Laudeciea.jpg 552w, https:\/\/jorgezanoni.com.br\/2019\/wp-content\/uploads\/2020\/08\/Fl\u00e1vio-marcos-meu-esposo-e-Ricardo-Alves-Meu-cunhado-feliz-dia-dos-pais-Laudeciea-197x300.jpg 197w, https:\/\/jorgezanoni.com.br\/2019\/wp-content\/uploads\/2020\/08\/Fl\u00e1vio-marcos-meu-esposo-e-Ricardo-Alves-Meu-cunhado-feliz-dia-dos-pais-Laudeciea-276x420.jpg 276w\" sizes=\"auto, (max-width: 552px) 100vw, 552px\" \/>Pais Fl\u00e1vio Marcos E Ricardo Alves com a esposa e cunhada Laudic\u00e9ia<\/p>\n<p><img loading=\"lazy\" decoding=\"async\" class=\"alignnone size-full wp-image-32420\" src=\"https:\/\/jorgezanoni.com.br\/2019\/wp-content\/uploads\/2020\/08\/Gustavo-Pivetta-com-as-filhas-Nicole-e-Melissa.jpg\" alt=\"\" width=\"1166\" height=\"1280\" srcset=\"https:\/\/jorgezanoni.com.br\/2019\/wp-content\/uploads\/2020\/08\/Gustavo-Pivetta-com-as-filhas-Nicole-e-Melissa.jpg 1166w, https:\/\/jorgezanoni.com.br\/2019\/wp-content\/uploads\/2020\/08\/Gustavo-Pivetta-com-as-filhas-Nicole-e-Melissa-273x300.jpg 273w, https:\/\/jorgezanoni.com.br\/2019\/wp-content\/uploads\/2020\/08\/Gustavo-Pivetta-com-as-filhas-Nicole-e-Melissa-933x1024.jpg 933w, https:\/\/jorgezanoni.com.br\/2019\/wp-content\/uploads\/2020\/08\/Gustavo-Pivetta-com-as-filhas-Nicole-e-Melissa-768x843.jpg 768w, https:\/\/jorgezanoni.com.br\/2019\/wp-content\/uploads\/2020\/08\/Gustavo-Pivetta-com-as-filhas-Nicole-e-Melissa-696x764.jpg 696w, https:\/\/jorgezanoni.com.br\/2019\/wp-content\/uploads\/2020\/08\/Gustavo-Pivetta-com-as-filhas-Nicole-e-Melissa-1068x1172.jpg 1068w, https:\/\/jorgezanoni.com.br\/2019\/wp-content\/uploads\/2020\/08\/Gustavo-Pivetta-com-as-filhas-Nicole-e-Melissa-383x420.jpg 383w\" sizes=\"auto, (max-width: 1166px) 100vw, 1166px\" \/>Pai Gustavo Pivetta com as filhas Melissa e Nicole<\/p>\n<p><img loading=\"lazy\" decoding=\"async\" class=\"alignnone size-full wp-image-32421\" src=\"https:\/\/jorgezanoni.com.br\/2019\/wp-content\/uploads\/2020\/08\/jair-Ribeiro-com-a-Maria-Luiza.jpg\" alt=\"\" width=\"960\" height=\"1280\" srcset=\"https:\/\/jorgezanoni.com.br\/2019\/wp-content\/uploads\/2020\/08\/jair-Ribeiro-com-a-Maria-Luiza.jpg 960w, https:\/\/jorgezanoni.com.br\/2019\/wp-content\/uploads\/2020\/08\/jair-Ribeiro-com-a-Maria-Luiza-225x300.jpg 225w, https:\/\/jorgezanoni.com.br\/2019\/wp-content\/uploads\/2020\/08\/jair-Ribeiro-com-a-Maria-Luiza-768x1024.jpg 768w, https:\/\/jorgezanoni.com.br\/2019\/wp-content\/uploads\/2020\/08\/jair-Ribeiro-com-a-Maria-Luiza-696x928.jpg 696w, https:\/\/jorgezanoni.com.br\/2019\/wp-content\/uploads\/2020\/08\/jair-Ribeiro-com-a-Maria-Luiza-315x420.jpg 315w\" sizes=\"auto, (max-width: 960px) 100vw, 960px\" \/>Pai Jair Ribeiro com a filha Maria Luiza<\/p>\n<p><img loading=\"lazy\" decoding=\"async\" class=\"alignnone size-full wp-image-32422\" src=\"https:\/\/jorgezanoni.com.br\/2019\/wp-content\/uploads\/2020\/08\/onaldo-ribeiro-com-os-filhos-gilberto-gilmar-gislaine-e-gilson-eu-fatima.jpg\" alt=\"\" width=\"480\" height=\"360\" srcset=\"https:\/\/jorgezanoni.com.br\/2019\/wp-content\/uploads\/2020\/08\/onaldo-ribeiro-com-os-filhos-gilberto-gilmar-gislaine-e-gilson-eu-fatima.jpg 480w, https:\/\/jorgezanoni.com.br\/2019\/wp-content\/uploads\/2020\/08\/onaldo-ribeiro-com-os-filhos-gilberto-gilmar-gislaine-e-gilson-eu-fatima-300x225.jpg 300w, https:\/\/jorgezanoni.com.br\/2019\/wp-content\/uploads\/2020\/08\/onaldo-ribeiro-com-os-filhos-gilberto-gilmar-gislaine-e-gilson-eu-fatima-80x60.jpg 80w, https:\/\/jorgezanoni.com.br\/2019\/wp-content\/uploads\/2020\/08\/onaldo-ribeiro-com-os-filhos-gilberto-gilmar-gislaine-e-gilson-eu-fatima-265x198.jpg 265w\" sizes=\"auto, (max-width: 480px) 100vw, 480px\" \/>Pai Ronaldo Ribeiro com os filhos Gilberto, Gilmar, Gislaine e Gilson e a esposa Fatima<\/p>\n<p><img loading=\"lazy\" decoding=\"async\" class=\"alignnone size-full wp-image-32424\" src=\"https:\/\/jorgezanoni.com.br\/2019\/wp-content\/uploads\/2020\/08\/pai-antonio-Domingos-do-santos-Maria-Lucia-filha.jpg\" alt=\"\" width=\"560\" height=\"1152\" srcset=\"https:\/\/jorgezanoni.com.br\/2019\/wp-content\/uploads\/2020\/08\/pai-antonio-Domingos-do-santos-Maria-Lucia-filha.jpg 560w, https:\/\/jorgezanoni.com.br\/2019\/wp-content\/uploads\/2020\/08\/pai-antonio-Domingos-do-santos-Maria-Lucia-filha-146x300.jpg 146w, https:\/\/jorgezanoni.com.br\/2019\/wp-content\/uploads\/2020\/08\/pai-antonio-Domingos-do-santos-Maria-Lucia-filha-498x1024.jpg 498w, https:\/\/jorgezanoni.com.br\/2019\/wp-content\/uploads\/2020\/08\/pai-antonio-Domingos-do-santos-Maria-Lucia-filha-204x420.jpg 204w\" sizes=\"auto, (max-width: 560px) 100vw, 560px\" \/>Pai antonio Domingos do Santos com a filha Maria Lucia<\/p>\n<p><img loading=\"lazy\" decoding=\"async\" class=\"alignnone size-full wp-image-32426\" src=\"https:\/\/jorgezanoni.com.br\/2019\/wp-content\/uploads\/2020\/08\/pai-antonio-pereira-e-sua-esposa-ana-rosa-e-filhos-Sebasti\u00e3o-Rita-isolina-jose-joao-joaquim-ana-maria-cristina-francineide-fatima-que-so-eu.jpg\" alt=\"\" width=\"1280\" height=\"847\" srcset=\"https:\/\/jorgezanoni.com.br\/2019\/wp-content\/uploads\/2020\/08\/pai-antonio-pereira-e-sua-esposa-ana-rosa-e-filhos-Sebasti\u00e3o-Rita-isolina-jose-joao-joaquim-ana-maria-cristina-francineide-fatima-que-so-eu.jpg 1280w, https:\/\/jorgezanoni.com.br\/2019\/wp-content\/uploads\/2020\/08\/pai-antonio-pereira-e-sua-esposa-ana-rosa-e-filhos-Sebasti\u00e3o-Rita-isolina-jose-joao-joaquim-ana-maria-cristina-francineide-fatima-que-so-eu-300x199.jpg 300w, https:\/\/jorgezanoni.com.br\/2019\/wp-content\/uploads\/2020\/08\/pai-antonio-pereira-e-sua-esposa-ana-rosa-e-filhos-Sebasti\u00e3o-Rita-isolina-jose-joao-joaquim-ana-maria-cristina-francineide-fatima-que-so-eu-1024x678.jpg 1024w, https:\/\/jorgezanoni.com.br\/2019\/wp-content\/uploads\/2020\/08\/pai-antonio-pereira-e-sua-esposa-ana-rosa-e-filhos-Sebasti\u00e3o-Rita-isolina-jose-joao-joaquim-ana-maria-cristina-francineide-fatima-que-so-eu-768x508.jpg 768w, https:\/\/jorgezanoni.com.br\/2019\/wp-content\/uploads\/2020\/08\/pai-antonio-pereira-e-sua-esposa-ana-rosa-e-filhos-Sebasti\u00e3o-Rita-isolina-jose-joao-joaquim-ana-maria-cristina-francineide-fatima-que-so-eu-696x461.jpg 696w, https:\/\/jorgezanoni.com.br\/2019\/wp-content\/uploads\/2020\/08\/pai-antonio-pereira-e-sua-esposa-ana-rosa-e-filhos-Sebasti\u00e3o-Rita-isolina-jose-joao-joaquim-ana-maria-cristina-francineide-fatima-que-so-eu-1068x707.jpg 1068w, https:\/\/jorgezanoni.com.br\/2019\/wp-content\/uploads\/2020\/08\/pai-antonio-pereira-e-sua-esposa-ana-rosa-e-filhos-Sebasti\u00e3o-Rita-isolina-jose-joao-joaquim-ana-maria-cristina-francineide-fatima-que-so-eu-635x420.jpg 635w\" sizes=\"auto, (max-width: 1280px) 100vw, 1280px\" \/>Pai Antonio Pereira e sua esposa Ana Rosa com os filhos Sebasti\u00e3o, Rita, Isolina, Jos\u00e9, Jo\u00e3o, Joaquim, Ana, Maria, Cristina, Francineide e F\u00e1tima<\/p>\n<p><img loading=\"lazy\" decoding=\"async\" class=\"alignnone size-full wp-image-32427\" src=\"https:\/\/jorgezanoni.com.br\/2019\/wp-content\/uploads\/2020\/08\/Pai-Cicero-Inacio-dos-Santos-filho-CB-Marcos.jpg\" alt=\"\" width=\"720\" height=\"1280\" srcset=\"https:\/\/jorgezanoni.com.br\/2019\/wp-content\/uploads\/2020\/08\/Pai-Cicero-Inacio-dos-Santos-filho-CB-Marcos.jpg 720w, https:\/\/jorgezanoni.com.br\/2019\/wp-content\/uploads\/2020\/08\/Pai-Cicero-Inacio-dos-Santos-filho-CB-Marcos-169x300.jpg 169w, https:\/\/jorgezanoni.com.br\/2019\/wp-content\/uploads\/2020\/08\/Pai-Cicero-Inacio-dos-Santos-filho-CB-Marcos-576x1024.jpg 576w, https:\/\/jorgezanoni.com.br\/2019\/wp-content\/uploads\/2020\/08\/Pai-Cicero-Inacio-dos-Santos-filho-CB-Marcos-696x1237.jpg 696w, https:\/\/jorgezanoni.com.br\/2019\/wp-content\/uploads\/2020\/08\/Pai-Cicero-Inacio-dos-Santos-filho-CB-Marcos-236x420.jpg 236w\" sizes=\"auto, (max-width: 720px) 100vw, 720px\" \/>Pai C\u00edcero In\u00e1cio dos Santos Filhos (Pai do Cb Marcos)<\/p>\n<p><img loading=\"lazy\" decoding=\"async\" class=\"alignnone size-full wp-image-32428\" src=\"https:\/\/jorgezanoni.com.br\/2019\/wp-content\/uploads\/2020\/08\/Pai-DIEGO-CARDOSO-GOMES-DE-OLIVEIRA-filho-LUIS-VANDERLEI-GOMES-DE-OLIVEIRA.jpg\" alt=\"\" width=\"960\" height=\"1280\" srcset=\"https:\/\/jorgezanoni.com.br\/2019\/wp-content\/uploads\/2020\/08\/Pai-DIEGO-CARDOSO-GOMES-DE-OLIVEIRA-filho-LUIS-VANDERLEI-GOMES-DE-OLIVEIRA.jpg 960w, https:\/\/jorgezanoni.com.br\/2019\/wp-content\/uploads\/2020\/08\/Pai-DIEGO-CARDOSO-GOMES-DE-OLIVEIRA-filho-LUIS-VANDERLEI-GOMES-DE-OLIVEIRA-225x300.jpg 225w, https:\/\/jorgezanoni.com.br\/2019\/wp-content\/uploads\/2020\/08\/Pai-DIEGO-CARDOSO-GOMES-DE-OLIVEIRA-filho-LUIS-VANDERLEI-GOMES-DE-OLIVEIRA-768x1024.jpg 768w, https:\/\/jorgezanoni.com.br\/2019\/wp-content\/uploads\/2020\/08\/Pai-DIEGO-CARDOSO-GOMES-DE-OLIVEIRA-filho-LUIS-VANDERLEI-GOMES-DE-OLIVEIRA-696x928.jpg 696w, https:\/\/jorgezanoni.com.br\/2019\/wp-content\/uploads\/2020\/08\/Pai-DIEGO-CARDOSO-GOMES-DE-OLIVEIRA-filho-LUIS-VANDERLEI-GOMES-DE-OLIVEIRA-315x420.jpg 315w\" sizes=\"auto, (max-width: 960px) 100vw, 960px\" \/>Pai Diego Cardoso Gomes de Oliveira com o filho Luis Vanderlei Gomes de Oliveira<\/p>\n<p><img loading=\"lazy\" decoding=\"async\" class=\"alignnone size-full wp-image-32429\" src=\"https:\/\/jorgezanoni.com.br\/2019\/wp-content\/uploads\/2020\/08\/Pai-Fl\u00e1vio-al-e-e-filhos-Andr\u00e9-Ricardo-e-marcos.jpg\" alt=\"\" width=\"760\" height=\"384\" srcset=\"https:\/\/jorgezanoni.com.br\/2019\/wp-content\/uploads\/2020\/08\/Pai-Fl\u00e1vio-al-e-e-filhos-Andr\u00e9-Ricardo-e-marcos.jpg 760w, https:\/\/jorgezanoni.com.br\/2019\/wp-content\/uploads\/2020\/08\/Pai-Fl\u00e1vio-al-e-e-filhos-Andr\u00e9-Ricardo-e-marcos-300x152.jpg 300w, https:\/\/jorgezanoni.com.br\/2019\/wp-content\/uploads\/2020\/08\/Pai-Fl\u00e1vio-al-e-e-filhos-Andr\u00e9-Ricardo-e-marcos-696x352.jpg 696w\" sizes=\"auto, (max-width: 760px) 100vw, 760px\" \/>Pai Fl\u00e1vio com os filhos Andr\u00e9, Ricardo e marcos<\/p>\n<p><img loading=\"lazy\" decoding=\"async\" class=\"alignnone size-full wp-image-32430\" src=\"https:\/\/jorgezanoni.com.br\/2019\/wp-content\/uploads\/2020\/08\/pai-Luiz-Bortulotti-com-a-esposa-Zulmira-minha-madrasta-e-a-Maria-Luiza.jpg\" alt=\"\" width=\"960\" height=\"1280\" srcset=\"https:\/\/jorgezanoni.com.br\/2019\/wp-content\/uploads\/2020\/08\/pai-Luiz-Bortulotti-com-a-esposa-Zulmira-minha-madrasta-e-a-Maria-Luiza.jpg 960w, https:\/\/jorgezanoni.com.br\/2019\/wp-content\/uploads\/2020\/08\/pai-Luiz-Bortulotti-com-a-esposa-Zulmira-minha-madrasta-e-a-Maria-Luiza-225x300.jpg 225w, https:\/\/jorgezanoni.com.br\/2019\/wp-content\/uploads\/2020\/08\/pai-Luiz-Bortulotti-com-a-esposa-Zulmira-minha-madrasta-e-a-Maria-Luiza-768x1024.jpg 768w, https:\/\/jorgezanoni.com.br\/2019\/wp-content\/uploads\/2020\/08\/pai-Luiz-Bortulotti-com-a-esposa-Zulmira-minha-madrasta-e-a-Maria-Luiza-696x928.jpg 696w, https:\/\/jorgezanoni.com.br\/2019\/wp-content\/uploads\/2020\/08\/pai-Luiz-Bortulotti-com-a-esposa-Zulmira-minha-madrasta-e-a-Maria-Luiza-315x420.jpg 315w\" sizes=\"auto, (max-width: 960px) 100vw, 960px\" \/>Pai e av\u00f4 Luiz Bortolutti com a esposa Zulmira e a neta Maria Luiza<\/p>\n<p><img loading=\"lazy\" decoding=\"async\" class=\"alignnone size-full wp-image-32431\" src=\"https:\/\/jorgezanoni.com.br\/2019\/wp-content\/uploads\/2020\/08\/pai-Sr-Pedro-Jos\u00e9.-Eu-Sandra-e-meu-filho-Jean-Pedro..jpg\" alt=\"\" width=\"1080\" height=\"1920\" srcset=\"https:\/\/jorgezanoni.com.br\/2019\/wp-content\/uploads\/2020\/08\/pai-Sr-Pedro-Jos\u00e9.-Eu-Sandra-e-meu-filho-Jean-Pedro..jpg 1080w, https:\/\/jorgezanoni.com.br\/2019\/wp-content\/uploads\/2020\/08\/pai-Sr-Pedro-Jos\u00e9.-Eu-Sandra-e-meu-filho-Jean-Pedro.-169x300.jpg 169w, https:\/\/jorgezanoni.com.br\/2019\/wp-content\/uploads\/2020\/08\/pai-Sr-Pedro-Jos\u00e9.-Eu-Sandra-e-meu-filho-Jean-Pedro.-576x1024.jpg 576w, https:\/\/jorgezanoni.com.br\/2019\/wp-content\/uploads\/2020\/08\/pai-Sr-Pedro-Jos\u00e9.-Eu-Sandra-e-meu-filho-Jean-Pedro.-768x1365.jpg 768w, https:\/\/jorgezanoni.com.br\/2019\/wp-content\/uploads\/2020\/08\/pai-Sr-Pedro-Jos\u00e9.-Eu-Sandra-e-meu-filho-Jean-Pedro.-864x1536.jpg 864w, https:\/\/jorgezanoni.com.br\/2019\/wp-content\/uploads\/2020\/08\/pai-Sr-Pedro-Jos\u00e9.-Eu-Sandra-e-meu-filho-Jean-Pedro.-696x1237.jpg 696w, https:\/\/jorgezanoni.com.br\/2019\/wp-content\/uploads\/2020\/08\/pai-Sr-Pedro-Jos\u00e9.-Eu-Sandra-e-meu-filho-Jean-Pedro.-1068x1899.jpg 1068w, https:\/\/jorgezanoni.com.br\/2019\/wp-content\/uploads\/2020\/08\/pai-Sr-Pedro-Jos\u00e9.-Eu-Sandra-e-meu-filho-Jean-Pedro.-236x420.jpg 236w\" sizes=\"auto, (max-width: 1080px) 100vw, 1080px\" \/>Pai Pedro Jos\u00e9 com a filha Sandra e o neto Jean Pedro<\/p>\n<p><img loading=\"lazy\" decoding=\"async\" class=\"alignnone size-full wp-image-32432\" src=\"https:\/\/jorgezanoni.com.br\/2019\/wp-content\/uploads\/2020\/08\/Rogerio-dezan-com-a-esposa-gislaine-os-filhos-Diogo-Rafaela-e-Alana.jpg\" alt=\"\" width=\"1152\" height=\"864\" srcset=\"https:\/\/jorgezanoni.com.br\/2019\/wp-content\/uploads\/2020\/08\/Rogerio-dezan-com-a-esposa-gislaine-os-filhos-Diogo-Rafaela-e-Alana.jpg 1152w, https:\/\/jorgezanoni.com.br\/2019\/wp-content\/uploads\/2020\/08\/Rogerio-dezan-com-a-esposa-gislaine-os-filhos-Diogo-Rafaela-e-Alana-300x225.jpg 300w, https:\/\/jorgezanoni.com.br\/2019\/wp-content\/uploads\/2020\/08\/Rogerio-dezan-com-a-esposa-gislaine-os-filhos-Diogo-Rafaela-e-Alana-1024x768.jpg 1024w, https:\/\/jorgezanoni.com.br\/2019\/wp-content\/uploads\/2020\/08\/Rogerio-dezan-com-a-esposa-gislaine-os-filhos-Diogo-Rafaela-e-Alana-768x576.jpg 768w, https:\/\/jorgezanoni.com.br\/2019\/wp-content\/uploads\/2020\/08\/Rogerio-dezan-com-a-esposa-gislaine-os-filhos-Diogo-Rafaela-e-Alana-80x60.jpg 80w, https:\/\/jorgezanoni.com.br\/2019\/wp-content\/uploads\/2020\/08\/Rogerio-dezan-com-a-esposa-gislaine-os-filhos-Diogo-Rafaela-e-Alana-265x198.jpg 265w, https:\/\/jorgezanoni.com.br\/2019\/wp-content\/uploads\/2020\/08\/Rogerio-dezan-com-a-esposa-gislaine-os-filhos-Diogo-Rafaela-e-Alana-696x522.jpg 696w, https:\/\/jorgezanoni.com.br\/2019\/wp-content\/uploads\/2020\/08\/Rogerio-dezan-com-a-esposa-gislaine-os-filhos-Diogo-Rafaela-e-Alana-1068x801.jpg 1068w, https:\/\/jorgezanoni.com.br\/2019\/wp-content\/uploads\/2020\/08\/Rogerio-dezan-com-a-esposa-gislaine-os-filhos-Diogo-Rafaela-e-Alana-560x420.jpg 560w\" sizes=\"auto, (max-width: 1152px) 100vw, 1152px\" \/>Pai Rogerio Dezan com a esposa Gislaine e os filhos Diogo, Rafaela e Alana<\/p>\n<p><img loading=\"lazy\" decoding=\"async\" class=\"alignnone size-full wp-image-32433\" src=\"https:\/\/jorgezanoni.com.br\/2019\/wp-content\/uploads\/2020\/08\/sebasti\u00e3o-targino-in-memoria-mara-targino.jpg\" alt=\"\" width=\"720\" height=\"960\" srcset=\"https:\/\/jorgezanoni.com.br\/2019\/wp-content\/uploads\/2020\/08\/sebasti\u00e3o-targino-in-memoria-mara-targino.jpg 720w, https:\/\/jorgezanoni.com.br\/2019\/wp-content\/uploads\/2020\/08\/sebasti\u00e3o-targino-in-memoria-mara-targino-225x300.jpg 225w, https:\/\/jorgezanoni.com.br\/2019\/wp-content\/uploads\/2020\/08\/sebasti\u00e3o-targino-in-memoria-mara-targino-696x928.jpg 696w, https:\/\/jorgezanoni.com.br\/2019\/wp-content\/uploads\/2020\/08\/sebasti\u00e3o-targino-in-memoria-mara-targino-315x420.jpg 315w\" sizes=\"auto, (max-width: 720px) 100vw, 720px\" \/>Pai Sebasti\u00e3o Targino (in memoria) homenagem da filha Mara Targino<\/p>\n<p><img loading=\"lazy\" decoding=\"async\" class=\"alignnone size-full wp-image-32434\" src=\"https:\/\/jorgezanoni.com.br\/2019\/wp-content\/uploads\/2020\/08\/sogro-Sr-Fl\u00e1vio-e-nora-Laucideia.jpg\" alt=\"\" width=\"540\" height=\"540\" srcset=\"https:\/\/jorgezanoni.com.br\/2019\/wp-content\/uploads\/2020\/08\/sogro-Sr-Fl\u00e1vio-e-nora-Laucideia.jpg 540w, https:\/\/jorgezanoni.com.br\/2019\/wp-content\/uploads\/2020\/08\/sogro-Sr-Fl\u00e1vio-e-nora-Laucideia-300x300.jpg 300w, https:\/\/jorgezanoni.com.br\/2019\/wp-content\/uploads\/2020\/08\/sogro-Sr-Fl\u00e1vio-e-nora-Laucideia-150x150.jpg 150w, https:\/\/jorgezanoni.com.br\/2019\/wp-content\/uploads\/2020\/08\/sogro-Sr-Fl\u00e1vio-e-nora-Laucideia-420x420.jpg 420w\" sizes=\"auto, (max-width: 540px) 100vw, 540px\" \/>Pai Fl\u00e1vio com a nora Laudic\u00e9ia<\/p>\n<p><img loading=\"lazy\" decoding=\"async\" class=\"alignnone size-full wp-image-32436\" src=\"https:\/\/jorgezanoni.com.br\/2019\/wp-content\/uploads\/2020\/08\/Pai-antonio-domingo-do-santos-e-mae-maria-de-lourde-barbosa-do-santos.jpg\" alt=\"\" width=\"1280\" height=\"622\" srcset=\"https:\/\/jorgezanoni.com.br\/2019\/wp-content\/uploads\/2020\/08\/Pai-antonio-domingo-do-santos-e-mae-maria-de-lourde-barbosa-do-santos.jpg 1280w, https:\/\/jorgezanoni.com.br\/2019\/wp-content\/uploads\/2020\/08\/Pai-antonio-domingo-do-santos-e-mae-maria-de-lourde-barbosa-do-santos-300x146.jpg 300w, https:\/\/jorgezanoni.com.br\/2019\/wp-content\/uploads\/2020\/08\/Pai-antonio-domingo-do-santos-e-mae-maria-de-lourde-barbosa-do-santos-1024x498.jpg 1024w, https:\/\/jorgezanoni.com.br\/2019\/wp-content\/uploads\/2020\/08\/Pai-antonio-domingo-do-santos-e-mae-maria-de-lourde-barbosa-do-santos-768x373.jpg 768w, https:\/\/jorgezanoni.com.br\/2019\/wp-content\/uploads\/2020\/08\/Pai-antonio-domingo-do-santos-e-mae-maria-de-lourde-barbosa-do-santos-696x338.jpg 696w, https:\/\/jorgezanoni.com.br\/2019\/wp-content\/uploads\/2020\/08\/Pai-antonio-domingo-do-santos-e-mae-maria-de-lourde-barbosa-do-santos-1068x519.jpg 1068w, https:\/\/jorgezanoni.com.br\/2019\/wp-content\/uploads\/2020\/08\/Pai-antonio-domingo-do-santos-e-mae-maria-de-lourde-barbosa-do-santos-864x420.jpg 864w\" sizes=\"auto, (max-width: 1280px) 100vw, 1280px\" \/>Pai Antonio Domingo dos Santos e a esposa Maria de Lourdes com a filha Maria Lucia<\/p>\n<p><img loading=\"lazy\" decoding=\"async\" class=\"alignnone size-full wp-image-32442\" src=\"https:\/\/jorgezanoni.com.br\/2019\/wp-content\/uploads\/2020\/08\/Rodrigo-pereira-da-silva-giany-caliry-anselmi-cardoso-da-silva-e-ruam-carlos-anselmi-da-silva.jpg\" alt=\"\" width=\"960\" height=\"1280\" srcset=\"https:\/\/jorgezanoni.com.br\/2019\/wp-content\/uploads\/2020\/08\/Rodrigo-pereira-da-silva-giany-caliry-anselmi-cardoso-da-silva-e-ruam-carlos-anselmi-da-silva.jpg 960w, https:\/\/jorgezanoni.com.br\/2019\/wp-content\/uploads\/2020\/08\/Rodrigo-pereira-da-silva-giany-caliry-anselmi-cardoso-da-silva-e-ruam-carlos-anselmi-da-silva-225x300.jpg 225w, https:\/\/jorgezanoni.com.br\/2019\/wp-content\/uploads\/2020\/08\/Rodrigo-pereira-da-silva-giany-caliry-anselmi-cardoso-da-silva-e-ruam-carlos-anselmi-da-silva-768x1024.jpg 768w, https:\/\/jorgezanoni.com.br\/2019\/wp-content\/uploads\/2020\/08\/Rodrigo-pereira-da-silva-giany-caliry-anselmi-cardoso-da-silva-e-ruam-carlos-anselmi-da-silva-696x928.jpg 696w, https:\/\/jorgezanoni.com.br\/2019\/wp-content\/uploads\/2020\/08\/Rodrigo-pereira-da-silva-giany-caliry-anselmi-cardoso-da-silva-e-ruam-carlos-anselmi-da-silva-315x420.jpg 315w\" sizes=\"auto, (max-width: 960px) 100vw, 960px\" \/><img loading=\"lazy\" decoding=\"async\" class=\"alignnone size-full wp-image-32443\" src=\"https:\/\/jorgezanoni.com.br\/2019\/wp-content\/uploads\/2020\/08\/cf26a3f2-95c5-4e16-beb9-c928766f15b7.jpg\" alt=\"\" width=\"540\" height=\"960\" srcset=\"https:\/\/jorgezanoni.com.br\/2019\/wp-content\/uploads\/2020\/08\/cf26a3f2-95c5-4e16-beb9-c928766f15b7.jpg 540w, https:\/\/jorgezanoni.com.br\/2019\/wp-content\/uploads\/2020\/08\/cf26a3f2-95c5-4e16-beb9-c928766f15b7-169x300.jpg 169w, https:\/\/jorgezanoni.com.br\/2019\/wp-content\/uploads\/2020\/08\/cf26a3f2-95c5-4e16-beb9-c928766f15b7-236x420.jpg 236w\" sizes=\"auto, (max-width: 540px) 100vw, 540px\" \/>Rodrigo Pereira da Silva, Giany Caliry Anselmi Cardoso da Silva e Ruam Carlos Anselmi da Silva<\/p>\n<p><img loading=\"lazy\" decoding=\"async\" class=\"alignnone size-full wp-image-32444\" src=\"https:\/\/jorgezanoni.com.br\/2019\/wp-content\/uploads\/2020\/08\/Elton-e-Diniz.jpg\" alt=\"\" width=\"648\" height=\"1152\" srcset=\"https:\/\/jorgezanoni.com.br\/2019\/wp-content\/uploads\/2020\/08\/Elton-e-Diniz.jpg 648w, https:\/\/jorgezanoni.com.br\/2019\/wp-content\/uploads\/2020\/08\/Elton-e-Diniz-169x300.jpg 169w, https:\/\/jorgezanoni.com.br\/2019\/wp-content\/uploads\/2020\/08\/Elton-e-Diniz-576x1024.jpg 576w, https:\/\/jorgezanoni.com.br\/2019\/wp-content\/uploads\/2020\/08\/Elton-e-Diniz-236x420.jpg 236w\" sizes=\"auto, (max-width: 648px) 100vw, 648px\" \/>Elton e Diniz<\/p>\n<p><img loading=\"lazy\" decoding=\"async\" class=\"alignnone size-full wp-image-32461\" src=\"https:\/\/jorgezanoni.com.br\/2019\/wp-content\/uploads\/2020\/08\/m\u00e3e-concei\u00e7\u00e3o-meu-pai-J\u00falio-Neres-da-Silva-e-meu-irm\u00e3o-M\u00e1rcio-Neres-da-Silva-tamb\u00e9m-\u00e9-pai.jpg\" alt=\"\" width=\"480\" height=\"270\" srcset=\"https:\/\/jorgezanoni.com.br\/2019\/wp-content\/uploads\/2020\/08\/m\u00e3e-concei\u00e7\u00e3o-meu-pai-J\u00falio-Neres-da-Silva-e-meu-irm\u00e3o-M\u00e1rcio-Neres-da-Silva-tamb\u00e9m-\u00e9-pai.jpg 480w, https:\/\/jorgezanoni.com.br\/2019\/wp-content\/uploads\/2020\/08\/m\u00e3e-concei\u00e7\u00e3o-meu-pai-J\u00falio-Neres-da-Silva-e-meu-irm\u00e3o-M\u00e1rcio-Neres-da-Silva-tamb\u00e9m-\u00e9-pai-300x169.jpg 300w\" sizes=\"auto, (max-width: 480px) 100vw, 480px\" \/>Pai Julio Neres da Silva com a esposa Concei\u00e7\u00e3o e o filho M\u00e1rcio Neres da Silva que tamb\u00e9m \u00e9 pai<\/p>\n","protected":false},"excerpt":{"rendered":"<p>ROBERTO CARLOS E MICHEL TEL\u00d3 CANTAM EM HOMENAGEM A TODOS OS PAIS AMIGOS DO SITE JORGE ZANONI. A vida nunca foi f\u00e1cil para o meu pai. Ele sempre precisou batalhar muito para conquistar o que tem hoje. Ele sempre precisou lutar para dar \u00e0 fam\u00edlia tudo aquilo que ele n\u00e3o teve na inf\u00e2ncia. E mesmo [&hellip;]<\/p>\n","protected":false},"author":1,"featured_media":32440,"comment_status":"closed","ping_status":"open","sticky":false,"template":"","format":"video","meta":{"footnotes":""},"categories":[181,110,169],"tags":[],"class_list":["post-32241","post","type-post","status-publish","format-video","has-post-thumbnail","hentry","category-galeriadefotos","category-noticiasdestaque","category-videos","post_format-post-format-video"],"_links":{"self":[{"href":"https:\/\/jorgezanoni.com.br\/2019\/wp-json\/wp\/v2\/posts\/32241","targetHints":{"allow":["GET"]}}],"collection":[{"href":"https:\/\/jorgezanoni.com.br\/2019\/wp-json\/wp\/v2\/posts"}],"about":[{"href":"https:\/\/jorgezanoni.com.br\/2019\/wp-json\/wp\/v2\/types\/post"}],"author":[{"embeddable":true,"href":"https:\/\/jorgezanoni.com.br\/2019\/wp-json\/wp\/v2\/users\/1"}],"replies":[{"embeddable":true,"href":"https:\/\/jorgezanoni.com.br\/2019\/wp-json\/wp\/v2\/comments?post=32241"}],"version-history":[{"count":0,"href":"https:\/\/jorgezanoni.com.br\/2019\/wp-json\/wp\/v2\/posts\/32241\/revisions"}],"wp:featuredmedia":[{"embeddable":true,"href":"https:\/\/jorgezanoni.com.br\/2019\/wp-json\/wp\/v2\/media\/32440"}],"wp:attachment":[{"href":"https:\/\/jorgezanoni.com.br\/2019\/wp-json\/wp\/v2\/media?parent=32241"}],"wp:term":[{"taxonomy":"category","embeddable":true,"href":"https:\/\/jorgezanoni.com.br\/2019\/wp-json\/wp\/v2\/categories?post=32241"},{"taxonomy":"post_tag","embeddable":true,"href":"https:\/\/jorgezanoni.com.br\/2019\/wp-json\/wp\/v2\/tags?post=32241"}],"curies":[{"name":"wp","href":"https:\/\/api.w.org\/{rel}","templated":true}]}}