{"id":32237,"date":"2020-08-08T02:47:33","date_gmt":"2020-08-08T02:47:33","guid":{"rendered":"https:\/\/jorgezanoni.com.br\/2019\/?p=32237"},"modified":"2020-08-08T02:48:41","modified_gmt":"2020-08-08T02:48:41","slug":"ice-presidente-do-bb-walter-malieni-morre-aos-50-anos","status":"publish","type":"post","link":"https:\/\/jorgezanoni.com.br\/2019\/ice-presidente-do-bb-walter-malieni-morre-aos-50-anos\/","title":{"rendered":"Walter Malieni, vice-presidente do BB, morre aos 50 anos em S\u00e3o Paulo"},"content":{"rendered":"<p style=\"text-align: justify;\"><strong>Malieni passou mal na manh\u00e3 desta sexta (7) e foi encaminhado para o hospital, onde morreu no final do dia; segundo colegas do banco, ele teve um problema card\u00edaco.<\/strong><\/p>\n<p style=\"text-align: justify;\">O vice-presidente de neg\u00f3cios de atacado do Banco do Brasil, Walter Malieni Junior, morreu nesta sexta-feira (7) aos 50 anos em S\u00e3o Paulo. Malieni passou mal pela manh\u00e3 e foi encaminhado para o hospital, onde morreu no final do dia. Segundo colegas do banco, ele teve um problema card\u00edaco.<\/p>\n<p style=\"text-align: justify;\">\u201cCom grande tristeza, o Banco do Brasil comunica o falecimento do vice-presidente de Neg\u00f3cios de Atacado, Walter Malieni Junior, ocorrido nesta data, em S\u00e3o Paulo\u201d, informou o banco em comunicado.<\/p>\n<p style=\"text-align: justify;\">O executivo trabalhava havia 35 anos no Banco do Brasil, onde entrou com 15 anos como menor aprendiz. Nesse per\u00edodo, ele trabalhou em diversas \u00e1reas da empresa at\u00e9 chegar ao conselho diretor, onde foi vice-presidente e presidente da Brasilprev.<\/p>\n<p style=\"text-align: justify;\">Fonte: https:\/\/valor.globo.com\/<\/p>\n","protected":false},"excerpt":{"rendered":"<p>Malieni passou mal na manh\u00e3 desta sexta (7) e foi encaminhado para o hospital, onde morreu no final do dia; segundo colegas do banco, ele teve um problema card\u00edaco. O vice-presidente de neg\u00f3cios de atacado do Banco do Brasil, Walter Malieni Junior, morreu nesta sexta-feira (7) aos 50 anos em S\u00e3o Paulo. Malieni passou mal [&hellip;]<\/p>\n","protected":false},"author":1,"featured_media":32238,"comment_status":"closed","ping_status":"open","sticky":false,"template":"","format":"standard","meta":{"footnotes":""},"categories":[178,110],"tags":[],"class_list":["post-32237","post","type-post","status-publish","format-standard","has-post-thumbnail","hentry","category-notadefalecimento","category-noticiasdestaque"],"_links":{"self":[{"href":"https:\/\/jorgezanoni.com.br\/2019\/wp-json\/wp\/v2\/posts\/32237","targetHints":{"allow":["GET"]}}],"collection":[{"href":"https:\/\/jorgezanoni.com.br\/2019\/wp-json\/wp\/v2\/posts"}],"about":[{"href":"https:\/\/jorgezanoni.com.br\/2019\/wp-json\/wp\/v2\/types\/post"}],"author":[{"embeddable":true,"href":"https:\/\/jorgezanoni.com.br\/2019\/wp-json\/wp\/v2\/users\/1"}],"replies":[{"embeddable":true,"href":"https:\/\/jorgezanoni.com.br\/2019\/wp-json\/wp\/v2\/comments?post=32237"}],"version-history":[{"count":0,"href":"https:\/\/jorgezanoni.com.br\/2019\/wp-json\/wp\/v2\/posts\/32237\/revisions"}],"wp:featuredmedia":[{"embeddable":true,"href":"https:\/\/jorgezanoni.com.br\/2019\/wp-json\/wp\/v2\/media\/32238"}],"wp:attachment":[{"href":"https:\/\/jorgezanoni.com.br\/2019\/wp-json\/wp\/v2\/media?parent=32237"}],"wp:term":[{"taxonomy":"category","embeddable":true,"href":"https:\/\/jorgezanoni.com.br\/2019\/wp-json\/wp\/v2\/categories?post=32237"},{"taxonomy":"post_tag","embeddable":true,"href":"https:\/\/jorgezanoni.com.br\/2019\/wp-json\/wp\/v2\/tags?post=32237"}],"curies":[{"name":"wp","href":"https:\/\/api.w.org\/{rel}","templated":true}]}}