{"id":32219,"date":"2020-08-07T01:31:06","date_gmt":"2020-08-07T01:31:06","guid":{"rendered":"https:\/\/jorgezanoni.com.br\/2019\/?p=32219"},"modified":"2020-08-07T01:31:06","modified_gmt":"2020-08-07T01:31:06","slug":"dracena-registra-mais-um-obito-por-covid-19-nesta-quinta-feira","status":"publish","type":"post","link":"https:\/\/jorgezanoni.com.br\/2019\/dracena-registra-mais-um-obito-por-covid-19-nesta-quinta-feira\/","title":{"rendered":"Dracena registra mais um \u00f3bito por COVID-19 nesta quinta-feira"},"content":{"rendered":"<p style=\"text-align: justify;\"><strong>Foi registrado mais um \u00f3bito por COVID-19 na Santa Casa de Dracena.<\/strong><\/p>\n<p style=\"text-align: justify;\">Uma idosa de 88 anos testou positivo, ela havia sido internada no dia 16 de julho e na noite de hoje (6) \u00e0s 19:20 Horas, n\u00e3o resistiu e faleceu.<\/p>\n<div class=\"\" style=\"text-align: justify;\" data-block=\"true\" data-editor=\"f081j\" data-offset-key=\"hiaj-0-0\"><\/div>\n<div class=\"\" style=\"text-align: justify;\" data-block=\"true\" data-editor=\"f081j\" data-offset-key=\"s653-0-0\">\n<div class=\"_1mf _1mj\" data-offset-key=\"s653-0-0\">Esta \u00e9 a 7\u00aa morte de morador de Dracena e a 12\u00aa v\u00edtima que perde a vida na Santa Casa.<\/div>\n<\/div>\n<div style=\"text-align: justify;\" data-offset-key=\"s653-0-0\"><\/div>\n<div style=\"text-align: justify;\" data-offset-key=\"s653-0-0\">Fonte: Santa Casa de Dracena.<\/div>\n","protected":false},"excerpt":{"rendered":"<p>Foi registrado mais um \u00f3bito por COVID-19 na Santa Casa de Dracena. Uma idosa de 88 anos testou positivo, ela havia sido internada no dia 16 de julho e na noite de hoje (6) \u00e0s 19:20 Horas, n\u00e3o resistiu e faleceu. Esta \u00e9 a 7\u00aa morte de morador de Dracena e a 12\u00aa v\u00edtima que [&hellip;]<\/p>\n","protected":false},"author":1,"featured_media":32220,"comment_status":"closed","ping_status":"open","sticky":false,"template":"","format":"standard","meta":{"footnotes":""},"categories":[178,110],"tags":[],"class_list":["post-32219","post","type-post","status-publish","format-standard","has-post-thumbnail","hentry","category-notadefalecimento","category-noticiasdestaque"],"_links":{"self":[{"href":"https:\/\/jorgezanoni.com.br\/2019\/wp-json\/wp\/v2\/posts\/32219","targetHints":{"allow":["GET"]}}],"collection":[{"href":"https:\/\/jorgezanoni.com.br\/2019\/wp-json\/wp\/v2\/posts"}],"about":[{"href":"https:\/\/jorgezanoni.com.br\/2019\/wp-json\/wp\/v2\/types\/post"}],"author":[{"embeddable":true,"href":"https:\/\/jorgezanoni.com.br\/2019\/wp-json\/wp\/v2\/users\/1"}],"replies":[{"embeddable":true,"href":"https:\/\/jorgezanoni.com.br\/2019\/wp-json\/wp\/v2\/comments?post=32219"}],"version-history":[{"count":0,"href":"https:\/\/jorgezanoni.com.br\/2019\/wp-json\/wp\/v2\/posts\/32219\/revisions"}],"wp:featuredmedia":[{"embeddable":true,"href":"https:\/\/jorgezanoni.com.br\/2019\/wp-json\/wp\/v2\/media\/32220"}],"wp:attachment":[{"href":"https:\/\/jorgezanoni.com.br\/2019\/wp-json\/wp\/v2\/media?parent=32219"}],"wp:term":[{"taxonomy":"category","embeddable":true,"href":"https:\/\/jorgezanoni.com.br\/2019\/wp-json\/wp\/v2\/categories?post=32219"},{"taxonomy":"post_tag","embeddable":true,"href":"https:\/\/jorgezanoni.com.br\/2019\/wp-json\/wp\/v2\/tags?post=32219"}],"curies":[{"name":"wp","href":"https:\/\/api.w.org\/{rel}","templated":true}]}}