{"id":32216,"date":"2020-08-07T01:07:27","date_gmt":"2020-08-07T01:07:27","guid":{"rendered":"https:\/\/jorgezanoni.com.br\/2019\/?p=32216"},"modified":"2020-08-07T01:07:27","modified_gmt":"2020-08-07T01:07:27","slug":"embarcacao-vira-e-rapaz-esta-desaparecido-no-rio-parana-em-panorama","status":"publish","type":"post","link":"https:\/\/jorgezanoni.com.br\/2019\/embarcacao-vira-e-rapaz-esta-desaparecido-no-rio-parana-em-panorama\/","title":{"rendered":"Embarca\u00e7\u00e3o vira e rapaz est\u00e1 desaparecido no rio Paran\u00e1 em Panorama"},"content":{"rendered":"<p style=\"text-align: justify;\">TRISTEZA EM PAULIC\u00c9IA<span class=\"_5mfr\"><span class=\"_6qdm\">\ud83d\udea8<\/span><\/span><\/p>\n<p style=\"text-align: justify;\">Est\u00e1 em andamento pelo Rio Paran\u00e1 uma ocorr\u00eancia de tombamento de embarca\u00e7\u00e3o. Est\u00e1 desaparecido Giovane Louren\u00e7o morador de Paulic\u00e9ia (foto). Fatalidade ocorreu agora h\u00e1 pouco na regi\u00e3o da Ilha do Bambu direcionada \u00e0 Panorama. V\u00edtima desaparecida, aguardando a chegada dos bombeiros.<\/p>\n<div id=\"fb-root\"><\/div>\n<p><script async=\"1\" defer=\"1\" crossorigin=\"anonymous\" src=\"https:\/\/connect.facebook.net\/en_US\/sdk.js#xfbml=1&amp;version=v8.0\" nonce=\"xdclpdsa\"><\/script><\/p>\n<div class=\"fb-video\" data-href=\"https:\/\/www.facebook.com\/panorama.noticia\/videos\/305516377436735\/\" data-width=\"696\">\n<blockquote cite=\"https:\/\/www.facebook.com\/panorama.noticia\/videos\/305516377436735\/\" class=\"fb-xfbml-parse-ignore\"><p><a href=\"https:\/\/www.facebook.com\/panorama.noticia\/videos\/305516377436735\/\"><\/a><\/p>\n<p>URGENTE EXCLUSIVO-  Ap\u00f3s tombamento de embarca\u00e7\u00e3o morador de Paulic\u00e9ia est\u00e1 desaparecido no Rio Paran\u00e1 em Panorama<\/p>\n<p>Posted by <a href=\"https:\/\/www.facebook.com\/panorama.noticia\/\">Panorama Not\u00edcia<\/a> on Thursday, August 6, 2020<\/p><\/blockquote>\n<\/div>\n<p>Fonte: Panorama Noticias<\/p>\n","protected":false},"excerpt":{"rendered":"<p>TRISTEZA EM PAULIC\u00c9IA\ud83d\udea8 Est\u00e1 em andamento pelo Rio Paran\u00e1 uma ocorr\u00eancia de tombamento de embarca\u00e7\u00e3o. Est\u00e1 desaparecido Giovane Louren\u00e7o morador de Paulic\u00e9ia (foto). Fatalidade ocorreu agora h\u00e1 pouco na regi\u00e3o da Ilha do Bambu direcionada \u00e0 Panorama. V\u00edtima desaparecida, aguardando a chegada dos bombeiros. URGENTE EXCLUSIVO- Ap\u00f3s tombamento de embarca\u00e7\u00e3o morador de Paulic\u00e9ia est\u00e1 desaparecido [&hellip;]<\/p>\n","protected":false},"author":1,"featured_media":32217,"comment_status":"closed","ping_status":"open","sticky":false,"template":"","format":"video","meta":{"footnotes":""},"categories":[110,2,169],"tags":[],"class_list":["post-32216","post","type-post","status-publish","format-video","has-post-thumbnail","hentry","category-noticiasdestaque","category-policial","category-videos","post_format-post-format-video"],"_links":{"self":[{"href":"https:\/\/jorgezanoni.com.br\/2019\/wp-json\/wp\/v2\/posts\/32216","targetHints":{"allow":["GET"]}}],"collection":[{"href":"https:\/\/jorgezanoni.com.br\/2019\/wp-json\/wp\/v2\/posts"}],"about":[{"href":"https:\/\/jorgezanoni.com.br\/2019\/wp-json\/wp\/v2\/types\/post"}],"author":[{"embeddable":true,"href":"https:\/\/jorgezanoni.com.br\/2019\/wp-json\/wp\/v2\/users\/1"}],"replies":[{"embeddable":true,"href":"https:\/\/jorgezanoni.com.br\/2019\/wp-json\/wp\/v2\/comments?post=32216"}],"version-history":[{"count":0,"href":"https:\/\/jorgezanoni.com.br\/2019\/wp-json\/wp\/v2\/posts\/32216\/revisions"}],"wp:featuredmedia":[{"embeddable":true,"href":"https:\/\/jorgezanoni.com.br\/2019\/wp-json\/wp\/v2\/media\/32217"}],"wp:attachment":[{"href":"https:\/\/jorgezanoni.com.br\/2019\/wp-json\/wp\/v2\/media?parent=32216"}],"wp:term":[{"taxonomy":"category","embeddable":true,"href":"https:\/\/jorgezanoni.com.br\/2019\/wp-json\/wp\/v2\/categories?post=32216"},{"taxonomy":"post_tag","embeddable":true,"href":"https:\/\/jorgezanoni.com.br\/2019\/wp-json\/wp\/v2\/tags?post=32216"}],"curies":[{"name":"wp","href":"https:\/\/api.w.org\/{rel}","templated":true}]}}